{"id":18516,"date":"2025-03-29T20:00:00","date_gmt":"2025-03-29T19:00:00","guid":{"rendered":"https:\/\/www.11onze.cat\/?p=18516"},"modified":"2025-03-19T16:41:37","modified_gmt":"2025-03-19T15:41:37","slug":"obsolescencia-programada-motor-consumo","status":"publish","type":"post","link":"https:\/\/www.11onze.cat\/es\/magazine\/obsolescencia-programada-motor-consumo\/","title":{"rendered":"Obsolescencia programada, \u00bfmotor del consumo?"},"content":{"rendered":"<div class=\"component text\">\n  <div class=\"container\">\n\n\n    <div class=\"row\">\n      <div class=\"col  col-lg-8  offset-lg-2\">\n        <h3><b>La vida \u00fatil de los productos se acorta cada vez m\u00e1s y nos vemos obligados a reemplazarlos compulsivamente. Es lo que se conoce como obsolescencia programada. As\u00ed es como la econom\u00eda asegura crecer. \u00bfPero la muerte prematura de los productos es realmente el motor del mercado?<\/b><\/h3>\n<p>&nbsp;<\/p>\n<p><span style=\"font-weight: 400;\">Bienvenidos a Livermore, California. Aqu\u00ed es donde encontramos la bombilla m\u00e1s <\/span><a href=\"https:\/\/www.guinnessworldrecords.com\/world-records\/longest-burning-light-bulb\"><span style=\"font-weight: 400;\">longeva<\/span><\/a> <span style=\"font-weight: 400;\">del mundo, ubicada en el parque de bomberos del municipio. Fue fabricada en Shelby, Ohio, hacia 1895, y su filamento es un invento de Adolphe Chaillet <\/span><b>creado expresamente para durar<\/b><span style=\"font-weight: 400;\">.<\/span><\/p>\n<p><b>La imagen de la bombilla puede verse por internet 24 horas al d\u00eda <\/b><span style=\"font-weight: 400;\">y, de momento, ya ha durado m\u00e1s que tres webcams. Unos a\u00f1os atr\u00e1s, en 1871, el inventor de la bombilla Thomas A. Edison hab\u00eda logrado producir una peque\u00f1a bombilla de una resistencia comparativamente enorme, con la que en 1881 consegu\u00eda una duraci\u00f3n de 1.500 horas.<\/span><\/p>\n<p><span style=\"font-weight: 400;\">Unos a\u00f1os m\u00e1s tarde, en 1924, un grupo de hombres se reunieron en Ginebra con un plan secreto: <\/span><b>crear el primer c\u00e1rtel para controlar la producci\u00f3n de bombillas mundial y repartirse sus beneficios<\/b><span style=\"font-weight: 400;\">. El c\u00e1rtel se llam\u00f3 <\/span><a href=\"https:\/\/ca.wikipedia.org\/wiki\/C%C3%A0rtel_Phoebus\"><span style=\"font-weight: 400;\">Phoebus<\/span><\/a><span style=\"font-weight: 400;\"> y lo integraban los principales fabricantes de bombillas de Europa, Estados Unidos e, incluso, de las colonias de Asia y \u00c1frica. En ese momento, Phoebus anunci\u00f3 orgulloso una duraci\u00f3n de hasta 2.500 horas en sus bombillas.<\/span><\/p>\n<p><span style=\"font-weight: 400;\">Pese a los progresos de la ciencia, el hito de Phoebus se trunc\u00f3 al a\u00f1o siguiente por el \u201cComit\u00e9 de las 1.000 horas de vida\u201d, creado para <\/span><b>reducir t\u00e9cnicamente la vida \u00fatil de las bombillas<\/b><span style=\"font-weight: 400;\">. Phillips (Holanda), General Electric (USA), OSRAM (Alemania) o L\u00e1mparas Zeta (Espa\u00f1a), entre otros, formaban parte.<\/span><\/p>\n\n      <\/div>\n    <\/div>\n  <\/div>\n<\/div>\n\n\n<div class=\"component gallery\">\n  <div class=\"container\">\n    <div class=\"row\">\n      <div class=\"col col-lg-10 offset-lg-1\">\n        <div id=\"slider\" class=\"carousel slide\">\n          <div class=\"carousel-inner\">\n            <div class=\"carousel-item active video-player inline-player\" data-video-id=\"6252013717001\">\n              <img decoding=\"async\" class=\"d-block w-100\" src=\"https:\/\/www.11onze.cat\/wp-content\/uploads\/2021\/05\/THUMBNAIL_TOPIC2_MIRIAM.jpg\" alt=\"\">\n              <button type=\"button\" class=\"play\"><\/button>\n              <div class=\"carousel-caption\">\n                <p>La obsolescencia programada.<\/p>\n              <\/div>\n            <\/div>\n          <\/div>\n        <\/div>\n      <\/div>\n    <\/div>\n  <\/div>\n<\/div>\n\n<div class=\"component text\">\n  <div class=\"container\">\n\n\n    <div class=\"row\">\n      <div class=\"col  col-lg-8  offset-lg-2\">\n        <h3><b>\u00bfPor qu\u00e9 se acorta la vida de los productos?<\/b><\/h3>\n<p><span style=\"font-weight: 400;\">La <\/span><a href=\"https:\/\/www.enciclopedia.cat\/gran-enciclopedia-catalana\/obsolescencia\"><span style=\"font-weight: 400;\">obsolescencia<\/span><\/a><span style=\"font-weight: 400;\"> es la depreciaci\u00f3n de los bienes de equipo a consecuencia del progreso t\u00e9cnico. Siguiendo esta idea, la obsolescencia planificada o programada es la pr\u00e1ctica por lo menos reprobable de empresas y fabricantes <\/span><b>para ofrecer unos productos con unas prestaciones y cualidades inferiores a la tecnolog\u00eda de que se dispone<\/b><span style=\"font-weight: 400;\">. El objetivo es que estos objetos dejen de funcionar despu\u00e9s de un tiempo determinado y que el consumidor se vea obligado a reemplazarlos.<\/span><\/p>\n<p><span style=\"font-weight: 400;\">La raz\u00f3n principal por la que las empresas dise\u00f1an productos teniendo en cuenta la obsolescencia programada tiene que ver, evidentemente, con el argumento de que incrementan las ventas. En un art\u00edculo en el <\/span><a href=\"https:\/\/books.google.es\/books?hl=ca&amp;id=pYkgAQAAIAAJ&amp;dq=Printers+Ink%3A+1928+%3A+Obsolescens&amp;focus=searchwithinvolume&amp;q=Printers+Ink%3A+1928+%3A+Obsolescens\"><span style=\"font-weight: 400;\">Printers Ink<\/span><\/a><span style=\"font-weight: 400;\">, un manual de publicidad de 1928, ya se argumentaba como \u201c<\/span><b>un art\u00edculo que no se estropea es una tragedia para los negocios<\/b><span style=\"font-weight: 400;\">\u201d. Por tanto, la principal causa del aumento de la obsolescencia programada ha sido, en definitiva, el mismo sistema econ\u00f3mico que rige nuestras sociedades. Un sistema econ\u00f3mico basado en la econom\u00eda del crecimiento, en el que l<\/span><b>a l\u00f3gica no es crecer para satisfacer las necesidades, sino para aumentar beneficios<\/b><span style=\"font-weight: 400;\">.<\/span><\/p>\n<p><span style=\"font-weight: 400;\">En resumen, los empresarios dir\u00e1n: un sistema econ\u00f3mico basado en el crecimiento, por supuesto, no tiene futuro sin crecimiento; y, por tanto, si el consumidor no compra, la econom\u00eda no crece. El dise\u00f1ador industrial Brooks Stevens, a menudo citado como el inventor de la obsolescencia programada, la defini\u00f3 como \u201c<\/span><b>la necesidad de poseer algo m\u00e1s nuevo, algo mejor, algo antes de lo necesario<\/b><span style=\"font-weight: 400;\">\u201d, aunque su idea era hacer que el consumidor deseara siempre algo nuevo, en lugar de crear productos de baja calidad que fuera necesario.<\/span><\/p>\n<h3><\/h3>\n<h3><b>\u00bfEs viable una econom\u00eda sin obsolescencia programada?<\/b><\/h3>\n<p><span style=\"font-weight: 400;\">Posiblemente, existe una alternativa a la obsolescencia programada, pero s\u00f3lo si se cuenta con el apoyo de la administraci\u00f3n y el tejido empresarial. En nuestro pa\u00eds ya existen diversas iniciativas que buscan reducir el impacto de la obsolescencia programada. Es el caso de la asociaci\u00f3n catalana <\/span><a href=\"http:\/\/www.millorquenou.cat\/cat\/reparat\"><b>Millor Que Nou<\/b><\/a><span style=\"font-weight: 400;\">, que promueve la reparaci\u00f3n de aparatos y el intercambio como alternativa para generar un mayor n\u00famero de desechos tecnol\u00f3gicos.<\/span><\/p>\n<p><span style=\"font-weight: 400;\">Por otra parte, la Fundaci\u00f3n Energ\u00eda e Innovaci\u00f3n Sostenible (<\/span><a href=\"https:\/\/feniss.org\/\"><span style=\"font-weight: 400;\">Feniss<\/span><\/a><span style=\"font-weight: 400;\">) concluy\u00f3 que una familia de<\/span><b> cuatro miembros podr\u00eda ahorrar 50.000 euros <\/b><span style=\"font-weight: 400;\">a lo largo de toda la vida si los electrodom\u00e9sticos duraran m\u00e1s o fueran dise\u00f1ados para ser reparados. Los expertos explican que poner etiquetas sobre la durabilidad de los productos podr\u00eda ayudar al consumidor a tomar decisiones de compra.<\/span><\/p>\n<p><b>La Uni\u00f3n Europea tambi\u00e9n ha tomado parte y apuesta por modelos de econom\u00eda circular<\/b><span style=\"font-weight: 400;\">. Las marcas de tecnolog\u00eda deben permitir que se puedan retirar las piezas de sus productos para ser reemplazadas. Tambi\u00e9n se plantea crear un sello para productos f\u00e1ciles de reparar, una de las propuestas de la llamada Ley por el derecho a reparar, cuyo objetivo es aumentar la vida \u00fatil de los dispositivos electr\u00f3nicos para conseguir un menor impacto medioambiental y acabar, as\u00ed, con la obsolescencia programada.<\/span><\/p>\n<p>&nbsp;<\/p>\n<p><b>11Onze es la fintech comunitaria de Catalu\u00f1a. Abre una cuenta descargando la app El Canut para <\/b><a href=\"https:\/\/play.google.com\/store\/apps\/details?id=com.e11onze.app&amp;utm_source=emailing&amp;utm_campaign=CANUT+launch\"><b>Android<\/b><\/a><b> o <\/b><a href=\"https:\/\/apps.apple.com\/us\/app\/11onze\/id1566129237?utm_campaign=El+Canut\"><b>iOS<\/b><\/a><b>. \u00a1\u00danete a la revoluci\u00f3n!<\/b><\/p>\n\n      <\/div>\n    <\/div>\n  <\/div>\n<\/div>\n\n\n<div class=\"component cards\">\n  <div class=\"container\">\n    <div class=\"row\">\n      <div class=\"col col-xl-8 offset-xl-2\">\n        <h1>Si te ha gustado aqueste art\u00edculo, te recomendamos:<\/h1>\n        <div class=\"cards__wrapper\">\n          <div class=\"card\">\n            <a href=\"\" class=\"card-link\" target=\"_self\"><\/a>\n            <div class=\"card-img\">\n              <img decoding=\"async\" src=\"https:\/\/www.11onze.cat\/wp-content\/uploads\/2021\/04\/THUMBNAIL_POST_36-1.jpg\" class=\"card-img-top\" alt=\"\">\n                <span class=\"card-category\">Tecnolog\u00eda<\/span>\n            <\/div>\n            <div class=\"card-body\">\n              <p class=\"card-title p2\"><strong>Derecho a reparar: gran triunfo para el consumidor<\/strong><\/p>\n              <span class=\"card-time\">5min lectura<\/span>\n              <p class=\"card-text small\">La legislaci\u00f3n de la UE obliga a las empresas a&#8230;<\/p>\n            <\/div>\n          <\/div>\n\n\n          <div class=\"card\">\n            <a href=\"https:\/\/www.11onze.cat\/es\/magazine\/trucos-obras-casa-hazlo-tu-mismo\/\" class=\"card-link\" target=\"_self\"><\/a>\n            <div class=\"card-img\">\n              <img decoding=\"async\" src=\"https:\/\/www.11onze.cat\/wp-content\/uploads\/2021\/05\/THUMBNAIL_POST_OBRES_CASA-768x488.jpg\" class=\"card-img-top\" alt=\"\">\n                <span class=\"card-category\">Tecnolog\u00eda<\/span>\n            <\/div>\n            <div class=\"card-body\">\n              <p class=\"card-title p2\"><strong>Obres a casa: trucos para hacerlo t\u00fa mismo<\/strong><\/p>\n              <span class=\"card-time\">5min lectura<\/span>\n              <p class=\"card-text small\">Sea por afici\u00f3n o para intentar ahorrar un dinero, cada&#8230;<\/p>\n            <\/div>\n          <\/div>\n\n\n          <div class=\"card\">\n            <a href=\"https:\/\/www.11onze.cat\/es\/magazine\/economia-sostenible\/\" class=\"card-link\" target=\"_self\"><\/a>\n            <div class=\"card-img\">\n              <img decoding=\"async\" src=\"https:\/\/www.11onze.cat\/wp-content\/uploads\/2021\/04\/THUMBNAIL_POST_21.jpg\" class=\"card-img-top\" alt=\"\">\n                <span class=\"card-category\">Tecnolog\u00eda<\/span>\n            <\/div>\n            <div class=\"card-body\">\n              <p class=\"card-title p2\"><strong>Econom\u00eda sostenible, \u00bfqu\u00e9 es?<\/strong><\/p>\n              <span class=\"card-time\">5min lectura<\/span>\n              <p class=\"card-text small\">La econom\u00eda sostenible busca aumentar el bienestar&#8230;<\/p>\n            <\/div>\n          <\/div>\n\n              <\/div>\n              <br>\n              <br>\n              <div class=\"cards__wrapper\">\n\n        <\/div>\n      <\/div>\n    <\/div>\n  <\/div>\n<\/div>","protected":false},"excerpt":{"rendered":"","protected":false},"author":71,"featured_media":18511,"comment_status":"open","ping_status":"closed","sticky":false,"template":"","format":"standard","meta":{"_acf_changed":true,"content-type":"","footnotes":""},"categories":[28],"tags":[177],"class_list":["post-18516","post","type-post","status-publish","format-standard","has-post-thumbnail","hentry","category-sin-categorizar","tag-tecnologia-es"],"acf":[],"yoast_head":"<!-- This site is optimized with the Yoast SEO plugin v27.5 - https:\/\/yoast.com\/product\/yoast-seo-wordpress\/ -->\n<title>Obsolescencia programada, motor del consumo - 11Onze<\/title>\n<meta name=\"description\" content=\"La vida \u00fatil de los productos se acorta cada vez m\u00e1s y nos obligan a reemplazarlos. Pero la obsolescencia es el \u00fanico motor del mercado?\" \/>\n<meta name=\"robots\" content=\"index, follow, max-snippet:-1, max-image-preview:large, max-video-preview:-1\" \/>\n<link rel=\"canonical\" href=\"https:\/\/www.11onze.cat\/es\/magazine\/obsolescencia-programada-motor-consumo\/\" \/>\n<meta property=\"og:locale\" content=\"es_ES\" \/>\n<meta property=\"og:type\" content=\"article\" \/>\n<meta property=\"og:title\" content=\"Obsolescencia programada, motor del consumo - 11Onze\" \/>\n<meta property=\"og:description\" content=\"La vida \u00fatil de los productos se acorta cada vez m\u00e1s y nos obligan a reemplazarlos. Pero la obsolescencia es el \u00fanico motor del mercado?\" \/>\n<meta property=\"og:url\" content=\"https:\/\/www.11onze.cat\/es\/magazine\/obsolescencia-programada-motor-consumo\/\" \/>\n<meta property=\"og:site_name\" content=\"11Onze\" \/>\n<meta property=\"article:publisher\" content=\"https:\/\/www.facebook.com\/11OnzeComunitat\" \/>\n<meta property=\"article:published_time\" content=\"2025-03-29T19:00:00+00:00\" \/>\n<meta property=\"og:image\" content=\"https:\/\/www.11onze.cat\/wp-content\/uploads\/2021\/10\/11ONZE_OBSOLESCENCIA_PROGRAMADA_DOMESTICA.jpg\" \/>\n\t<meta property=\"og:image:width\" content=\"1200\" \/>\n\t<meta property=\"og:image:height\" content=\"675\" \/>\n\t<meta property=\"og:image:type\" content=\"image\/jpeg\" \/>\n<meta name=\"author\" content=\"Equip Editorial\" \/>\n<meta name=\"twitter:card\" content=\"summary_large_image\" \/>\n<meta name=\"twitter:title\" content=\"Obsolescencia programada, motor del consumo - 11Onze\" \/>\n<meta name=\"twitter:description\" content=\"La vida \u00fatil de los productos se acorta cada vez m\u00e1s y nos obligan a reemplazarlos. Pero la obsolescencia es el \u00fanico motor del mercado?\" \/>\n<meta name=\"twitter:image\" content=\"https:\/\/www.11onze.cat\/wp-content\/uploads\/2021\/10\/11ONZE_OBSOLESCENCIA_PROGRAMADA_DOMESTICA.jpg\" \/>\n<meta name=\"twitter:creator\" content=\"@11OnzeFintech\" \/>\n<meta name=\"twitter:site\" content=\"@11OnzeFintech\" \/>\n<meta name=\"twitter:label1\" content=\"Escrito por\" \/>\n\t<meta name=\"twitter:data1\" content=\"Equip Editorial\" \/>\n\t<meta name=\"twitter:label2\" content=\"Tiempo de lectura\" \/>\n\t<meta name=\"twitter:data2\" content=\"1 minuto\" \/>\n<script type=\"application\/ld+json\" class=\"yoast-schema-graph\">{\"@context\":\"https:\\\/\\\/schema.org\",\"@graph\":[{\"@type\":\"Article\",\"@id\":\"https:\\\/\\\/www.11onze.cat\\\/es\\\/magazine\\\/obsolescencia-programada-motor-consumo\\\/#article\",\"isPartOf\":{\"@id\":\"https:\\\/\\\/www.11onze.cat\\\/es\\\/magazine\\\/obsolescencia-programada-motor-consumo\\\/\"},\"author\":{\"name\":\"Equip Editorial\",\"@id\":\"https:\\\/\\\/www.11onze.cat\\\/es\\\/#\\\/schema\\\/person\\\/636d99b4c82bb7178687ecd43c3a61bd\"},\"headline\":\"Obsolescencia programada, \u00bfmotor del consumo?\",\"datePublished\":\"2025-03-29T19:00:00+00:00\",\"mainEntityOfPage\":{\"@id\":\"https:\\\/\\\/www.11onze.cat\\\/es\\\/magazine\\\/obsolescencia-programada-motor-consumo\\\/\"},\"wordCount\":5,\"commentCount\":0,\"publisher\":{\"@id\":\"https:\\\/\\\/www.11onze.cat\\\/es\\\/#organization\"},\"image\":{\"@id\":\"https:\\\/\\\/www.11onze.cat\\\/es\\\/magazine\\\/obsolescencia-programada-motor-consumo\\\/#primaryimage\"},\"thumbnailUrl\":\"https:\\\/\\\/www.11onze.cat\\\/wp-content\\\/uploads\\\/2021\\\/10\\\/THUMBNAIL_OBSOLESCENCIA_PROGRAMADA_DOMESTICA.jpg\",\"keywords\":[\"Tecnolog\u00eda\"],\"articleSection\":[\"Sin categorizar\"],\"inLanguage\":\"es\",\"potentialAction\":[{\"@type\":\"CommentAction\",\"name\":\"Comment\",\"target\":[\"https:\\\/\\\/www.11onze.cat\\\/es\\\/magazine\\\/obsolescencia-programada-motor-consumo\\\/#respond\"]}]},{\"@type\":\"WebPage\",\"@id\":\"https:\\\/\\\/www.11onze.cat\\\/es\\\/magazine\\\/obsolescencia-programada-motor-consumo\\\/\",\"url\":\"https:\\\/\\\/www.11onze.cat\\\/es\\\/magazine\\\/obsolescencia-programada-motor-consumo\\\/\",\"name\":\"Obsolescencia programada, motor del consumo - 11Onze\",\"isPartOf\":{\"@id\":\"https:\\\/\\\/www.11onze.cat\\\/es\\\/#website\"},\"primaryImageOfPage\":{\"@id\":\"https:\\\/\\\/www.11onze.cat\\\/es\\\/magazine\\\/obsolescencia-programada-motor-consumo\\\/#primaryimage\"},\"image\":{\"@id\":\"https:\\\/\\\/www.11onze.cat\\\/es\\\/magazine\\\/obsolescencia-programada-motor-consumo\\\/#primaryimage\"},\"thumbnailUrl\":\"https:\\\/\\\/www.11onze.cat\\\/wp-content\\\/uploads\\\/2021\\\/10\\\/THUMBNAIL_OBSOLESCENCIA_PROGRAMADA_DOMESTICA.jpg\",\"datePublished\":\"2025-03-29T19:00:00+00:00\",\"description\":\"La vida \u00fatil de los productos se acorta cada vez m\u00e1s y nos obligan a reemplazarlos. Pero la obsolescencia es el \u00fanico motor del mercado?\",\"breadcrumb\":{\"@id\":\"https:\\\/\\\/www.11onze.cat\\\/es\\\/magazine\\\/obsolescencia-programada-motor-consumo\\\/#breadcrumb\"},\"inLanguage\":\"es\",\"potentialAction\":[{\"@type\":\"ReadAction\",\"target\":[\"https:\\\/\\\/www.11onze.cat\\\/es\\\/magazine\\\/obsolescencia-programada-motor-consumo\\\/\"]}]},{\"@type\":\"ImageObject\",\"inLanguage\":\"es\",\"@id\":\"https:\\\/\\\/www.11onze.cat\\\/es\\\/magazine\\\/obsolescencia-programada-motor-consumo\\\/#primaryimage\",\"url\":\"https:\\\/\\\/www.11onze.cat\\\/wp-content\\\/uploads\\\/2021\\\/10\\\/THUMBNAIL_OBSOLESCENCIA_PROGRAMADA_DOMESTICA.jpg\",\"contentUrl\":\"https:\\\/\\\/www.11onze.cat\\\/wp-content\\\/uploads\\\/2021\\\/10\\\/THUMBNAIL_OBSOLESCENCIA_PROGRAMADA_DOMESTICA.jpg\",\"width\":1500,\"height\":1125,\"caption\":\"Heap of different Mobile Phone.\"},{\"@type\":\"BreadcrumbList\",\"@id\":\"https:\\\/\\\/www.11onze.cat\\\/es\\\/magazine\\\/obsolescencia-programada-motor-consumo\\\/#breadcrumb\",\"itemListElement\":[{\"@type\":\"ListItem\",\"position\":1,\"name\":\"Home\",\"item\":\"https:\\\/\\\/www.11onze.cat\\\/es\\\/\"},{\"@type\":\"ListItem\",\"position\":2,\"name\":\"Obsolescencia programada, \u00bfmotor del consumo?\"}]},{\"@type\":\"WebSite\",\"@id\":\"https:\\\/\\\/www.11onze.cat\\\/es\\\/#website\",\"url\":\"https:\\\/\\\/www.11onze.cat\\\/es\\\/\",\"name\":\"11Onze\",\"description\":\"Primera comunidad fintech digital en Catalu\u00f1a\",\"publisher\":{\"@id\":\"https:\\\/\\\/www.11onze.cat\\\/es\\\/#organization\"},\"potentialAction\":[{\"@type\":\"SearchAction\",\"target\":{\"@type\":\"EntryPoint\",\"urlTemplate\":\"https:\\\/\\\/www.11onze.cat\\\/es\\\/?s={search_term_string}\"},\"query-input\":{\"@type\":\"PropertyValueSpecification\",\"valueRequired\":true,\"valueName\":\"search_term_string\"}}],\"inLanguage\":\"es\"},{\"@type\":\"Organization\",\"@id\":\"https:\\\/\\\/www.11onze.cat\\\/es\\\/#organization\",\"name\":\"11Onze\",\"url\":\"https:\\\/\\\/www.11onze.cat\\\/es\\\/\",\"logo\":{\"@type\":\"ImageObject\",\"inLanguage\":\"es\",\"@id\":\"https:\\\/\\\/www.11onze.cat\\\/es\\\/#\\\/schema\\\/logo\\\/image\\\/\",\"url\":\"https:\\\/\\\/www.11onze.cat\\\/wp-content\\\/uploads\\\/2021\\\/04\\\/512x512-11Onze.jpg\",\"contentUrl\":\"https:\\\/\\\/www.11onze.cat\\\/wp-content\\\/uploads\\\/2021\\\/04\\\/512x512-11Onze.jpg\",\"width\":512,\"height\":512,\"caption\":\"11Onze\"},\"image\":{\"@id\":\"https:\\\/\\\/www.11onze.cat\\\/es\\\/#\\\/schema\\\/logo\\\/image\\\/\"},\"sameAs\":[\"https:\\\/\\\/www.facebook.com\\\/11OnzeComunitat\",\"https:\\\/\\\/x.com\\\/11OnzeFintech\",\"https:\\\/\\\/www.instagram.com\\\/11onzecat\\\/\",\"https:\\\/\\\/www.linkedin.com\\\/company\\\/11onzebanc\",\"https:\\\/\\\/www.youtube.com\\\/channel\\\/UCz63R8Byd_kBKtK2M4Qf_7w\"]},{\"@type\":\"Person\",\"@id\":\"https:\\\/\\\/www.11onze.cat\\\/es\\\/#\\\/schema\\\/person\\\/636d99b4c82bb7178687ecd43c3a61bd\",\"name\":\"Equip Editorial\",\"image\":{\"@type\":\"ImageObject\",\"inLanguage\":\"es\",\"@id\":\"https:\\\/\\\/www.11onze.cat\\\/wp-content\\\/uploads\\\/2022\\\/05\\\/HEADER_AGENTS_DECK-300x300.jpg\",\"url\":\"https:\\\/\\\/www.11onze.cat\\\/wp-content\\\/uploads\\\/2022\\\/05\\\/HEADER_AGENTS_DECK-300x300.jpg\",\"contentUrl\":\"https:\\\/\\\/www.11onze.cat\\\/wp-content\\\/uploads\\\/2022\\\/05\\\/HEADER_AGENTS_DECK-300x300.jpg\",\"caption\":\"Equip Editorial\"},\"url\":\"https:\\\/\\\/www.11onze.cat\\\/es\\\/magazine\\\/author\\\/equip-editorial-11onze\\\/\"}]}<\/script>\n<!-- \/ Yoast SEO plugin. -->","yoast_head_json":{"title":"Obsolescencia programada, motor del consumo - 11Onze","description":"La vida \u00fatil de los productos se acorta cada vez m\u00e1s y nos obligan a reemplazarlos. Pero la obsolescencia es el \u00fanico motor del mercado?","robots":{"index":"index","follow":"follow","max-snippet":"max-snippet:-1","max-image-preview":"max-image-preview:large","max-video-preview":"max-video-preview:-1"},"canonical":"https:\/\/www.11onze.cat\/es\/magazine\/obsolescencia-programada-motor-consumo\/","og_locale":"es_ES","og_type":"article","og_title":"Obsolescencia programada, motor del consumo - 11Onze","og_description":"La vida \u00fatil de los productos se acorta cada vez m\u00e1s y nos obligan a reemplazarlos. Pero la obsolescencia es el \u00fanico motor del mercado?","og_url":"https:\/\/www.11onze.cat\/es\/magazine\/obsolescencia-programada-motor-consumo\/","og_site_name":"11Onze","article_publisher":"https:\/\/www.facebook.com\/11OnzeComunitat","article_published_time":"2025-03-29T19:00:00+00:00","og_image":[{"width":1200,"height":675,"url":"https:\/\/www.11onze.cat\/wp-content\/uploads\/2021\/10\/11ONZE_OBSOLESCENCIA_PROGRAMADA_DOMESTICA.jpg","type":"image\/jpeg"}],"author":"Equip Editorial","twitter_card":"summary_large_image","twitter_title":"Obsolescencia programada, motor del consumo - 11Onze","twitter_description":"La vida \u00fatil de los productos se acorta cada vez m\u00e1s y nos obligan a reemplazarlos. Pero la obsolescencia es el \u00fanico motor del mercado?","twitter_image":"https:\/\/www.11onze.cat\/wp-content\/uploads\/2021\/10\/11ONZE_OBSOLESCENCIA_PROGRAMADA_DOMESTICA.jpg","twitter_creator":"@11OnzeFintech","twitter_site":"@11OnzeFintech","twitter_misc":{"Escrito por":"Equip Editorial","Tiempo de lectura":"1 minuto"},"schema":{"@context":"https:\/\/schema.org","@graph":[{"@type":"Article","@id":"https:\/\/www.11onze.cat\/es\/magazine\/obsolescencia-programada-motor-consumo\/#article","isPartOf":{"@id":"https:\/\/www.11onze.cat\/es\/magazine\/obsolescencia-programada-motor-consumo\/"},"author":{"name":"Equip Editorial","@id":"https:\/\/www.11onze.cat\/es\/#\/schema\/person\/636d99b4c82bb7178687ecd43c3a61bd"},"headline":"Obsolescencia programada, \u00bfmotor del consumo?","datePublished":"2025-03-29T19:00:00+00:00","mainEntityOfPage":{"@id":"https:\/\/www.11onze.cat\/es\/magazine\/obsolescencia-programada-motor-consumo\/"},"wordCount":5,"commentCount":0,"publisher":{"@id":"https:\/\/www.11onze.cat\/es\/#organization"},"image":{"@id":"https:\/\/www.11onze.cat\/es\/magazine\/obsolescencia-programada-motor-consumo\/#primaryimage"},"thumbnailUrl":"https:\/\/www.11onze.cat\/wp-content\/uploads\/2021\/10\/THUMBNAIL_OBSOLESCENCIA_PROGRAMADA_DOMESTICA.jpg","keywords":["Tecnolog\u00eda"],"articleSection":["Sin categorizar"],"inLanguage":"es","potentialAction":[{"@type":"CommentAction","name":"Comment","target":["https:\/\/www.11onze.cat\/es\/magazine\/obsolescencia-programada-motor-consumo\/#respond"]}]},{"@type":"WebPage","@id":"https:\/\/www.11onze.cat\/es\/magazine\/obsolescencia-programada-motor-consumo\/","url":"https:\/\/www.11onze.cat\/es\/magazine\/obsolescencia-programada-motor-consumo\/","name":"Obsolescencia programada, motor del consumo - 11Onze","isPartOf":{"@id":"https:\/\/www.11onze.cat\/es\/#website"},"primaryImageOfPage":{"@id":"https:\/\/www.11onze.cat\/es\/magazine\/obsolescencia-programada-motor-consumo\/#primaryimage"},"image":{"@id":"https:\/\/www.11onze.cat\/es\/magazine\/obsolescencia-programada-motor-consumo\/#primaryimage"},"thumbnailUrl":"https:\/\/www.11onze.cat\/wp-content\/uploads\/2021\/10\/THUMBNAIL_OBSOLESCENCIA_PROGRAMADA_DOMESTICA.jpg","datePublished":"2025-03-29T19:00:00+00:00","description":"La vida \u00fatil de los productos se acorta cada vez m\u00e1s y nos obligan a reemplazarlos. Pero la obsolescencia es el \u00fanico motor del mercado?","breadcrumb":{"@id":"https:\/\/www.11onze.cat\/es\/magazine\/obsolescencia-programada-motor-consumo\/#breadcrumb"},"inLanguage":"es","potentialAction":[{"@type":"ReadAction","target":["https:\/\/www.11onze.cat\/es\/magazine\/obsolescencia-programada-motor-consumo\/"]}]},{"@type":"ImageObject","inLanguage":"es","@id":"https:\/\/www.11onze.cat\/es\/magazine\/obsolescencia-programada-motor-consumo\/#primaryimage","url":"https:\/\/www.11onze.cat\/wp-content\/uploads\/2021\/10\/THUMBNAIL_OBSOLESCENCIA_PROGRAMADA_DOMESTICA.jpg","contentUrl":"https:\/\/www.11onze.cat\/wp-content\/uploads\/2021\/10\/THUMBNAIL_OBSOLESCENCIA_PROGRAMADA_DOMESTICA.jpg","width":1500,"height":1125,"caption":"Heap of different Mobile Phone."},{"@type":"BreadcrumbList","@id":"https:\/\/www.11onze.cat\/es\/magazine\/obsolescencia-programada-motor-consumo\/#breadcrumb","itemListElement":[{"@type":"ListItem","position":1,"name":"Home","item":"https:\/\/www.11onze.cat\/es\/"},{"@type":"ListItem","position":2,"name":"Obsolescencia programada, \u00bfmotor del consumo?"}]},{"@type":"WebSite","@id":"https:\/\/www.11onze.cat\/es\/#website","url":"https:\/\/www.11onze.cat\/es\/","name":"11Onze","description":"Primera comunidad fintech digital en Catalu\u00f1a","publisher":{"@id":"https:\/\/www.11onze.cat\/es\/#organization"},"potentialAction":[{"@type":"SearchAction","target":{"@type":"EntryPoint","urlTemplate":"https:\/\/www.11onze.cat\/es\/?s={search_term_string}"},"query-input":{"@type":"PropertyValueSpecification","valueRequired":true,"valueName":"search_term_string"}}],"inLanguage":"es"},{"@type":"Organization","@id":"https:\/\/www.11onze.cat\/es\/#organization","name":"11Onze","url":"https:\/\/www.11onze.cat\/es\/","logo":{"@type":"ImageObject","inLanguage":"es","@id":"https:\/\/www.11onze.cat\/es\/#\/schema\/logo\/image\/","url":"https:\/\/www.11onze.cat\/wp-content\/uploads\/2021\/04\/512x512-11Onze.jpg","contentUrl":"https:\/\/www.11onze.cat\/wp-content\/uploads\/2021\/04\/512x512-11Onze.jpg","width":512,"height":512,"caption":"11Onze"},"image":{"@id":"https:\/\/www.11onze.cat\/es\/#\/schema\/logo\/image\/"},"sameAs":["https:\/\/www.facebook.com\/11OnzeComunitat","https:\/\/x.com\/11OnzeFintech","https:\/\/www.instagram.com\/11onzecat\/","https:\/\/www.linkedin.com\/company\/11onzebanc","https:\/\/www.youtube.com\/channel\/UCz63R8Byd_kBKtK2M4Qf_7w"]},{"@type":"Person","@id":"https:\/\/www.11onze.cat\/es\/#\/schema\/person\/636d99b4c82bb7178687ecd43c3a61bd","name":"Equip Editorial","image":{"@type":"ImageObject","inLanguage":"es","@id":"https:\/\/www.11onze.cat\/wp-content\/uploads\/2022\/05\/HEADER_AGENTS_DECK-300x300.jpg","url":"https:\/\/www.11onze.cat\/wp-content\/uploads\/2022\/05\/HEADER_AGENTS_DECK-300x300.jpg","contentUrl":"https:\/\/www.11onze.cat\/wp-content\/uploads\/2022\/05\/HEADER_AGENTS_DECK-300x300.jpg","caption":"Equip Editorial"},"url":"https:\/\/www.11onze.cat\/es\/magazine\/author\/equip-editorial-11onze\/"}]}},"_links":{"self":[{"href":"https:\/\/www.11onze.cat\/es\/wp-json\/wp\/v2\/posts\/18516","targetHints":{"allow":["GET"]}}],"collection":[{"href":"https:\/\/www.11onze.cat\/es\/wp-json\/wp\/v2\/posts"}],"about":[{"href":"https:\/\/www.11onze.cat\/es\/wp-json\/wp\/v2\/types\/post"}],"author":[{"embeddable":true,"href":"https:\/\/www.11onze.cat\/es\/wp-json\/wp\/v2\/users\/71"}],"replies":[{"embeddable":true,"href":"https:\/\/www.11onze.cat\/es\/wp-json\/wp\/v2\/comments?post=18516"}],"version-history":[{"count":0,"href":"https:\/\/www.11onze.cat\/es\/wp-json\/wp\/v2\/posts\/18516\/revisions"}],"wp:featuredmedia":[{"embeddable":true,"href":"https:\/\/www.11onze.cat\/es\/wp-json\/wp\/v2\/media\/18511"}],"wp:attachment":[{"href":"https:\/\/www.11onze.cat\/es\/wp-json\/wp\/v2\/media?parent=18516"}],"wp:term":[{"taxonomy":"category","embeddable":true,"href":"https:\/\/www.11onze.cat\/es\/wp-json\/wp\/v2\/categories?post=18516"},{"taxonomy":"post_tag","embeddable":true,"href":"https:\/\/www.11onze.cat\/es\/wp-json\/wp\/v2\/tags?post=18516"}],"curies":[{"name":"wp","href":"https:\/\/api.w.org\/{rel}","templated":true}]}}