{"id":17826,"date":"2021-10-02T21:00:00","date_gmt":"2021-10-02T19:00:00","guid":{"rendered":"https:\/\/www.11onze.cat\/?p=17826"},"modified":"2021-10-05T08:58:49","modified_gmt":"2021-10-05T06:58:49","slug":"vivir-pueblo-privilegio-toda-vida","status":"publish","type":"post","link":"https:\/\/www.11onze.cat\/es\/magazine\/vivir-pueblo-privilegio-toda-vida\/","title":{"rendered":"Vivir en un pueblo, un privilegio de toda la vida"},"content":{"rendered":"<div class=\"component text\">\n  <div class=\"container\">\n\n\n    <div class=\"row\">\n      <div class=\"col  col-lg-8  offset-lg-2\">\n        <h3><b>Durante la pandemia, muchas familias se han decidido a abandonar la ciudad por el campo. \u00bfPero, c\u00f3mo viven aquellos que hace a\u00f1os que habitan una mas\u00eda? Hablamos con Ramon Carrer y su madre, Ventura Vives. Para ellos, vivir en un pueblo es m\u00e1s que un privilegio.<\/b><\/h3>\n<p>&nbsp;<\/p>\n<p><span style=\"font-weight: 400;\">En los \u00faltimos meses, muchos han tomado la decisi\u00f3n de dar una segunda oportunidad a los entornos m\u00e1s despoblados, y prefieren tener cerca un r\u00edo que un cine. Pero hay un grupo de personas, sea por tradici\u00f3n familiar o porque forma parte de su manera de vivir, que no se han movido nunca de la mas\u00eda. Ramon Carrer, de 59 a\u00f1os, es una de esas personas. Vive en una casa solariega con su madre, Ventura Vives, de 93 a\u00f1os, y ambos nos explican que<\/span><b> la vida en el campo, para ellos, \u201cno es un obst\u00e1culo\u201d, sino todo lo contrario<\/b><span style=\"font-weight: 400;\">.<\/span><\/p>\n<p><span style=\"font-weight: 400;\">Nos citamos con ambos junto a una capilla del siglo XIII, la capilla de San Sebasti\u00e1n, en el municipio de \u00d2dena (L\u2019Anoia), y la sensaci\u00f3n que tenemos es la de viajar en el tiempo: <\/span><b>no se oye demasiado ruido, y tampoco hay gente con mascarilla dando tumbos apresurados arriba y abajo<\/b><span style=\"font-weight: 400;\">, como pasa en la ciudad. Est\u00e1 atardeciendo, se respira olor de vida, olor de naturaleza, y todo se da para que empecemos a charlar.<\/span><\/p>\n<p>&nbsp;<\/p>\n<blockquote><p><span style=\"font-weight: 400;\">\u2014\u00bfQu\u00e9 le parece que la gente joven quiera vivir en entornos rurales? \u2014nos atrevemos a preguntar.<\/span><\/p>\n<p><span style=\"font-weight: 400;\">\u2014Lo encuentro perfecto. Ha llegado un punto que <\/span><b>las personas se han dado cuenta que vivir en un piso es demasiado cerrado <\/b><span style=\"font-weight: 400;\">\u2014nos responde Ramon con su car\u00e1cter apacible.<\/span><\/p>\n<p><span style=\"font-weight: 400;\">\u2014Y la vida rural de aqu\u00ed a veinte a\u00f1os, \u00bfc\u00f3mo la ve?<\/span><\/p>\n<p><span style=\"font-weight: 400;\">\u2014La veo bien y animada, porque la gente ahora valora m\u00e1s vivir.<\/span><\/p><\/blockquote>\n<p>&nbsp;<\/p>\n<p><span style=\"font-weight: 400;\">Madre e hijo han salido de la casa solariega para atendernos un rato, y lo han hecho con una sonrisa inmensa. Solo por ese peque\u00f1o detalle, apreciamos que en la mas\u00eda son felices. Ramon nos explica, bajo la atenta mirada de Ventura, que <\/span><b>la casa es parte de la familia desde hace m\u00e1s de doscientos a\u00f1os<\/b><span style=\"font-weight: 400;\">, y que no echan de menos nada. Tambi\u00e9n asegura que lo que m\u00e1s valoran es la tranquilidad. Admite, adem\u00e1s, que durante la pandemia y el confinamiento no se han sentido aislados.\u00a0<\/span><\/p>\n<p>&nbsp;<\/p>\n<blockquote><p><span style=\"font-weight: 400;\">\u2014Vivir aqu\u00ed me hace sentir libre. Sobre todo es gratificante. Porque <\/span><b>por la ma\u00f1ana me despierto y veo el bosque y, para m\u00ed, es media vida<\/b><span style=\"font-weight: 400;\"> \u2014explica Ramon con los ojos distra\u00eddos.<\/span><\/p>\n<p><span style=\"font-weight: 400;\">\u2014Ha dicho que ha vivido aqu\u00ed toda la vida. \u00bfPuede explicar alguna curiosidad del pueblo?<\/span><\/p>\n<p><span style=\"font-weight: 400;\">\u2014Este camino antes era la antigua N-II Barcelona-Madrid. Y aqu\u00ed mismo, delante de casa, fue donde, por primera vez en mi vida, vi elefantes. Ten\u00eda siete u ocho a\u00f1os, y el motivo por el cual los vi es porque por este antiguo camino, antes carretera principal, pas\u00f3 un circo.<\/span><\/p><\/blockquote>\n<p>&nbsp;<\/p>\n<p><span style=\"font-weight: 400;\">Los dos pasan el d\u00eda cuidando de la casa, sin nervios, a pesar de que empiezan a trabajar a las 9 h, porque en una casa tan grande siempre hay trabajo. As\u00ed es la vida de Ventura y Ramon. <\/span><b>Catalunya est\u00e1 llena de mas\u00edas como la suya, en pueblos habitados sobre todo por gente mayor<\/b><span style=\"font-weight: 400;\">, que viven como quieren, que es lo m\u00e1s importante, afirma Ramon, y que esperan que los j\u00f3venes no tengan miedo de poner en marcha\u00a0 su aventura en entornos rurales. \u201c\u00a1Que no tengan miedo, adelante!\u201d, se despide la pareja.<\/span><\/p>\n\n      <\/div>\n    <\/div>\n  <\/div>\n<\/div>\n\n\n<div class=\"component gallery\">\n  <div class=\"container\">\n    <div class=\"row\">\n      <div class=\"col col-lg-10 offset-lg-1\">\n        <div id=\"slider_1\" class=\"carousel slide\" data-wrap=\"false\" data-interval=\"false\">\n          <div class=\"carousel-inner\">\n            <div class=\"carousel-item active\">\n              <img decoding=\"async\" class=\"d-block w-100\" src=\"https:\/\/www.11onze.cat\/wp-content\/uploads\/2021\/10\/IMAGE_POBLE_TOTA_VIDA.jpg\" alt=\"\">\n              <div class=\"carousel-caption\">\n                <p><span style=\"font-weight: 400;\">Ramon Carrer con su madre Ventura Vives, en la entrada de su casa.<\/span><\/p>\n\n              <\/div>\n            <\/div>\n          <\/div>\n        <\/div>\n      <\/div>\n    <\/div>\n  <\/div>\n<\/div>\n\n<div class=\"component text\">\n  <div class=\"container\">\n\n\n    <div class=\"row\">\n      <div class=\"col  col-lg-8  offset-lg-2\">\n        <p><b>\u00bfQuieres ser el primero en recibir las \u00faltimas noticias sobre 11Onze? Clica <\/b><a href=\"https:\/\/t.me\/ONZEbanc\"><b>aqu\u00ed<\/b><\/a><b> para suscribirte a nuestro canal de <\/b><a href=\"https:\/\/t.me\/ONZEbanc\"><b>Telegram<\/b><\/a><\/p>\n\n      <\/div>\n    <\/div>\n  <\/div>\n<\/div>\n\n\n<div class=\"component cards\">\n  <div class=\"container\">\n    <div class=\"row\">\n      <div class=\"col col-xl-8 offset-xl-2\">\n        <h1>Si te ha gustado este art\u00edculo, te recomendamos:<\/h1>\n        <div class=\"cards__wrapper\">\n          <div class=\"card\">\n            <a href=\"https:\/\/www.11onze.cat\/es\/magazine\/campo-reclama-regulacion-sobrevivir\/\" class=\"card-link\" target=\"_self\"><\/a>\n            <div class=\"card-img\">\n              <img decoding=\"async\" src=\"https:\/\/www.11onze.cat\/wp-content\/uploads\/2021\/08\/THUMBNAIL_PAGESIA-800x532.jpg\" class=\"card-img-top\" alt=\"\">\n                <span class=\"card-category\">Econom\u00eda<\/span>\n            <\/div>\n            <div class=\"card-body\">\n              <p class=\"card-title p2\"><strong>M\u00e1s regulaci\u00f3n para sobrevivir<\/strong><\/p>\n              <span class=\"card-time\">5min lectura<\/span>\n              <p class=\"card-text small\">Denuncian las malas pr\u00e1cticas de las grandes distribuidoras del<\/p>\n            <\/div>\n          <\/div>\n\n\n          <div class=\"card\">\n            <a href=\"https:\/\/www.11onze.cat\/es\/magazine\/civismo-naturaleza-fondo\/\" class=\"card-link\" target=\"_self\"><\/a>\n            <div class=\"card-img\">\n              <img decoding=\"async\" src=\"https:\/\/www.11onze.cat\/wp-content\/uploads\/2021\/08\/THUMBNAIL_CIVISME_NATURA-800x312.jpg\" class=\"card-img-top\" alt=\"\">\n                <span class=\"card-category\">Sostenibilidad<\/span>\n            <\/div>\n            <div class=\"card-body\">\n              <p class=\"card-title p2\"><strong>Civismo en la naturaleza y de fondo<\/strong><\/p>\n              <span class=\"card-time\">5min lectura<\/span>\n              <p class=\"card-text small\">Es en verano cuando m\u00e1s personas nos acercamos al mar<\/p>\n            <\/div>\n          <\/div>\n\n\n          <div class=\"card\">\n            <a href=\"https:\/\/www.11onze.cat\/es\/magazine\/catalunya-frena-despoblamiento-rural\/\" class=\"card-link\" target=\"_self\"><\/a>\n            <div class=\"card-img\">\n              <img decoding=\"async\" src=\"https:\/\/www.11onze.cat\/wp-content\/uploads\/2021\/06\/THUMBNAIL_POBLE_CATALUNYA-800x533.jpg\" class=\"card-img-top\" alt=\"\">\n                <span class=\"card-category\">Comunidad<\/span>\n            <\/div>\n            <div class=\"card-body\">\n              <p class=\"card-title p2\"><strong>Catalu\u00f1a frena el despoblamiento rural<\/strong><\/p>\n              <span class=\"card-time\">5min lectura<\/span>\n              <p class=\"card-text small\">Pueblos y micro pueblos de Catalu\u00f1a sufren despoblamiento<\/p>\n            <\/div>\n          <\/div>\n\n              <\/div>\n              <br>\n              <br>\n              <div class=\"cards__wrapper\">\n\n        <\/div>\n      <\/div>\n    <\/div>\n  <\/div>\n<\/div>","protected":false},"excerpt":{"rendered":"","protected":false},"author":71,"featured_media":18227,"comment_status":"open","ping_status":"closed","sticky":false,"template":"","format":"standard","meta":{"_acf_changed":false,"content-type":"","footnotes":""},"categories":[28],"tags":[180],"class_list":["post-17826","post","type-post","status-publish","format-standard","has-post-thumbnail","hentry","category-sin-categorizar","tag-cultura-es"],"acf":[],"yoast_head":"<!-- This site is optimized with the Yoast SEO plugin v27.4 - https:\/\/yoast.com\/product\/yoast-seo-wordpress\/ -->\n<title>Vivir en un pueblo, un privilegio de toda la vida - 11ONZE<\/title>\n<meta name=\"description\" content=\"\u201cPor la ma\u00f1ana me despierto y veo el bosque y, para m\u00ed, es media vida\u201d. C\u00f3mo viven las personas que hace a\u00f1os que habitan una mas\u00eda?\" \/>\n<meta name=\"robots\" content=\"index, follow, max-snippet:-1, max-image-preview:large, max-video-preview:-1\" \/>\n<link rel=\"canonical\" href=\"https:\/\/www.11onze.cat\/es\/magazine\/vivir-pueblo-privilegio-toda-vida\/\" \/>\n<meta property=\"og:locale\" content=\"es_ES\" \/>\n<meta property=\"og:type\" content=\"article\" \/>\n<meta property=\"og:title\" content=\"Vivir en un pueblo, un privilegio de toda la vida - 11ONZE\" \/>\n<meta property=\"og:description\" content=\"\u201cPor la ma\u00f1ana me despierto y veo el bosque y, para m\u00ed, es media vida\u201d. C\u00f3mo viven las personas que hace a\u00f1os que habitan una mas\u00eda?\" \/>\n<meta property=\"og:url\" content=\"https:\/\/www.11onze.cat\/es\/magazine\/vivir-pueblo-privilegio-toda-vida\/\" \/>\n<meta property=\"og:site_name\" content=\"11Onze\" \/>\n<meta property=\"article:publisher\" content=\"https:\/\/www.facebook.com\/11OnzeComunitat\" \/>\n<meta property=\"article:published_time\" content=\"2021-10-02T19:00:00+00:00\" \/>\n<meta property=\"article:modified_time\" content=\"2021-10-05T06:58:49+00:00\" \/>\n<meta property=\"og:image\" content=\"https:\/\/www.11onze.cat\/wp-content\/uploads\/2021\/10\/THUMBNAIL_VIURE_POBLE_MASIA_QUAN_GRAN.jpg\" \/>\n\t<meta property=\"og:image:width\" content=\"1500\" \/>\n\t<meta property=\"og:image:height\" content=\"644\" \/>\n\t<meta property=\"og:image:type\" content=\"image\/jpeg\" \/>\n<meta name=\"author\" content=\"Equip Editorial\" \/>\n<meta name=\"twitter:card\" content=\"summary_large_image\" \/>\n<meta name=\"twitter:creator\" content=\"@11OnzeFintech\" \/>\n<meta name=\"twitter:site\" content=\"@11OnzeFintech\" \/>\n<meta name=\"twitter:label1\" content=\"Escrito por\" \/>\n\t<meta name=\"twitter:data1\" content=\"Equip Editorial\" \/>\n<script type=\"application\/ld+json\" class=\"yoast-schema-graph\">{\"@context\":\"https:\\\/\\\/schema.org\",\"@graph\":[{\"@type\":\"Article\",\"@id\":\"https:\\\/\\\/www.11onze.cat\\\/es\\\/magazine\\\/vivir-pueblo-privilegio-toda-vida\\\/#article\",\"isPartOf\":{\"@id\":\"https:\\\/\\\/www.11onze.cat\\\/es\\\/magazine\\\/vivir-pueblo-privilegio-toda-vida\\\/\"},\"author\":{\"name\":\"Equip Editorial\",\"@id\":\"https:\\\/\\\/www.11onze.cat\\\/es\\\/#\\\/schema\\\/person\\\/636d99b4c82bb7178687ecd43c3a61bd\"},\"headline\":\"Vivir en un pueblo, un privilegio de toda la vida\",\"datePublished\":\"2021-10-02T19:00:00+00:00\",\"dateModified\":\"2021-10-05T06:58:49+00:00\",\"mainEntityOfPage\":{\"@id\":\"https:\\\/\\\/www.11onze.cat\\\/es\\\/magazine\\\/vivir-pueblo-privilegio-toda-vida\\\/\"},\"wordCount\":10,\"commentCount\":0,\"publisher\":{\"@id\":\"https:\\\/\\\/www.11onze.cat\\\/es\\\/#organization\"},\"image\":{\"@id\":\"https:\\\/\\\/www.11onze.cat\\\/es\\\/magazine\\\/vivir-pueblo-privilegio-toda-vida\\\/#primaryimage\"},\"thumbnailUrl\":\"https:\\\/\\\/www.11onze.cat\\\/wp-content\\\/uploads\\\/2021\\\/10\\\/THUMBNAIL_VIURE_POBLE_MASIA_QUAN_GRAN.jpg\",\"keywords\":[\"Cultura\"],\"articleSection\":[\"Sin categorizar\"],\"inLanguage\":\"es\",\"potentialAction\":[{\"@type\":\"CommentAction\",\"name\":\"Comment\",\"target\":[\"https:\\\/\\\/www.11onze.cat\\\/es\\\/magazine\\\/vivir-pueblo-privilegio-toda-vida\\\/#respond\"]}]},{\"@type\":\"WebPage\",\"@id\":\"https:\\\/\\\/www.11onze.cat\\\/es\\\/magazine\\\/vivir-pueblo-privilegio-toda-vida\\\/\",\"url\":\"https:\\\/\\\/www.11onze.cat\\\/es\\\/magazine\\\/vivir-pueblo-privilegio-toda-vida\\\/\",\"name\":\"Vivir en un pueblo, un privilegio de toda la vida - 11ONZE\",\"isPartOf\":{\"@id\":\"https:\\\/\\\/www.11onze.cat\\\/es\\\/#website\"},\"primaryImageOfPage\":{\"@id\":\"https:\\\/\\\/www.11onze.cat\\\/es\\\/magazine\\\/vivir-pueblo-privilegio-toda-vida\\\/#primaryimage\"},\"image\":{\"@id\":\"https:\\\/\\\/www.11onze.cat\\\/es\\\/magazine\\\/vivir-pueblo-privilegio-toda-vida\\\/#primaryimage\"},\"thumbnailUrl\":\"https:\\\/\\\/www.11onze.cat\\\/wp-content\\\/uploads\\\/2021\\\/10\\\/THUMBNAIL_VIURE_POBLE_MASIA_QUAN_GRAN.jpg\",\"datePublished\":\"2021-10-02T19:00:00+00:00\",\"dateModified\":\"2021-10-05T06:58:49+00:00\",\"description\":\"\u201cPor la ma\u00f1ana me despierto y veo el bosque y, para m\u00ed, es media vida\u201d. C\u00f3mo viven las personas que hace a\u00f1os que habitan una mas\u00eda?\",\"breadcrumb\":{\"@id\":\"https:\\\/\\\/www.11onze.cat\\\/es\\\/magazine\\\/vivir-pueblo-privilegio-toda-vida\\\/#breadcrumb\"},\"inLanguage\":\"es\",\"potentialAction\":[{\"@type\":\"ReadAction\",\"target\":[\"https:\\\/\\\/www.11onze.cat\\\/es\\\/magazine\\\/vivir-pueblo-privilegio-toda-vida\\\/\"]}]},{\"@type\":\"ImageObject\",\"inLanguage\":\"es\",\"@id\":\"https:\\\/\\\/www.11onze.cat\\\/es\\\/magazine\\\/vivir-pueblo-privilegio-toda-vida\\\/#primaryimage\",\"url\":\"https:\\\/\\\/www.11onze.cat\\\/wp-content\\\/uploads\\\/2021\\\/10\\\/THUMBNAIL_VIURE_POBLE_MASIA_QUAN_GRAN.jpg\",\"contentUrl\":\"https:\\\/\\\/www.11onze.cat\\\/wp-content\\\/uploads\\\/2021\\\/10\\\/THUMBNAIL_VIURE_POBLE_MASIA_QUAN_GRAN.jpg\",\"width\":1500,\"height\":644,\"caption\":\"View of the medieval village of Besalu in rainy day.Catalonia.Spain\"},{\"@type\":\"BreadcrumbList\",\"@id\":\"https:\\\/\\\/www.11onze.cat\\\/es\\\/magazine\\\/vivir-pueblo-privilegio-toda-vida\\\/#breadcrumb\",\"itemListElement\":[{\"@type\":\"ListItem\",\"position\":1,\"name\":\"Home\",\"item\":\"https:\\\/\\\/www.11onze.cat\\\/es\\\/\"},{\"@type\":\"ListItem\",\"position\":2,\"name\":\"Vivir en un pueblo, un privilegio de toda la vida\"}]},{\"@type\":\"WebSite\",\"@id\":\"https:\\\/\\\/www.11onze.cat\\\/es\\\/#website\",\"url\":\"https:\\\/\\\/www.11onze.cat\\\/es\\\/\",\"name\":\"11Onze\",\"description\":\"Primera comunidad fintech digital en Catalu\u00f1a\",\"publisher\":{\"@id\":\"https:\\\/\\\/www.11onze.cat\\\/es\\\/#organization\"},\"potentialAction\":[{\"@type\":\"SearchAction\",\"target\":{\"@type\":\"EntryPoint\",\"urlTemplate\":\"https:\\\/\\\/www.11onze.cat\\\/es\\\/?s={search_term_string}\"},\"query-input\":{\"@type\":\"PropertyValueSpecification\",\"valueRequired\":true,\"valueName\":\"search_term_string\"}}],\"inLanguage\":\"es\"},{\"@type\":\"Organization\",\"@id\":\"https:\\\/\\\/www.11onze.cat\\\/es\\\/#organization\",\"name\":\"11Onze\",\"url\":\"https:\\\/\\\/www.11onze.cat\\\/es\\\/\",\"logo\":{\"@type\":\"ImageObject\",\"inLanguage\":\"es\",\"@id\":\"https:\\\/\\\/www.11onze.cat\\\/es\\\/#\\\/schema\\\/logo\\\/image\\\/\",\"url\":\"https:\\\/\\\/www.11onze.cat\\\/wp-content\\\/uploads\\\/2021\\\/04\\\/512x512-11Onze.jpg\",\"contentUrl\":\"https:\\\/\\\/www.11onze.cat\\\/wp-content\\\/uploads\\\/2021\\\/04\\\/512x512-11Onze.jpg\",\"width\":512,\"height\":512,\"caption\":\"11Onze\"},\"image\":{\"@id\":\"https:\\\/\\\/www.11onze.cat\\\/es\\\/#\\\/schema\\\/logo\\\/image\\\/\"},\"sameAs\":[\"https:\\\/\\\/www.facebook.com\\\/11OnzeComunitat\",\"https:\\\/\\\/x.com\\\/11OnzeFintech\",\"https:\\\/\\\/www.instagram.com\\\/11onzecat\\\/\",\"https:\\\/\\\/www.linkedin.com\\\/company\\\/11onzebanc\",\"https:\\\/\\\/www.youtube.com\\\/channel\\\/UCz63R8Byd_kBKtK2M4Qf_7w\"]},{\"@type\":\"Person\",\"@id\":\"https:\\\/\\\/www.11onze.cat\\\/es\\\/#\\\/schema\\\/person\\\/636d99b4c82bb7178687ecd43c3a61bd\",\"name\":\"Equip Editorial\",\"image\":{\"@type\":\"ImageObject\",\"inLanguage\":\"es\",\"@id\":\"https:\\\/\\\/www.11onze.cat\\\/wp-content\\\/uploads\\\/2022\\\/05\\\/HEADER_AGENTS_DECK-300x300.jpg\",\"url\":\"https:\\\/\\\/www.11onze.cat\\\/wp-content\\\/uploads\\\/2022\\\/05\\\/HEADER_AGENTS_DECK-300x300.jpg\",\"contentUrl\":\"https:\\\/\\\/www.11onze.cat\\\/wp-content\\\/uploads\\\/2022\\\/05\\\/HEADER_AGENTS_DECK-300x300.jpg\",\"caption\":\"Equip Editorial\"},\"url\":\"https:\\\/\\\/www.11onze.cat\\\/es\\\/magazine\\\/author\\\/equip-editorial-11onze\\\/\"}]}<\/script>\n<!-- \/ Yoast SEO plugin. -->","yoast_head_json":{"title":"Vivir en un pueblo, un privilegio de toda la vida - 11ONZE","description":"\u201cPor la ma\u00f1ana me despierto y veo el bosque y, para m\u00ed, es media vida\u201d. C\u00f3mo viven las personas que hace a\u00f1os que habitan una mas\u00eda?","robots":{"index":"index","follow":"follow","max-snippet":"max-snippet:-1","max-image-preview":"max-image-preview:large","max-video-preview":"max-video-preview:-1"},"canonical":"https:\/\/www.11onze.cat\/es\/magazine\/vivir-pueblo-privilegio-toda-vida\/","og_locale":"es_ES","og_type":"article","og_title":"Vivir en un pueblo, un privilegio de toda la vida - 11ONZE","og_description":"\u201cPor la ma\u00f1ana me despierto y veo el bosque y, para m\u00ed, es media vida\u201d. C\u00f3mo viven las personas que hace a\u00f1os que habitan una mas\u00eda?","og_url":"https:\/\/www.11onze.cat\/es\/magazine\/vivir-pueblo-privilegio-toda-vida\/","og_site_name":"11Onze","article_publisher":"https:\/\/www.facebook.com\/11OnzeComunitat","article_published_time":"2021-10-02T19:00:00+00:00","article_modified_time":"2021-10-05T06:58:49+00:00","og_image":[{"width":1500,"height":644,"url":"https:\/\/www.11onze.cat\/wp-content\/uploads\/2021\/10\/THUMBNAIL_VIURE_POBLE_MASIA_QUAN_GRAN.jpg","type":"image\/jpeg"}],"author":"Equip Editorial","twitter_card":"summary_large_image","twitter_creator":"@11OnzeFintech","twitter_site":"@11OnzeFintech","twitter_misc":{"Escrito por":"Equip Editorial"},"schema":{"@context":"https:\/\/schema.org","@graph":[{"@type":"Article","@id":"https:\/\/www.11onze.cat\/es\/magazine\/vivir-pueblo-privilegio-toda-vida\/#article","isPartOf":{"@id":"https:\/\/www.11onze.cat\/es\/magazine\/vivir-pueblo-privilegio-toda-vida\/"},"author":{"name":"Equip Editorial","@id":"https:\/\/www.11onze.cat\/es\/#\/schema\/person\/636d99b4c82bb7178687ecd43c3a61bd"},"headline":"Vivir en un pueblo, un privilegio de toda la vida","datePublished":"2021-10-02T19:00:00+00:00","dateModified":"2021-10-05T06:58:49+00:00","mainEntityOfPage":{"@id":"https:\/\/www.11onze.cat\/es\/magazine\/vivir-pueblo-privilegio-toda-vida\/"},"wordCount":10,"commentCount":0,"publisher":{"@id":"https:\/\/www.11onze.cat\/es\/#organization"},"image":{"@id":"https:\/\/www.11onze.cat\/es\/magazine\/vivir-pueblo-privilegio-toda-vida\/#primaryimage"},"thumbnailUrl":"https:\/\/www.11onze.cat\/wp-content\/uploads\/2021\/10\/THUMBNAIL_VIURE_POBLE_MASIA_QUAN_GRAN.jpg","keywords":["Cultura"],"articleSection":["Sin categorizar"],"inLanguage":"es","potentialAction":[{"@type":"CommentAction","name":"Comment","target":["https:\/\/www.11onze.cat\/es\/magazine\/vivir-pueblo-privilegio-toda-vida\/#respond"]}]},{"@type":"WebPage","@id":"https:\/\/www.11onze.cat\/es\/magazine\/vivir-pueblo-privilegio-toda-vida\/","url":"https:\/\/www.11onze.cat\/es\/magazine\/vivir-pueblo-privilegio-toda-vida\/","name":"Vivir en un pueblo, un privilegio de toda la vida - 11ONZE","isPartOf":{"@id":"https:\/\/www.11onze.cat\/es\/#website"},"primaryImageOfPage":{"@id":"https:\/\/www.11onze.cat\/es\/magazine\/vivir-pueblo-privilegio-toda-vida\/#primaryimage"},"image":{"@id":"https:\/\/www.11onze.cat\/es\/magazine\/vivir-pueblo-privilegio-toda-vida\/#primaryimage"},"thumbnailUrl":"https:\/\/www.11onze.cat\/wp-content\/uploads\/2021\/10\/THUMBNAIL_VIURE_POBLE_MASIA_QUAN_GRAN.jpg","datePublished":"2021-10-02T19:00:00+00:00","dateModified":"2021-10-05T06:58:49+00:00","description":"\u201cPor la ma\u00f1ana me despierto y veo el bosque y, para m\u00ed, es media vida\u201d. C\u00f3mo viven las personas que hace a\u00f1os que habitan una mas\u00eda?","breadcrumb":{"@id":"https:\/\/www.11onze.cat\/es\/magazine\/vivir-pueblo-privilegio-toda-vida\/#breadcrumb"},"inLanguage":"es","potentialAction":[{"@type":"ReadAction","target":["https:\/\/www.11onze.cat\/es\/magazine\/vivir-pueblo-privilegio-toda-vida\/"]}]},{"@type":"ImageObject","inLanguage":"es","@id":"https:\/\/www.11onze.cat\/es\/magazine\/vivir-pueblo-privilegio-toda-vida\/#primaryimage","url":"https:\/\/www.11onze.cat\/wp-content\/uploads\/2021\/10\/THUMBNAIL_VIURE_POBLE_MASIA_QUAN_GRAN.jpg","contentUrl":"https:\/\/www.11onze.cat\/wp-content\/uploads\/2021\/10\/THUMBNAIL_VIURE_POBLE_MASIA_QUAN_GRAN.jpg","width":1500,"height":644,"caption":"View of the medieval village of Besalu in rainy day.Catalonia.Spain"},{"@type":"BreadcrumbList","@id":"https:\/\/www.11onze.cat\/es\/magazine\/vivir-pueblo-privilegio-toda-vida\/#breadcrumb","itemListElement":[{"@type":"ListItem","position":1,"name":"Home","item":"https:\/\/www.11onze.cat\/es\/"},{"@type":"ListItem","position":2,"name":"Vivir en un pueblo, un privilegio de toda la vida"}]},{"@type":"WebSite","@id":"https:\/\/www.11onze.cat\/es\/#website","url":"https:\/\/www.11onze.cat\/es\/","name":"11Onze","description":"Primera comunidad fintech digital en Catalu\u00f1a","publisher":{"@id":"https:\/\/www.11onze.cat\/es\/#organization"},"potentialAction":[{"@type":"SearchAction","target":{"@type":"EntryPoint","urlTemplate":"https:\/\/www.11onze.cat\/es\/?s={search_term_string}"},"query-input":{"@type":"PropertyValueSpecification","valueRequired":true,"valueName":"search_term_string"}}],"inLanguage":"es"},{"@type":"Organization","@id":"https:\/\/www.11onze.cat\/es\/#organization","name":"11Onze","url":"https:\/\/www.11onze.cat\/es\/","logo":{"@type":"ImageObject","inLanguage":"es","@id":"https:\/\/www.11onze.cat\/es\/#\/schema\/logo\/image\/","url":"https:\/\/www.11onze.cat\/wp-content\/uploads\/2021\/04\/512x512-11Onze.jpg","contentUrl":"https:\/\/www.11onze.cat\/wp-content\/uploads\/2021\/04\/512x512-11Onze.jpg","width":512,"height":512,"caption":"11Onze"},"image":{"@id":"https:\/\/www.11onze.cat\/es\/#\/schema\/logo\/image\/"},"sameAs":["https:\/\/www.facebook.com\/11OnzeComunitat","https:\/\/x.com\/11OnzeFintech","https:\/\/www.instagram.com\/11onzecat\/","https:\/\/www.linkedin.com\/company\/11onzebanc","https:\/\/www.youtube.com\/channel\/UCz63R8Byd_kBKtK2M4Qf_7w"]},{"@type":"Person","@id":"https:\/\/www.11onze.cat\/es\/#\/schema\/person\/636d99b4c82bb7178687ecd43c3a61bd","name":"Equip Editorial","image":{"@type":"ImageObject","inLanguage":"es","@id":"https:\/\/www.11onze.cat\/wp-content\/uploads\/2022\/05\/HEADER_AGENTS_DECK-300x300.jpg","url":"https:\/\/www.11onze.cat\/wp-content\/uploads\/2022\/05\/HEADER_AGENTS_DECK-300x300.jpg","contentUrl":"https:\/\/www.11onze.cat\/wp-content\/uploads\/2022\/05\/HEADER_AGENTS_DECK-300x300.jpg","caption":"Equip Editorial"},"url":"https:\/\/www.11onze.cat\/es\/magazine\/author\/equip-editorial-11onze\/"}]}},"_links":{"self":[{"href":"https:\/\/www.11onze.cat\/es\/wp-json\/wp\/v2\/posts\/17826","targetHints":{"allow":["GET"]}}],"collection":[{"href":"https:\/\/www.11onze.cat\/es\/wp-json\/wp\/v2\/posts"}],"about":[{"href":"https:\/\/www.11onze.cat\/es\/wp-json\/wp\/v2\/types\/post"}],"author":[{"embeddable":true,"href":"https:\/\/www.11onze.cat\/es\/wp-json\/wp\/v2\/users\/71"}],"replies":[{"embeddable":true,"href":"https:\/\/www.11onze.cat\/es\/wp-json\/wp\/v2\/comments?post=17826"}],"version-history":[{"count":0,"href":"https:\/\/www.11onze.cat\/es\/wp-json\/wp\/v2\/posts\/17826\/revisions"}],"wp:featuredmedia":[{"embeddable":true,"href":"https:\/\/www.11onze.cat\/es\/wp-json\/wp\/v2\/media\/18227"}],"wp:attachment":[{"href":"https:\/\/www.11onze.cat\/es\/wp-json\/wp\/v2\/media?parent=17826"}],"wp:term":[{"taxonomy":"category","embeddable":true,"href":"https:\/\/www.11onze.cat\/es\/wp-json\/wp\/v2\/categories?post=17826"},{"taxonomy":"post_tag","embeddable":true,"href":"https:\/\/www.11onze.cat\/es\/wp-json\/wp\/v2\/tags?post=17826"}],"curies":[{"name":"wp","href":"https:\/\/api.w.org\/{rel}","templated":true}]}}