{"id":16398,"date":"2021-09-14T13:17:00","date_gmt":"2021-09-14T11:17:00","guid":{"rendered":"https:\/\/www.11onze.cat\/?p=16398"},"modified":"2021-09-15T09:44:18","modified_gmt":"2021-09-15T07:44:18","slug":"viaje-corazon-premios-vinari-2021","status":"publish","type":"post","link":"https:\/\/www.11onze.cat\/es\/magazine\/viaje-corazon-premios-vinari-2021\/","title":{"rendered":"Un viaje al coraz\u00f3n de los Premios Vinari 2021"},"content":{"rendered":"<div class=\"component text\">\n  <div class=\"container\">\n\n\n    <div class=\"row\">\n      <div class=\"col  col-lg-8  offset-lg-2\">\n        <h3><b>Descubrimos c\u00f3mo se organiza la cata final de los galardones en el Celler de Rub\u00ed, en una ceremonia ritual para seleccionar los mejores vinos de Catalunya<\/b><\/h3>\n<p>&nbsp;<\/p>\n<p><span style=\"font-weight: 400;\">Una bodega antigua, con las paredes gruesas soportadas por unas tinajas grandes, ha acogido durante horas <\/span><b>los mejores vinos de Catalunya<\/b><span style=\"font-weight: 400;\">. En la sala donde estaban estos vinos <\/span><i><span style=\"font-weight: 400;\">influencers<\/span><\/i><span style=\"font-weight: 400;\"> solo pod\u00eda entrar la organizaci\u00f3n. Secretismo total. Ah\u00ed, los vinos esperaban a ser catados, uno tras otro, separados por categor\u00edas y con una funda que imped\u00eda leer su etiqueta. Fuera, <\/span><b>una veintena de sommeliers, en\u00f3logos y cr\u00edticos del mundo vitivin\u00edcola<\/b><span style=\"font-weight: 400;\"> se sentaban en las mesas y recib\u00edan instrucciones. As\u00ed es c\u00f3mo el Celler de Rub\u00ed ha celebrado este lunes <\/span><b>la cata final de los Premios Vinari 2021<\/b><span style=\"font-weight: 400;\">.<\/span><\/p>\n<p><span style=\"font-weight: 400;\">\u201cEste espacio es para nosotros una joya, nuestra catedral, un viaje al pasado para mirar hacia el futuro con ilusi\u00f3n. De vosotros hoy depende conocer los mejores vinos que se producen en Catalunya. Es un honor para la ciudad\u201d, ha empezado a celebrar la alcaldesa de Rub\u00ed, Ana Mar\u00eda Mart\u00ednez. El equipamiento ha sido testigo de esta cata final desde el nacimiento de los premios, que este a\u00f1o <\/span><b>celebran la novena edici\u00f3n<\/b><span style=\"font-weight: 400;\">. Lo cierto es que los vinos que este lunes se catan en el Celler de Rub\u00ed son todos excelentes: son los finalistas que destacaron en la primera fase de entre los cerca de 200 que se presentaron. El equipo de 11Onze, que es patrocinador oficial, ha sido espectador de lujo del evento.\u00a0<\/span><\/p>\n<p><span style=\"font-weight: 400;\">Con las instrucciones precisas de la directora de los premios, Ester Bachs, los catadores han empezado el ritual. \u201c<\/span><b>Los vinos est\u00e1n aqu\u00ed para sacar nota<\/b><span style=\"font-weight: 400;\">\u201d, ha se\u00f1alado. Bachs ha dirigido el acto con un respeto escrupuloso y ha recordado que los Premios Vinari siguen sumando ediciones y apoyan al sector, que est\u00e1 sufriendo los efectos de la pandemia, pero tambi\u00e9n de la meteorolog\u00eda, porque este a\u00f1o varias zonas del pa\u00eds han sufrido sequ\u00edas. Acto seguido, ha empezado a explicar c\u00f3mo usar las tablets ara puntuar los vinos, despu\u00e9s ha pasado a detallar el baremo de puntuaci\u00f3n, que est\u00e1 entre el 1 y el 100, pero que en este caso no se espera que baje de 80, y al final se ha dedicado a aclarar dudas. <\/span><\/p>\n\n      <\/div>\n    <\/div>\n  <\/div>\n<\/div>\n\n\n<div class=\"component gallery\">\n  <div class=\"container\">\n    <div class=\"row\">\n      <div class=\"col col-lg-10 offset-lg-1\">\n        <div id=\"slider_1\" class=\"carousel slide\" data-wrap=\"false\" data-interval=\"false\">\n          <div class=\"carousel-inner\">\n            <div class=\"carousel-item active\">\n              <img decoding=\"async\" class=\"d-block w-100\" src=\"https:\/\/www.11onze.cat\/wp-content\/uploads\/2021\/09\/VINARI-2.jpg\" alt=\"\">\n              <div class=\"carousel-caption\">\n                <p><span style=\"font-weight: 400;\">El equipo de 11Onze en la cata final de los Premios Vinari 2021. Jas Teixid\u00f3 (izquierda), Sandra Molas y Toni Mata (derecha).<\/span><\/p>\n\n              <\/div>\n            <\/div>\n            <div class=\"carousel-item \">\n              <img decoding=\"async\" class=\"d-block w-100\" src=\"https:\/\/www.11onze.cat\/wp-content\/uploads\/2021\/09\/HEROIMAGE_VINARI_GUANYADORS.jpg\" alt=\"\">\n              <div class=\"carousel-caption\">\n                <p><span style=\"font-weight: 400;\">Foto grupal de los veinte catadores y todo el equipo organizativo de los Premios Vinari 2021.<\/span><\/p>\n\n              <\/div>\n            <\/div>\n            <div class=\"carousel-item \">\n              <img decoding=\"async\" class=\"d-block w-100\" src=\"https:\/\/www.11onze.cat\/wp-content\/uploads\/2021\/09\/VINARI-1.jpg\" alt=\"\">\n              <div class=\"carousel-caption\">\n                <p>La alcaldesa de Rub\u00ed, Ana Mar\u00eda Mart\u00ednez (derecha), y la directora de los Premios Vinari, Ester Dachs (izquierda) durante la presentaci\u00f3n del acto.<\/p>\n\n              <\/div>\n            <\/div>\n            <div class=\"carousel-item \">\n              <img decoding=\"async\" class=\"d-block w-100\" src=\"https:\/\/www.11onze.cat\/wp-content\/uploads\/2021\/09\/VINARI-3.jpg\" alt=\"\">\n              <div class=\"carousel-caption\">\n                <p>El grupo de j\u00f3venes camareros que sirvieron los mejores vinos catalanes a los catadores.<\/p>\n\n              <\/div>\n            <\/div>\n            <div class=\"carousel-item \">\n              <img decoding=\"async\" class=\"d-block w-100\" src=\"https:\/\/www.11onze.cat\/wp-content\/uploads\/2021\/09\/VINARI-9.jpg\" alt=\"\">\n              <div class=\"carousel-caption\">\n                <p>La directora de los Premios\u00a0Vinari, Ester\u00a0Dachs, da las instrucciones a los catadores.<\/p>\n\n              <\/div>\n            <\/div>\n            <div class=\"carousel-item \">\n              <img decoding=\"async\" class=\"d-block w-100\" src=\"https:\/\/www.11onze.cat\/wp-content\/uploads\/2021\/09\/VINARI-4.jpg\" alt=\"\">\n              <div class=\"carousel-caption\">\n                <p>Una catadora huele uno de los vinos blancos y valora sus caracter\u00edsticas.<\/p>\n\n              <\/div>\n            <\/div>\n            <div class=\"carousel-item \">\n              <img decoding=\"async\" class=\"d-block w-100\" src=\"https:\/\/www.11onze.cat\/wp-content\/uploads\/2021\/09\/VINARI-5.jpg\" alt=\"\">\n              <div class=\"carousel-caption\">\n                <p>Varios vinos blancos que fueron probados durante los premios.<\/p>\n\n              <\/div>\n            <\/div>\n            <div class=\"carousel-item \">\n              <img decoding=\"async\" class=\"d-block w-100\" src=\"https:\/\/www.11onze.cat\/wp-content\/uploads\/2021\/09\/VINARI-8.jpg\" alt=\"\">\n              <div class=\"carousel-caption\">\n                <p>Una catadora durante la cata de vinos blancos.<\/p>\n\n              <\/div>\n            <\/div>\n            <div class=\"carousel-item \">\n              <img decoding=\"async\" class=\"d-block w-100\" src=\"https:\/\/www.11onze.cat\/wp-content\/uploads\/2021\/09\/VINARI-6.jpg\" alt=\"\">\n              <div class=\"carousel-caption\">\n                <p>Una mesa de catadores comparte impresiones sobre los vinos de la primera tanda.<\/p>\n\n              <\/div>\n            <\/div>\n            <div class=\"carousel-item \">\n              <img decoding=\"async\" class=\"d-block w-100\" src=\"https:\/\/www.11onze.cat\/wp-content\/uploads\/2021\/09\/VINARI-7.jpg\" alt=\"\">\n              <div class=\"carousel-caption\">\n                <p>Otra catadora durante la cata de vinos blancos.<\/p>\n\n              <\/div>\n            <\/div>\n          <\/div>\n          <div class=\"nbs\">\n            <span class=\"current\"><\/span> \/ <span class=\"length\"><\/span>\n          <\/div>\n          <a class=\"carousel-control-prev\" href=\"#slider_1\" role=\"button\" data-slide=\"prev\">\n            <svg width=\"7\" height=\"12\" viewBox=\"0 0 7 12\" fill=\"none\" xmlns=\"http:\/\/www.w3.org\/2000\/svg\">\n              <path d=\"M6 11L1 6L6 1\" stroke=\"#314651\" stroke-width=\"2\" stroke-linecap=\"round\" stroke-linejoin=\"round\"><\/path>\n            <\/svg>\n          <\/a>\n          <a class=\"carousel-control-next\" href=\"#slider_1\" role=\"button\" data-slide=\"next\">\n            <svg width=\"7\" height=\"12\" viewBox=\"0 0 7 12\" fill=\"none\" xmlns=\"http:\/\/www.w3.org\/2000\/svg\">\n              <path d=\"M1 1L6 6L1 11\" stroke=\"#314651\" stroke-width=\"2\" stroke-linecap=\"round\" stroke-linejoin=\"round\"><\/path>\n            <\/svg>\n          <\/a>\n        <\/div>\n      <\/div>\n    <\/div>\n  <\/div>\n<\/div>\n\n<div class=\"component text\">\n  <div class=\"container\">\n\n\n    <div class=\"row\">\n      <div class=\"col  col-lg-8  offset-lg-2\">\n        <h3><b>Valorar como un orfebre, degustar como un fan<\/b><\/h3>\n<p><span style=\"font-weight: 400;\">Los catadores se impacientan. Ordenan la mesa y se remueven en la silla. La organizaci\u00f3n los ha distribuido de cuatro en cuatro, en mesas grandes y con manteles de hilo. Las copas, alrededor; la <\/span><i><span style=\"font-weight: 400;\">tablet<\/span><\/i><span style=\"font-weight: 400;\">, a un lado; y al otro, papel y l\u00e1piz. <\/span><b>Empieza la ceremonia: primero se sirven los blancos; luego, los negros; y, al final, los espumosos y dulces<\/b><span style=\"font-weight: 400;\">. Los catadores celebran con cada vino una fiesta que empieza por la vista, sigue con la nariz y acaba con la degustaci\u00f3n.\u00a0<\/span><\/p>\n<p><span style=\"font-weight: 400;\">Jordi Mart\u00ednez, en\u00f3logo, sommelier y propietario de una tienda de vinos selectos en Guissona, la Selecte Wine Store, nos cuenta que ha participado en los premios casi desde el principio y que la pasi\u00f3n por los vinos le viene de familia, porque a pesar de ser de las comarcas de Lleida, que producen poco vino comparado con otras zonas de Catalunya, hab\u00edan tenido producci\u00f3n propia.<\/span><\/p>\n<p><span style=\"font-weight: 400;\">Bajo la mirada distra\u00edda de sus compa\u00f1eros, Mart\u00ednez nos explica que cada vino se valora por separado y que de los que van a catar no hay ninguno malo. A veces, admite, el catador tiene un v\u00ednculo especial con alguno de los vinos que cata, porque tiene un toque extra\u00f1o que solo un fan verdadero sabe percibir, pero al fin y al cabo, <\/span><b>deben seleccionar aquellos vinos que ser\u00e1n valorados en un mercado amplio<\/b><span style=\"font-weight: 400;\">. A pesar de ser una cata a ciegas, el en\u00f3logo tambi\u00e9n reconoce que, si prestan suficiente atenci\u00f3n, los catadores con m\u00e1s experiencia saben hasta de qu\u00e9 zona proviene el vino y con qu\u00e9 uvas est\u00e1 hecho. En la cata final, sin embargo, no se les pide que hagan ning\u00fan an\u00e1lisis m\u00e1s que el del paladar. I aunque la puntuaci\u00f3n es individual, los catadores de cada mesa pueden compartir impresiones.\u00a0<\/span><\/p>\n<p>&nbsp;<\/p>\n<p><span style=\"font-weight: 400;\">\u2014No os dir\u00e9 qu\u00e9 olor me viene a la cabeza\u2026<\/span><\/p>\n<p><span style=\"font-weight: 400;\">\u2014\u00bfPor qu\u00e9? D\u00ednoslo, venga\u2026<\/span><\/p>\n<p><span style=\"font-weight: 400;\">\u2014Huelo a trapo h\u00famedo\u2026<\/span><\/p>\n<p><span style=\"font-weight: 400;\">\u2014S\u00ed, s\u00ed, no te equivocas\u2026 Yo huelo como a marihuana, si os soy sincera\u2026<\/span><\/p>\n<p><span style=\"font-weight: 400;\">\u2014\u00bfA que s\u00ed? \u00a1Es como de tomatera!<\/span><\/p>\n<p><span style=\"font-weight: 400;\">\u2014\u00a1Para m\u00ed esto es un 84!<\/span><\/p>\n<p>&nbsp;<\/p>\n<p><span style=\"font-weight: 400;\">Los vinos mejor puntuados durante la cata final se dar\u00e1n a conocer en <\/span><b>la Gala de Tardor que tendr\u00e1 lugar el viernes 8 de octubre en el Auditorio de Vilafranca del Pened\u00e8s<\/b><span style=\"font-weight: 400;\">, en una jornada llena de sorpresas que se podr\u00e1 seguir en directo por Televisi\u00f3 de Catalunya. En el acto de los premios tambi\u00e9n se reconocer\u00e1n la mejor trayectoria profesional del mundo del vino, la mejor etiqueta, la mejor bodega, el mejor catador y el mejor proyecto ecol\u00f3gico, as\u00ed como la mejor iniciativa innovadora y de dinamizaci\u00f3n enotur\u00edstica.\u00a0<\/span><\/p>\n<p><span style=\"font-weight: 400;\">Los Premios Vinari de los vinos catalanes, organizados por el diario digital <\/span><a href=\"https:\/\/vadevi.elmon.cat\/\"><span style=\"font-weight: 400;\">VADEVI.cat<\/span><\/a><span style=\"font-weight: 400;\">, nacieron en 2013 con el objetivo de <\/span><b>dar a conocer la excelencia de los vinos que se elaboran en el pa\u00eds y de orientar al consumidor final<\/b><span style=\"font-weight: 400;\"> sobre la diversidad y calidad de los proyectos vitivin\u00edcolas de proximidad. En la bodega de Rub\u00ed, bajo la mirada atenta de las tinajas, nosotros les dejamos deliberando.<\/span><\/p>\n<p>&nbsp;<\/p>\n<p><b>\u00bfQuieres ser el primero en recibir las \u00faltimas noticias sobre 11Onze? Clica <\/b><a href=\"https:\/\/t.me\/ONZEbanc\"><b>aqu\u00ed<\/b><\/a><b> para suscribirte a nuestro canal de <\/b><a href=\"https:\/\/t.me\/ONZEbanc\"><b>Telegram<\/b><\/a><\/p>\n\n      <\/div>\n    <\/div>\n  <\/div>\n<\/div>\n\n\n<div class=\"component cards\">\n  <div class=\"container\">\n    <div class=\"row\">\n      <div class=\"col col-xl-8 offset-xl-2\">\n        <h1>Si te ha gustado este art\u00edculo, te recomendamos:<\/h1>\n        <div class=\"cards__wrapper\">\n          <div class=\"card\">\n            <a href=\"https:\/\/www.11onze.cat\/es\/magazine\/cata-final-premios-vinari-2021\/\" class=\"card-link\" target=\"_self\"><\/a>\n            <div class=\"card-img\">\n              <img decoding=\"async\" src=\"https:\/\/www.11onze.cat\/wp-content\/uploads\/2021\/09\/THUMBNAIL_TAST_VINS_VINARI-800x533.jpg\" class=\"card-img-top\" alt=\"\">\n                <span class=\"card-category\">Cultura<\/span>\n            <\/div>\n            <div class=\"card-body\">\n              <p class=\"card-title p2\"><strong>La cata final de los Premios Vinari 2021<\/strong><\/p>\n              <span class=\"card-time\">3min lectura<\/span>\n              <p class=\"card-text small\">El Celler Rub\u00ed acoge un a\u00f1o m\u00e1s los galardones, que celebran su<\/p>\n            <\/div>\n          <\/div>\n\n\n          <div class=\"card\">\n            <a href=\"https:\/\/www.11onze.cat\/es\/magazine\/conoce-ganadores-premios-vinari-verano\/\" class=\"card-link\" target=\"_self\"><\/a>\n            <div class=\"card-img\">\n              <img decoding=\"async\" src=\"https:\/\/www.11onze.cat\/wp-content\/uploads\/2021\/07\/THUMBNAIL_ENTREGA_VINARI-800x510.jpg\" class=\"card-img-top\" alt=\"\">\n                <span class=\"card-category\">11Onze<\/span>\n            <\/div>\n            <div class=\"card-body\">\n              <p class=\"card-title p2\"><strong>Ganadores Premios Vinari de verano<\/strong><\/p>\n              <span class=\"card-time\">3min lectura<\/span>\n              <p class=\"card-text small\">El certamen patrocinado por 11Onze entrega los premios a los<\/p>\n            <\/div>\n          <\/div>\n\n\n          <div class=\"card\">\n            <a href=\"https:\/\/www.11onze.cat\/es\/magazine\/prensa-britanica-11onze-vinari\/\" class=\"card-link\" target=\"_self\"><\/a>\n            <div class=\"card-img\">\n              <img decoding=\"async\" src=\"https:\/\/www.11onze.cat\/wp-content\/uploads\/2021\/08\/11o-790x600.jpeg\" class=\"card-img-top\" alt=\"\">\n                <span class=\"card-category\">Prensa<\/span>\n            <\/div>\n            <div class=\"card-body\">\n              <p class=\"card-title p2\"><strong>11Onze y los Vinari<\/strong><\/p>\n              <span class=\"card-time\">2min lectura<\/span>\n              <p class=\"card-text small\">\u00abLa start-up catalana de tecnolog\u00eda financiera 11Onze, defensora de los proyectos<\/p>\n            <\/div>\n          <\/div>\n\n              <\/div>\n              <br>\n              <br>\n              <div class=\"cards__wrapper\">\n\n        <\/div>\n      <\/div>\n    <\/div>\n  <\/div>\n<\/div>","protected":false},"excerpt":{"rendered":"","protected":false},"author":71,"featured_media":16360,"comment_status":"open","ping_status":"closed","sticky":false,"template":"","format":"standard","meta":{"_acf_changed":false,"content-type":"","footnotes":""},"categories":[28],"tags":[180],"class_list":["post-16398","post","type-post","status-publish","format-standard","has-post-thumbnail","hentry","category-sin-categorizar","tag-cultura-es"],"acf":[],"yoast_head":"<!-- This site is optimized with the Yoast SEO plugin v27.4 - https:\/\/yoast.com\/product\/yoast-seo-wordpress\/ -->\n<title>Un viaje al coraz\u00f3n de los Premios Vinari 2021 - 11ONZE<\/title>\n<meta name=\"description\" content=\"Descubrimos como se organiza la cata final de los Premios Vinari a la Bodega de Rub\u00ed de los mejores vinos catalanes.\" \/>\n<meta name=\"robots\" content=\"index, follow, max-snippet:-1, max-image-preview:large, max-video-preview:-1\" \/>\n<link rel=\"canonical\" href=\"https:\/\/www.11onze.cat\/es\/magazine\/viaje-corazon-premios-vinari-2021\/\" \/>\n<meta property=\"og:locale\" content=\"es_ES\" \/>\n<meta property=\"og:type\" content=\"article\" \/>\n<meta property=\"og:title\" content=\"Un viaje al coraz\u00f3n de los Premios Vinari 2021 - 11ONZE\" \/>\n<meta property=\"og:description\" content=\"Descubrimos como se organiza la cata final de los Premios Vinari a la Bodega de Rub\u00ed de los mejores vinos catalanes.\" \/>\n<meta property=\"og:url\" content=\"https:\/\/www.11onze.cat\/es\/magazine\/viaje-corazon-premios-vinari-2021\/\" \/>\n<meta property=\"og:site_name\" content=\"11Onze\" \/>\n<meta property=\"article:publisher\" content=\"https:\/\/www.facebook.com\/11OnzeComunitat\" \/>\n<meta property=\"article:published_time\" content=\"2021-09-14T11:17:00+00:00\" \/>\n<meta property=\"article:modified_time\" content=\"2021-09-15T07:44:18+00:00\" \/>\n<meta property=\"og:image\" content=\"https:\/\/www.11onze.cat\/wp-content\/uploads\/2021\/09\/THUMBNAIL_VINARI_GUANYADORS.jpg\" \/>\n\t<meta property=\"og:image:width\" content=\"1500\" \/>\n\t<meta property=\"og:image:height\" content=\"1125\" \/>\n\t<meta property=\"og:image:type\" content=\"image\/jpeg\" \/>\n<meta name=\"author\" content=\"Equip Editorial\" \/>\n<meta name=\"twitter:card\" content=\"summary_large_image\" \/>\n<meta name=\"twitter:creator\" content=\"@11OnzeFintech\" \/>\n<meta name=\"twitter:site\" content=\"@11OnzeFintech\" \/>\n<meta name=\"twitter:label1\" content=\"Escrito por\" \/>\n\t<meta name=\"twitter:data1\" content=\"Equip Editorial\" \/>\n<script type=\"application\/ld+json\" class=\"yoast-schema-graph\">{\"@context\":\"https:\\\/\\\/schema.org\",\"@graph\":[{\"@type\":\"Article\",\"@id\":\"https:\\\/\\\/www.11onze.cat\\\/es\\\/magazine\\\/viaje-corazon-premios-vinari-2021\\\/#article\",\"isPartOf\":{\"@id\":\"https:\\\/\\\/www.11onze.cat\\\/es\\\/magazine\\\/viaje-corazon-premios-vinari-2021\\\/\"},\"author\":{\"name\":\"Equip Editorial\",\"@id\":\"https:\\\/\\\/www.11onze.cat\\\/es\\\/#\\\/schema\\\/person\\\/636d99b4c82bb7178687ecd43c3a61bd\"},\"headline\":\"Un viaje al coraz\u00f3n de los Premios Vinari 2021\",\"datePublished\":\"2021-09-14T11:17:00+00:00\",\"dateModified\":\"2021-09-15T07:44:18+00:00\",\"mainEntityOfPage\":{\"@id\":\"https:\\\/\\\/www.11onze.cat\\\/es\\\/magazine\\\/viaje-corazon-premios-vinari-2021\\\/\"},\"wordCount\":9,\"commentCount\":0,\"publisher\":{\"@id\":\"https:\\\/\\\/www.11onze.cat\\\/es\\\/#organization\"},\"image\":{\"@id\":\"https:\\\/\\\/www.11onze.cat\\\/es\\\/magazine\\\/viaje-corazon-premios-vinari-2021\\\/#primaryimage\"},\"thumbnailUrl\":\"https:\\\/\\\/www.11onze.cat\\\/wp-content\\\/uploads\\\/2021\\\/09\\\/THUMBNAIL_VINARI_GUANYADORS.jpg\",\"keywords\":[\"Cultura\"],\"articleSection\":[\"Sin categorizar\"],\"inLanguage\":\"es\",\"potentialAction\":[{\"@type\":\"CommentAction\",\"name\":\"Comment\",\"target\":[\"https:\\\/\\\/www.11onze.cat\\\/es\\\/magazine\\\/viaje-corazon-premios-vinari-2021\\\/#respond\"]}]},{\"@type\":\"WebPage\",\"@id\":\"https:\\\/\\\/www.11onze.cat\\\/es\\\/magazine\\\/viaje-corazon-premios-vinari-2021\\\/\",\"url\":\"https:\\\/\\\/www.11onze.cat\\\/es\\\/magazine\\\/viaje-corazon-premios-vinari-2021\\\/\",\"name\":\"Un viaje al coraz\u00f3n de los Premios Vinari 2021 - 11ONZE\",\"isPartOf\":{\"@id\":\"https:\\\/\\\/www.11onze.cat\\\/es\\\/#website\"},\"primaryImageOfPage\":{\"@id\":\"https:\\\/\\\/www.11onze.cat\\\/es\\\/magazine\\\/viaje-corazon-premios-vinari-2021\\\/#primaryimage\"},\"image\":{\"@id\":\"https:\\\/\\\/www.11onze.cat\\\/es\\\/magazine\\\/viaje-corazon-premios-vinari-2021\\\/#primaryimage\"},\"thumbnailUrl\":\"https:\\\/\\\/www.11onze.cat\\\/wp-content\\\/uploads\\\/2021\\\/09\\\/THUMBNAIL_VINARI_GUANYADORS.jpg\",\"datePublished\":\"2021-09-14T11:17:00+00:00\",\"dateModified\":\"2021-09-15T07:44:18+00:00\",\"description\":\"Descubrimos como se organiza la cata final de los Premios Vinari a la Bodega de Rub\u00ed de los mejores vinos catalanes.\",\"breadcrumb\":{\"@id\":\"https:\\\/\\\/www.11onze.cat\\\/es\\\/magazine\\\/viaje-corazon-premios-vinari-2021\\\/#breadcrumb\"},\"inLanguage\":\"es\",\"potentialAction\":[{\"@type\":\"ReadAction\",\"target\":[\"https:\\\/\\\/www.11onze.cat\\\/es\\\/magazine\\\/viaje-corazon-premios-vinari-2021\\\/\"]}]},{\"@type\":\"ImageObject\",\"inLanguage\":\"es\",\"@id\":\"https:\\\/\\\/www.11onze.cat\\\/es\\\/magazine\\\/viaje-corazon-premios-vinari-2021\\\/#primaryimage\",\"url\":\"https:\\\/\\\/www.11onze.cat\\\/wp-content\\\/uploads\\\/2021\\\/09\\\/THUMBNAIL_VINARI_GUANYADORS.jpg\",\"contentUrl\":\"https:\\\/\\\/www.11onze.cat\\\/wp-content\\\/uploads\\\/2021\\\/09\\\/THUMBNAIL_VINARI_GUANYADORS.jpg\",\"width\":1500,\"height\":1125},{\"@type\":\"BreadcrumbList\",\"@id\":\"https:\\\/\\\/www.11onze.cat\\\/es\\\/magazine\\\/viaje-corazon-premios-vinari-2021\\\/#breadcrumb\",\"itemListElement\":[{\"@type\":\"ListItem\",\"position\":1,\"name\":\"Home\",\"item\":\"https:\\\/\\\/www.11onze.cat\\\/es\\\/\"},{\"@type\":\"ListItem\",\"position\":2,\"name\":\"Un viaje al coraz\u00f3n de los Premios Vinari 2021\"}]},{\"@type\":\"WebSite\",\"@id\":\"https:\\\/\\\/www.11onze.cat\\\/es\\\/#website\",\"url\":\"https:\\\/\\\/www.11onze.cat\\\/es\\\/\",\"name\":\"11Onze\",\"description\":\"Primera comunidad fintech digital en Catalu\u00f1a\",\"publisher\":{\"@id\":\"https:\\\/\\\/www.11onze.cat\\\/es\\\/#organization\"},\"potentialAction\":[{\"@type\":\"SearchAction\",\"target\":{\"@type\":\"EntryPoint\",\"urlTemplate\":\"https:\\\/\\\/www.11onze.cat\\\/es\\\/?s={search_term_string}\"},\"query-input\":{\"@type\":\"PropertyValueSpecification\",\"valueRequired\":true,\"valueName\":\"search_term_string\"}}],\"inLanguage\":\"es\"},{\"@type\":\"Organization\",\"@id\":\"https:\\\/\\\/www.11onze.cat\\\/es\\\/#organization\",\"name\":\"11Onze\",\"url\":\"https:\\\/\\\/www.11onze.cat\\\/es\\\/\",\"logo\":{\"@type\":\"ImageObject\",\"inLanguage\":\"es\",\"@id\":\"https:\\\/\\\/www.11onze.cat\\\/es\\\/#\\\/schema\\\/logo\\\/image\\\/\",\"url\":\"https:\\\/\\\/www.11onze.cat\\\/wp-content\\\/uploads\\\/2021\\\/04\\\/512x512-11Onze.jpg\",\"contentUrl\":\"https:\\\/\\\/www.11onze.cat\\\/wp-content\\\/uploads\\\/2021\\\/04\\\/512x512-11Onze.jpg\",\"width\":512,\"height\":512,\"caption\":\"11Onze\"},\"image\":{\"@id\":\"https:\\\/\\\/www.11onze.cat\\\/es\\\/#\\\/schema\\\/logo\\\/image\\\/\"},\"sameAs\":[\"https:\\\/\\\/www.facebook.com\\\/11OnzeComunitat\",\"https:\\\/\\\/x.com\\\/11OnzeFintech\",\"https:\\\/\\\/www.instagram.com\\\/11onzecat\\\/\",\"https:\\\/\\\/www.linkedin.com\\\/company\\\/11onzebanc\",\"https:\\\/\\\/www.youtube.com\\\/channel\\\/UCz63R8Byd_kBKtK2M4Qf_7w\"]},{\"@type\":\"Person\",\"@id\":\"https:\\\/\\\/www.11onze.cat\\\/es\\\/#\\\/schema\\\/person\\\/636d99b4c82bb7178687ecd43c3a61bd\",\"name\":\"Equip Editorial\",\"image\":{\"@type\":\"ImageObject\",\"inLanguage\":\"es\",\"@id\":\"https:\\\/\\\/www.11onze.cat\\\/wp-content\\\/uploads\\\/2022\\\/05\\\/HEADER_AGENTS_DECK-300x300.jpg\",\"url\":\"https:\\\/\\\/www.11onze.cat\\\/wp-content\\\/uploads\\\/2022\\\/05\\\/HEADER_AGENTS_DECK-300x300.jpg\",\"contentUrl\":\"https:\\\/\\\/www.11onze.cat\\\/wp-content\\\/uploads\\\/2022\\\/05\\\/HEADER_AGENTS_DECK-300x300.jpg\",\"caption\":\"Equip Editorial\"},\"url\":\"https:\\\/\\\/www.11onze.cat\\\/es\\\/magazine\\\/author\\\/equip-editorial-11onze\\\/\"}]}<\/script>\n<!-- \/ Yoast SEO plugin. -->","yoast_head_json":{"title":"Un viaje al coraz\u00f3n de los Premios Vinari 2021 - 11ONZE","description":"Descubrimos como se organiza la cata final de los Premios Vinari a la Bodega de Rub\u00ed de los mejores vinos catalanes.","robots":{"index":"index","follow":"follow","max-snippet":"max-snippet:-1","max-image-preview":"max-image-preview:large","max-video-preview":"max-video-preview:-1"},"canonical":"https:\/\/www.11onze.cat\/es\/magazine\/viaje-corazon-premios-vinari-2021\/","og_locale":"es_ES","og_type":"article","og_title":"Un viaje al coraz\u00f3n de los Premios Vinari 2021 - 11ONZE","og_description":"Descubrimos como se organiza la cata final de los Premios Vinari a la Bodega de Rub\u00ed de los mejores vinos catalanes.","og_url":"https:\/\/www.11onze.cat\/es\/magazine\/viaje-corazon-premios-vinari-2021\/","og_site_name":"11Onze","article_publisher":"https:\/\/www.facebook.com\/11OnzeComunitat","article_published_time":"2021-09-14T11:17:00+00:00","article_modified_time":"2021-09-15T07:44:18+00:00","og_image":[{"width":1500,"height":1125,"url":"https:\/\/www.11onze.cat\/wp-content\/uploads\/2021\/09\/THUMBNAIL_VINARI_GUANYADORS.jpg","type":"image\/jpeg"}],"author":"Equip Editorial","twitter_card":"summary_large_image","twitter_creator":"@11OnzeFintech","twitter_site":"@11OnzeFintech","twitter_misc":{"Escrito por":"Equip Editorial"},"schema":{"@context":"https:\/\/schema.org","@graph":[{"@type":"Article","@id":"https:\/\/www.11onze.cat\/es\/magazine\/viaje-corazon-premios-vinari-2021\/#article","isPartOf":{"@id":"https:\/\/www.11onze.cat\/es\/magazine\/viaje-corazon-premios-vinari-2021\/"},"author":{"name":"Equip Editorial","@id":"https:\/\/www.11onze.cat\/es\/#\/schema\/person\/636d99b4c82bb7178687ecd43c3a61bd"},"headline":"Un viaje al coraz\u00f3n de los Premios Vinari 2021","datePublished":"2021-09-14T11:17:00+00:00","dateModified":"2021-09-15T07:44:18+00:00","mainEntityOfPage":{"@id":"https:\/\/www.11onze.cat\/es\/magazine\/viaje-corazon-premios-vinari-2021\/"},"wordCount":9,"commentCount":0,"publisher":{"@id":"https:\/\/www.11onze.cat\/es\/#organization"},"image":{"@id":"https:\/\/www.11onze.cat\/es\/magazine\/viaje-corazon-premios-vinari-2021\/#primaryimage"},"thumbnailUrl":"https:\/\/www.11onze.cat\/wp-content\/uploads\/2021\/09\/THUMBNAIL_VINARI_GUANYADORS.jpg","keywords":["Cultura"],"articleSection":["Sin categorizar"],"inLanguage":"es","potentialAction":[{"@type":"CommentAction","name":"Comment","target":["https:\/\/www.11onze.cat\/es\/magazine\/viaje-corazon-premios-vinari-2021\/#respond"]}]},{"@type":"WebPage","@id":"https:\/\/www.11onze.cat\/es\/magazine\/viaje-corazon-premios-vinari-2021\/","url":"https:\/\/www.11onze.cat\/es\/magazine\/viaje-corazon-premios-vinari-2021\/","name":"Un viaje al coraz\u00f3n de los Premios Vinari 2021 - 11ONZE","isPartOf":{"@id":"https:\/\/www.11onze.cat\/es\/#website"},"primaryImageOfPage":{"@id":"https:\/\/www.11onze.cat\/es\/magazine\/viaje-corazon-premios-vinari-2021\/#primaryimage"},"image":{"@id":"https:\/\/www.11onze.cat\/es\/magazine\/viaje-corazon-premios-vinari-2021\/#primaryimage"},"thumbnailUrl":"https:\/\/www.11onze.cat\/wp-content\/uploads\/2021\/09\/THUMBNAIL_VINARI_GUANYADORS.jpg","datePublished":"2021-09-14T11:17:00+00:00","dateModified":"2021-09-15T07:44:18+00:00","description":"Descubrimos como se organiza la cata final de los Premios Vinari a la Bodega de Rub\u00ed de los mejores vinos catalanes.","breadcrumb":{"@id":"https:\/\/www.11onze.cat\/es\/magazine\/viaje-corazon-premios-vinari-2021\/#breadcrumb"},"inLanguage":"es","potentialAction":[{"@type":"ReadAction","target":["https:\/\/www.11onze.cat\/es\/magazine\/viaje-corazon-premios-vinari-2021\/"]}]},{"@type":"ImageObject","inLanguage":"es","@id":"https:\/\/www.11onze.cat\/es\/magazine\/viaje-corazon-premios-vinari-2021\/#primaryimage","url":"https:\/\/www.11onze.cat\/wp-content\/uploads\/2021\/09\/THUMBNAIL_VINARI_GUANYADORS.jpg","contentUrl":"https:\/\/www.11onze.cat\/wp-content\/uploads\/2021\/09\/THUMBNAIL_VINARI_GUANYADORS.jpg","width":1500,"height":1125},{"@type":"BreadcrumbList","@id":"https:\/\/www.11onze.cat\/es\/magazine\/viaje-corazon-premios-vinari-2021\/#breadcrumb","itemListElement":[{"@type":"ListItem","position":1,"name":"Home","item":"https:\/\/www.11onze.cat\/es\/"},{"@type":"ListItem","position":2,"name":"Un viaje al coraz\u00f3n de los Premios Vinari 2021"}]},{"@type":"WebSite","@id":"https:\/\/www.11onze.cat\/es\/#website","url":"https:\/\/www.11onze.cat\/es\/","name":"11Onze","description":"Primera comunidad fintech digital en Catalu\u00f1a","publisher":{"@id":"https:\/\/www.11onze.cat\/es\/#organization"},"potentialAction":[{"@type":"SearchAction","target":{"@type":"EntryPoint","urlTemplate":"https:\/\/www.11onze.cat\/es\/?s={search_term_string}"},"query-input":{"@type":"PropertyValueSpecification","valueRequired":true,"valueName":"search_term_string"}}],"inLanguage":"es"},{"@type":"Organization","@id":"https:\/\/www.11onze.cat\/es\/#organization","name":"11Onze","url":"https:\/\/www.11onze.cat\/es\/","logo":{"@type":"ImageObject","inLanguage":"es","@id":"https:\/\/www.11onze.cat\/es\/#\/schema\/logo\/image\/","url":"https:\/\/www.11onze.cat\/wp-content\/uploads\/2021\/04\/512x512-11Onze.jpg","contentUrl":"https:\/\/www.11onze.cat\/wp-content\/uploads\/2021\/04\/512x512-11Onze.jpg","width":512,"height":512,"caption":"11Onze"},"image":{"@id":"https:\/\/www.11onze.cat\/es\/#\/schema\/logo\/image\/"},"sameAs":["https:\/\/www.facebook.com\/11OnzeComunitat","https:\/\/x.com\/11OnzeFintech","https:\/\/www.instagram.com\/11onzecat\/","https:\/\/www.linkedin.com\/company\/11onzebanc","https:\/\/www.youtube.com\/channel\/UCz63R8Byd_kBKtK2M4Qf_7w"]},{"@type":"Person","@id":"https:\/\/www.11onze.cat\/es\/#\/schema\/person\/636d99b4c82bb7178687ecd43c3a61bd","name":"Equip Editorial","image":{"@type":"ImageObject","inLanguage":"es","@id":"https:\/\/www.11onze.cat\/wp-content\/uploads\/2022\/05\/HEADER_AGENTS_DECK-300x300.jpg","url":"https:\/\/www.11onze.cat\/wp-content\/uploads\/2022\/05\/HEADER_AGENTS_DECK-300x300.jpg","contentUrl":"https:\/\/www.11onze.cat\/wp-content\/uploads\/2022\/05\/HEADER_AGENTS_DECK-300x300.jpg","caption":"Equip Editorial"},"url":"https:\/\/www.11onze.cat\/es\/magazine\/author\/equip-editorial-11onze\/"}]}},"_links":{"self":[{"href":"https:\/\/www.11onze.cat\/es\/wp-json\/wp\/v2\/posts\/16398","targetHints":{"allow":["GET"]}}],"collection":[{"href":"https:\/\/www.11onze.cat\/es\/wp-json\/wp\/v2\/posts"}],"about":[{"href":"https:\/\/www.11onze.cat\/es\/wp-json\/wp\/v2\/types\/post"}],"author":[{"embeddable":true,"href":"https:\/\/www.11onze.cat\/es\/wp-json\/wp\/v2\/users\/71"}],"replies":[{"embeddable":true,"href":"https:\/\/www.11onze.cat\/es\/wp-json\/wp\/v2\/comments?post=16398"}],"version-history":[{"count":0,"href":"https:\/\/www.11onze.cat\/es\/wp-json\/wp\/v2\/posts\/16398\/revisions"}],"wp:featuredmedia":[{"embeddable":true,"href":"https:\/\/www.11onze.cat\/es\/wp-json\/wp\/v2\/media\/16360"}],"wp:attachment":[{"href":"https:\/\/www.11onze.cat\/es\/wp-json\/wp\/v2\/media?parent=16398"}],"wp:term":[{"taxonomy":"category","embeddable":true,"href":"https:\/\/www.11onze.cat\/es\/wp-json\/wp\/v2\/categories?post=16398"},{"taxonomy":"post_tag","embeddable":true,"href":"https:\/\/www.11onze.cat\/es\/wp-json\/wp\/v2\/tags?post=16398"}],"curies":[{"name":"wp","href":"https:\/\/api.w.org\/{rel}","templated":true}]}}