{"id":16297,"date":"2021-09-14T21:00:00","date_gmt":"2021-09-14T19:00:00","guid":{"rendered":"https:\/\/www.11onze.cat\/?p=16297"},"modified":"2021-09-15T09:45:11","modified_gmt":"2021-09-15T07:45:11","slug":"bienal-artesania-catalunya","status":"publish","type":"post","link":"https:\/\/www.11onze.cat\/es\/magazine\/bienal-artesania-catalunya\/","title":{"rendered":"En marcha la I Bienal de artesan\u00eda en Catalu\u00f1a"},"content":{"rendered":"<div class=\"component text\">\n  <div class=\"container\">\n\n\n    <div class=\"row\">\n      <div class=\"col  col-lg-8  offset-lg-2\">\n        <h3><b>Hasta el 19 de septiembre se podr\u00e1 visitar la primera edici\u00f3n de la Bienal de artesan\u00eda catalana, una propuesta impulsada por la Generalitat para visibilizar y transportar el talento artesano de Catalu\u00f1a todo el mundo<\/b><span style=\"font-weight: 400;\">.<\/span><\/h3>\n<p>&nbsp;<\/p>\n<p><span style=\"font-weight: 400;\">Es un proyecto impulsado por el <\/span><a href=\"https:\/\/linktr.ee\/artesaniacat\"><span style=\"font-weight: 400;\">\u00e1rea de artesan\u00eda<\/span><\/a><span style=\"font-weight: 400;\"> del Consorcio de Comercio, Artesan\u00eda y Moda (CCAM) de la Generalitat, y cuenta con el apoyo de la Asociaci\u00f3n de Galer\u00edas de Arte de Catalu\u00f1a (GAC). Jordi Torrades, director general del CCAM, destacaba la presentaci\u00f3n del proyecto la intenci\u00f3n de internacionalizar el arte y la artesan\u00eda catalana y procurarle prestigio y reconocimiento.<\/span><\/p>\n<p>&nbsp;<\/p>\n<h3><b>Internacionalizar el arte a trav\u00e9s de Visions of Catalonia<\/b><\/h3>\n<p><span style=\"font-weight: 400;\">El eje central del evento es la exposici\u00f3n <\/span><i><span style=\"font-weight: 400;\">Visions of Catalonia. Crafting Art<\/span><\/i><span style=\"font-weight: 400;\">, un formato que se repetir\u00e1 cada dos a\u00f1os con el objetivo de ser el escaparate del talento local. Este a\u00f1o se centra en la creaci\u00f3n art\u00edstica y artesana contempor\u00e1nea y cuenta con la obra de 31 artistas catalanes. Se podr\u00e1 visitar hasta el <\/span><b>19 de septiembre en el Centro de Artesan\u00eda de Catalunya<\/b><span style=\"font-weight: 400;\">, en la calle Banys Nous n\u00famero 11 de Barcelona. De cara al pr\u00f3ximo a\u00f1o se prev\u00e9 llevar la exposici\u00f3n a nuevas salas internacionales.<\/span><\/p>\n<p><span style=\"font-weight: 400;\">Con la direcci\u00f3n de David Plazas y el comisariado de M\u00f3nica Ramon y Rub\u00e8n Torres, se pretende que este espacio sirva de altavoz para difundir las nuevas expresiones de arte contempor\u00e1neo de nuestro pa\u00eds, creando la plataforma desde la que los artistas locales puedan mostrar y difundir sus obras, pero tambi\u00e9n aquello que hay detr\u00e1s. <\/span><b>Tan importante es el resultado final como el proceso<\/b><span style=\"font-weight: 400;\"> para llegar a \u00e9l, y por eso la exposici\u00f3n pone \u00e9nfasis en la t\u00e9cnica, el concepto, los materiales y el oficio de la artesan\u00eda con todo lo que engloba. Se podr\u00e1n encontrar t\u00e9cnicas como el papel al metal, la cer\u00e1mica, la madera o el textil.<\/span><\/p>\n<p><span style=\"font-weight: 400;\">Se pueden descubrir los artistas de esta primera edici\u00f3n de <\/span><i><span style=\"font-weight: 400;\">Visions of Catalonia<\/span><\/i> <a href=\"http:\/\/visionsofcatalonia.com\/artistes\/\"><span style=\"font-weight: 400;\">aqu\u00ed<\/span><\/a><span style=\"font-weight: 400;\">.<\/span><\/p>\n\n      <\/div>\n    <\/div>\n  <\/div>\n<\/div>\n\n\n<div class=\"component gallery\">\n  <div class=\"container\">\n    <div class=\"row\">\n      <div class=\"col col-lg-10 offset-lg-1\">\n        <div id=\"slider_1\" class=\"carousel slide\" data-wrap=\"false\" data-interval=\"false\">\n          <div class=\"carousel-inner\">\n            <div class=\"carousel-item active\">\n              <img decoding=\"async\" class=\"d-block w-100\" src=\"https:\/\/www.11onze.cat\/wp-content\/uploads\/2021\/09\/BIENNAL-1-1.jpg\" alt=\"\">\n              <div class=\"carousel-caption\">\n                <p class=\"dig-Title dig-Title--size-standard dig-Title--color-standard documentation-pane__title\">La curadora M\u00f3nica Ramon (izquierda) y la artista Carla <span class=\"hiddenSpellError\">Ma\u00f1osas<\/span> (derecha).<\/p>\n\n              <\/div>\n            <\/div>\n            <div class=\"carousel-item \">\n              <img decoding=\"async\" class=\"d-block w-100\" src=\"https:\/\/www.11onze.cat\/wp-content\/uploads\/2021\/09\/BIENNAL-2.jpg\" alt=\"\">\n              <div class=\"carousel-caption\">\n                <p>Per arbore at lunam de <a href=\"http:\/\/visionsofcatalonia.com\/project\/matilde-grau\/\">Matilde Grau<\/a> (2010).<\/p>\n\n              <\/div>\n            <\/div>\n            <div class=\"carousel-item \">\n              <img decoding=\"async\" class=\"d-block w-100\" src=\"https:\/\/www.11onze.cat\/wp-content\/uploads\/2021\/09\/BIENNAL-3-4.jpg\" alt=\"\">\n              <div class=\"carousel-caption\">\n                <p>Network Bowl de <a href=\"http:\/\/visionsofcatalonia.com\/project\/jean-briac\/\">Jean Briac<\/a> (2019).<\/p>\n\n              <\/div>\n            <\/div>\n            <div class=\"carousel-item \">\n              <img decoding=\"async\" class=\"d-block w-100\" src=\"https:\/\/www.11onze.cat\/wp-content\/uploads\/2021\/09\/BIENNAL-4-2.jpg\" alt=\"\">\n              <div class=\"carousel-caption\">\n                <p>Baecino 20 de <a href=\"http:\/\/visionsofcatalonia.com\/project\/lluis-comin\/\">Llu\u00eds Com\u00edn<\/a> (2018).<\/p>\n\n              <\/div>\n            <\/div>\n            <div class=\"carousel-item \">\n              <img decoding=\"async\" class=\"d-block w-100\" src=\"https:\/\/www.11onze.cat\/wp-content\/uploads\/2021\/09\/BIENNAL-5-1-scaled.jpg\" alt=\"\">\n              <div class=\"carousel-caption\">\n                <p>N\u00fam. 1579 Broche de la serie Arquitectures Subtils de <a href=\"http:\/\/visionsofcatalonia.com\/project\/ramon-puig\/\">Ramon Puig<\/a> (2015).<\/p>\n\n              <\/div>\n            <\/div>\n            <div class=\"carousel-item \">\n              <img decoding=\"async\" class=\"d-block w-100\" src=\"https:\/\/www.11onze.cat\/wp-content\/uploads\/2021\/09\/BIENNAL-6.jpg\" alt=\"\">\n              <div class=\"carousel-caption\">\n                <p>La artista <a href=\"http:\/\/visionsofcatalonia.com\/project\/tura-sanglas\/\">Tura Sanglas<\/a>.<\/p>\n\n              <\/div>\n            <\/div>\n            <div class=\"carousel-item \">\n              <img decoding=\"async\" class=\"d-block w-100\" src=\"https:\/\/www.11onze.cat\/wp-content\/uploads\/2021\/09\/BIENNAL-7-1-scaled.jpg\" alt=\"\">\n              <div class=\"carousel-caption\">\n                <p>YELLOWWYK2001 de <a href=\"http:\/\/visionsofcatalonia.com\/project\/roger-coll\/\">Roger Coll<\/a> (2020).<\/p>\n\n              <\/div>\n            <\/div>\n            <div class=\"carousel-item \">\n              <img decoding=\"async\" class=\"d-block w-100\" src=\"https:\/\/www.11onze.cat\/wp-content\/uploads\/2021\/09\/BIENNAL-8-1.jpg\" alt=\"\">\n              <div class=\"carousel-caption\">\n                <p>Baixamar de <a href=\"http:\/\/visionsofcatalonia.com\/project\/ruth-cepedano\/\">Ruth Cepedano<\/a> (2016).<\/p>\n\n              <\/div>\n            <\/div>\n            <div class=\"carousel-item \">\n              <img decoding=\"async\" class=\"d-block w-100\" src=\"https:\/\/www.11onze.cat\/wp-content\/uploads\/2021\/09\/BIENNAL-9.jpg\" alt=\"\">\n              <div class=\"carousel-caption\">\n                <p>Obre la porta i entra en un m\u00f3n on tot \u00e9s possible de <a href=\"http:\/\/visionsofcatalonia.com\/project\/francesca-poza\/\">Francesca Poza<\/a> (2019).<\/p>\n\n              <\/div>\n            <\/div>\n            <div class=\"carousel-item \">\n              <img decoding=\"async\" class=\"d-block w-100\" src=\"https:\/\/www.11onze.cat\/wp-content\/uploads\/2021\/09\/BIENNAL-10.jpg\" alt=\"\">\n              <div class=\"carousel-caption\">\n                <p>Trypophobia de <a href=\"http:\/\/visionsofcatalonia.com\/project\/luesma-vega\/\">Luesma &amp; Vega<\/a> (2021).<\/p>\n\n              <\/div>\n            <\/div>\n            <div class=\"carousel-item \">\n              <img decoding=\"async\" class=\"d-block w-100\" src=\"https:\/\/www.11onze.cat\/wp-content\/uploads\/2021\/09\/BIENNAL-11.jpg\" alt=\"\">\n              <div class=\"carousel-caption\">\n                <p>El director Jordi Torrades (izquierda) y la curadora M\u00f3nica Ramon (derecha).<\/p>\n\n              <\/div>\n            <\/div>\n          <\/div>\n          <div class=\"nbs\">\n            <span class=\"current\"><\/span> \/ <span class=\"length\"><\/span>\n          <\/div>\n          <a class=\"carousel-control-prev\" href=\"#slider_1\" role=\"button\" data-slide=\"prev\">\n            <svg width=\"7\" height=\"12\" viewBox=\"0 0 7 12\" fill=\"none\" xmlns=\"http:\/\/www.w3.org\/2000\/svg\">\n              <path d=\"M6 11L1 6L6 1\" stroke=\"#314651\" stroke-width=\"2\" stroke-linecap=\"round\" stroke-linejoin=\"round\"><\/path>\n            <\/svg>\n          <\/a>\n          <a class=\"carousel-control-next\" href=\"#slider_1\" role=\"button\" data-slide=\"next\">\n            <svg width=\"7\" height=\"12\" viewBox=\"0 0 7 12\" fill=\"none\" xmlns=\"http:\/\/www.w3.org\/2000\/svg\">\n              <path d=\"M1 1L6 6L1 11\" stroke=\"#314651\" stroke-width=\"2\" stroke-linecap=\"round\" stroke-linejoin=\"round\"><\/path>\n            <\/svg>\n          <\/a>\n        <\/div>\n      <\/div>\n    <\/div>\n  <\/div>\n<\/div>\n\n<div class=\"component text\">\n  <div class=\"container\">\n\n\n    <div class=\"row\">\n      <div class=\"col  col-lg-8  offset-lg-2\">\n        <h3><b>Visibilidad y reconocimiento para impulsar la artesan\u00eda<\/b><\/h3>\n<p><span style=\"font-weight: 400;\">La visibilidad e internacionalizaci\u00f3n del arte catal\u00e1n es un punto clave en el desarrollo cultural de un pa\u00eds, pero hay que ir m\u00e1s all\u00e1. Los artistas y artesanos buscan vivir de su oficio, en un momento social en que <\/span><b>la tecnolog\u00eda ha desbancado gran parte de las t\u00e9cnicas artesanas<\/b><span style=\"font-weight: 400;\">, deshumanizando los procesos de creaci\u00f3n. En esta l\u00ednea, la CCAM inici\u00f3 una campa\u00f1a para potenciar el consumo de productos artesanos. Bajo el hashtag #ConsumeixArtesania, se ha creado un <\/span><a href=\"http:\/\/ccam.gencat.cat\/ca\/arees_actuacio\/artesania\/catalunya-artesana\/compra-artesania\/\"><span style=\"font-weight: 400;\">buscador<\/span><\/a><span style=\"font-weight: 400;\"> que recoge todos los puntos donde se pueden comprar estos productos en Catalu\u00f1a.<\/span><\/p>\n<p><span style=\"font-weight: 400;\">Tan importante es reconocer la labor de la artesan\u00eda como evitar que se comercialicen productos bajo la etiqueta de artesan\u00eda que verdaderamente no lo son. Para evitarlo, en Catalu\u00f1a existen los <\/span><a href=\"http:\/\/ccam.gencat.cat\/ca\/tramits\/per_temes\/Carnet-dartesa-a?category=72fa9948-a82c-11e3-a972-000c29052e2c&amp;temesNom=Comer%C3%A7%20i%20consum\"><b>carnets de artesan\u00eda<\/b><\/a><span style=\"font-weight: 400;\">, que dan al consumidor final la certeza de que el producto ha sido realizado con materia prima natural o reciclada, y que no se ha hecho una producci\u00f3n industrial para comercializarlo.<\/span><\/p>\n<p><span style=\"font-weight: 400;\">La amplia oferta de productores artesanos de Catalu\u00f1a muestra el buen estado de salud de este sector, que adem\u00e1s del impulso\u00a0 de visibilizaci\u00f3n internacional, necesita el reconocimiento local y la apuesta de los consumidores para seguir creciendo y hacerse un sitio en plena era del consumo industrial.<\/span><\/p>\n<ul>\n<li><b>V\u00eda: <\/b><a href=\"https:\/\/govern.cat\/salapremsa\/notes-premsa\/411491\/generalitat-impulsa-biennal-artesania-catalana-posicionar-exportar-talent-dels-artesans-catalans-al-mon\">govern.cat<\/a><\/li>\n<\/ul>\n<p><b>\u00bfQuieres ser el primero en recibir las \u00faltimas noticias sobre 11Onze? Clica <\/b><a href=\"https:\/\/t.me\/ONZEbanc\"><b>aqu\u00ed<\/b><\/a><b> para suscribirte a nuestro canal de <\/b><a href=\"https:\/\/t.me\/ONZEbanc\"><b>Telegram<\/b><\/a><\/p>\n\n      <\/div>\n    <\/div>\n  <\/div>\n<\/div>\n\n\n<div class=\"component cards\">\n  <div class=\"container\">\n    <div class=\"row\">\n      <div class=\"col col-xl-8 offset-xl-2\">\n        <h1>Si te ha gustado este art\u00edculo, te recomendamos:<\/h1>\n        <div class=\"cards__wrapper\">\n          <div class=\"card\">\n            <a href=\"https:\/\/www.11onze.cat\/es\/magazine\/tecnologia-arte-combinacion-explosiva\/\" class=\"card-link\" target=\"_self\"><\/a>\n            <div class=\"card-img\">\n              <img decoding=\"async\" src=\"https:\/\/www.11onze.cat\/wp-content\/uploads\/2021\/06\/THUMBNAIL_TECNOLOGIA_ART-800x535.jpg\" class=\"card-img-top\" alt=\"\">\n                <span class=\"card-category\">Cultura<\/span>\n            <\/div>\n            <div class=\"card-body\">\n              <p class=\"card-title p2\"><strong>Tecnolog\u00eda y arte<\/strong><\/p>\n              <span class=\"card-time\">6min lectura<\/span>\n              <p class=\"card-text small\">El arte digital es capaz de cualquier cosa: ha batido el r\u00e9cord al venderse una obra de<\/p>\n            <\/div>\n          <\/div>\n\n\n          <div class=\"card\">\n            <a href=\"https:\/\/www.11onze.cat\/es\/magazine\/creativos-emprendedores-11onze-palo-market\/\" class=\"card-link\" target=\"_self\"><\/a>\n            <div class=\"card-img\">\n              <img decoding=\"async\" src=\"https:\/\/www.11onze.cat\/wp-content\/uploads\/2021\/09\/THUMBNAIL_PALO_ALTO_6-607x600.jpg\" class=\"card-img-top\" alt=\"\">\n                <span class=\"card-category\">11Onze<\/span>\n            <\/div>\n            <div class=\"card-body\">\n              <p class=\"card-title p2\"><strong>11Onze en Palo Market<\/strong><\/p>\n              <span class=\"card-time\">4min lectura<\/span>\n              <p class=\"card-text small\">11Onze, la primera fintech de los Pa\u00edses Catalanes, hizo su primer acto p\u00fablico en el Palo Market<\/p>\n            <\/div>\n          <\/div>\n\n\n          <div class=\"card\">\n            <a href=\"https:\/\/www.11onze.cat\/es\/magazine\/mas-blanch-jove-amor-tierra-arte\/\" class=\"card-link\" target=\"_self\"><\/a>\n            <div class=\"card-img\">\n              <img decoding=\"async\" src=\"https:\/\/www.11onze.cat\/wp-content\/uploads\/2021\/09\/THUMBNAIL_DO_COSTERS_SEGRE-800x533.jpg\" class=\"card-img-top\" alt=\"\">\n                <span class=\"card-category\">Cultura<\/span>\n            <\/div>\n            <div class=\"card-body\">\n              <p class=\"card-title p2\"><strong>Mas Blanch i Jov\u00e9<\/strong><\/p>\n              <span class=\"card-time\">6min lectura<\/span>\n              <p class=\"card-text small\">El amor y el respeto a la tierra, junto con el arte, hacen de la Bodega Blanch y Jov\u00e9, de la<\/p>\n            <\/div>\n          <\/div>\n\n              <\/div>\n              <br>\n              <br>\n              <div class=\"cards__wrapper\">\n\n        <\/div>\n      <\/div>\n    <\/div>\n  <\/div>\n<\/div>","protected":false},"excerpt":{"rendered":"","protected":false},"author":71,"featured_media":16204,"comment_status":"open","ping_status":"closed","sticky":false,"template":"","format":"standard","meta":{"_acf_changed":false,"content-type":"","footnotes":""},"categories":[28],"tags":[180],"class_list":["post-16297","post","type-post","status-publish","format-standard","has-post-thumbnail","hentry","category-sin-categorizar","tag-cultura-es"],"acf":[],"yoast_head":"<!-- This site is optimized with the Yoast SEO plugin v27.5 - https:\/\/yoast.com\/product\/yoast-seo-wordpress\/ -->\n<title>En marcha la I Bienal de artesan\u00eda en Catalu\u00f1a - 11ONZE<\/title>\n<meta name=\"description\" content=\"Catalu\u00f1a impulsa la Bienal de artesan\u00eda catalana, una apuesta para visibilizar las creaciones art\u00edsticas y artesanas de artistas locales.\" \/>\n<meta name=\"robots\" content=\"index, follow, max-snippet:-1, max-image-preview:large, max-video-preview:-1\" \/>\n<link rel=\"canonical\" href=\"https:\/\/www.11onze.cat\/es\/magazine\/bienal-artesania-catalunya\/\" \/>\n<meta property=\"og:locale\" content=\"es_ES\" \/>\n<meta property=\"og:type\" content=\"article\" \/>\n<meta property=\"og:title\" content=\"En marcha la I Bienal de artesan\u00eda en Catalu\u00f1a - 11ONZE\" \/>\n<meta property=\"og:description\" content=\"Catalu\u00f1a impulsa la Bienal de artesan\u00eda catalana, una apuesta para visibilizar las creaciones art\u00edsticas y artesanas de artistas locales.\" \/>\n<meta property=\"og:url\" content=\"https:\/\/www.11onze.cat\/es\/magazine\/bienal-artesania-catalunya\/\" \/>\n<meta property=\"og:site_name\" content=\"11Onze\" \/>\n<meta property=\"article:publisher\" content=\"https:\/\/www.facebook.com\/11OnzeComunitat\" \/>\n<meta property=\"article:published_time\" content=\"2021-09-14T19:00:00+00:00\" \/>\n<meta property=\"article:modified_time\" content=\"2021-09-15T07:45:11+00:00\" \/>\n<meta property=\"og:image\" content=\"https:\/\/www.11onze.cat\/wp-content\/uploads\/2021\/09\/THUMBNAIL_BIENNAL_ARTESANIA.jpg\" \/>\n\t<meta property=\"og:image:width\" content=\"1500\" \/>\n\t<meta property=\"og:image:height\" content=\"1125\" \/>\n\t<meta property=\"og:image:type\" content=\"image\/jpeg\" \/>\n<meta name=\"author\" content=\"Equip Editorial\" \/>\n<meta name=\"twitter:card\" content=\"summary_large_image\" \/>\n<meta name=\"twitter:creator\" content=\"@11OnzeFintech\" \/>\n<meta name=\"twitter:site\" content=\"@11OnzeFintech\" \/>\n<meta name=\"twitter:label1\" content=\"Escrito por\" \/>\n\t<meta name=\"twitter:data1\" content=\"Equip Editorial\" \/>\n<script type=\"application\/ld+json\" class=\"yoast-schema-graph\">{\"@context\":\"https:\\\/\\\/schema.org\",\"@graph\":[{\"@type\":\"Article\",\"@id\":\"https:\\\/\\\/www.11onze.cat\\\/es\\\/magazine\\\/bienal-artesania-catalunya\\\/#article\",\"isPartOf\":{\"@id\":\"https:\\\/\\\/www.11onze.cat\\\/es\\\/magazine\\\/bienal-artesania-catalunya\\\/\"},\"author\":{\"name\":\"Equip Editorial\",\"@id\":\"https:\\\/\\\/www.11onze.cat\\\/es\\\/#\\\/schema\\\/person\\\/636d99b4c82bb7178687ecd43c3a61bd\"},\"headline\":\"En marcha la I Bienal de artesan\u00eda en Catalu\u00f1a\",\"datePublished\":\"2021-09-14T19:00:00+00:00\",\"dateModified\":\"2021-09-15T07:45:11+00:00\",\"mainEntityOfPage\":{\"@id\":\"https:\\\/\\\/www.11onze.cat\\\/es\\\/magazine\\\/bienal-artesania-catalunya\\\/\"},\"wordCount\":11,\"commentCount\":0,\"publisher\":{\"@id\":\"https:\\\/\\\/www.11onze.cat\\\/es\\\/#organization\"},\"image\":{\"@id\":\"https:\\\/\\\/www.11onze.cat\\\/es\\\/magazine\\\/bienal-artesania-catalunya\\\/#primaryimage\"},\"thumbnailUrl\":\"https:\\\/\\\/www.11onze.cat\\\/wp-content\\\/uploads\\\/2021\\\/09\\\/THUMBNAIL_BIENNAL_ARTESANIA.jpg\",\"keywords\":[\"Cultura\"],\"articleSection\":[\"Sin categorizar\"],\"inLanguage\":\"es\",\"potentialAction\":[{\"@type\":\"CommentAction\",\"name\":\"Comment\",\"target\":[\"https:\\\/\\\/www.11onze.cat\\\/es\\\/magazine\\\/bienal-artesania-catalunya\\\/#respond\"]}]},{\"@type\":\"WebPage\",\"@id\":\"https:\\\/\\\/www.11onze.cat\\\/es\\\/magazine\\\/bienal-artesania-catalunya\\\/\",\"url\":\"https:\\\/\\\/www.11onze.cat\\\/es\\\/magazine\\\/bienal-artesania-catalunya\\\/\",\"name\":\"En marcha la I Bienal de artesan\u00eda en Catalu\u00f1a - 11ONZE\",\"isPartOf\":{\"@id\":\"https:\\\/\\\/www.11onze.cat\\\/es\\\/#website\"},\"primaryImageOfPage\":{\"@id\":\"https:\\\/\\\/www.11onze.cat\\\/es\\\/magazine\\\/bienal-artesania-catalunya\\\/#primaryimage\"},\"image\":{\"@id\":\"https:\\\/\\\/www.11onze.cat\\\/es\\\/magazine\\\/bienal-artesania-catalunya\\\/#primaryimage\"},\"thumbnailUrl\":\"https:\\\/\\\/www.11onze.cat\\\/wp-content\\\/uploads\\\/2021\\\/09\\\/THUMBNAIL_BIENNAL_ARTESANIA.jpg\",\"datePublished\":\"2021-09-14T19:00:00+00:00\",\"dateModified\":\"2021-09-15T07:45:11+00:00\",\"description\":\"Catalu\u00f1a impulsa la Bienal de artesan\u00eda catalana, una apuesta para visibilizar las creaciones art\u00edsticas y artesanas de artistas locales.\",\"breadcrumb\":{\"@id\":\"https:\\\/\\\/www.11onze.cat\\\/es\\\/magazine\\\/bienal-artesania-catalunya\\\/#breadcrumb\"},\"inLanguage\":\"es\",\"potentialAction\":[{\"@type\":\"ReadAction\",\"target\":[\"https:\\\/\\\/www.11onze.cat\\\/es\\\/magazine\\\/bienal-artesania-catalunya\\\/\"]}]},{\"@type\":\"ImageObject\",\"inLanguage\":\"es\",\"@id\":\"https:\\\/\\\/www.11onze.cat\\\/es\\\/magazine\\\/bienal-artesania-catalunya\\\/#primaryimage\",\"url\":\"https:\\\/\\\/www.11onze.cat\\\/wp-content\\\/uploads\\\/2021\\\/09\\\/THUMBNAIL_BIENNAL_ARTESANIA.jpg\",\"contentUrl\":\"https:\\\/\\\/www.11onze.cat\\\/wp-content\\\/uploads\\\/2021\\\/09\\\/THUMBNAIL_BIENNAL_ARTESANIA.jpg\",\"width\":1500,\"height\":1125},{\"@type\":\"BreadcrumbList\",\"@id\":\"https:\\\/\\\/www.11onze.cat\\\/es\\\/magazine\\\/bienal-artesania-catalunya\\\/#breadcrumb\",\"itemListElement\":[{\"@type\":\"ListItem\",\"position\":1,\"name\":\"Home\",\"item\":\"https:\\\/\\\/www.11onze.cat\\\/es\\\/\"},{\"@type\":\"ListItem\",\"position\":2,\"name\":\"En marcha la I Bienal de artesan\u00eda en Catalu\u00f1a\"}]},{\"@type\":\"WebSite\",\"@id\":\"https:\\\/\\\/www.11onze.cat\\\/es\\\/#website\",\"url\":\"https:\\\/\\\/www.11onze.cat\\\/es\\\/\",\"name\":\"11Onze\",\"description\":\"Primera comunidad fintech digital en Catalu\u00f1a\",\"publisher\":{\"@id\":\"https:\\\/\\\/www.11onze.cat\\\/es\\\/#organization\"},\"potentialAction\":[{\"@type\":\"SearchAction\",\"target\":{\"@type\":\"EntryPoint\",\"urlTemplate\":\"https:\\\/\\\/www.11onze.cat\\\/es\\\/?s={search_term_string}\"},\"query-input\":{\"@type\":\"PropertyValueSpecification\",\"valueRequired\":true,\"valueName\":\"search_term_string\"}}],\"inLanguage\":\"es\"},{\"@type\":\"Organization\",\"@id\":\"https:\\\/\\\/www.11onze.cat\\\/es\\\/#organization\",\"name\":\"11Onze\",\"url\":\"https:\\\/\\\/www.11onze.cat\\\/es\\\/\",\"logo\":{\"@type\":\"ImageObject\",\"inLanguage\":\"es\",\"@id\":\"https:\\\/\\\/www.11onze.cat\\\/es\\\/#\\\/schema\\\/logo\\\/image\\\/\",\"url\":\"https:\\\/\\\/www.11onze.cat\\\/wp-content\\\/uploads\\\/2021\\\/04\\\/512x512-11Onze.jpg\",\"contentUrl\":\"https:\\\/\\\/www.11onze.cat\\\/wp-content\\\/uploads\\\/2021\\\/04\\\/512x512-11Onze.jpg\",\"width\":512,\"height\":512,\"caption\":\"11Onze\"},\"image\":{\"@id\":\"https:\\\/\\\/www.11onze.cat\\\/es\\\/#\\\/schema\\\/logo\\\/image\\\/\"},\"sameAs\":[\"https:\\\/\\\/www.facebook.com\\\/11OnzeComunitat\",\"https:\\\/\\\/x.com\\\/11OnzeFintech\",\"https:\\\/\\\/www.instagram.com\\\/11onzecat\\\/\",\"https:\\\/\\\/www.linkedin.com\\\/company\\\/11onzebanc\",\"https:\\\/\\\/www.youtube.com\\\/channel\\\/UCz63R8Byd_kBKtK2M4Qf_7w\"]},{\"@type\":\"Person\",\"@id\":\"https:\\\/\\\/www.11onze.cat\\\/es\\\/#\\\/schema\\\/person\\\/636d99b4c82bb7178687ecd43c3a61bd\",\"name\":\"Equip Editorial\",\"image\":{\"@type\":\"ImageObject\",\"inLanguage\":\"es\",\"@id\":\"https:\\\/\\\/www.11onze.cat\\\/wp-content\\\/uploads\\\/2022\\\/05\\\/HEADER_AGENTS_DECK-300x300.jpg\",\"url\":\"https:\\\/\\\/www.11onze.cat\\\/wp-content\\\/uploads\\\/2022\\\/05\\\/HEADER_AGENTS_DECK-300x300.jpg\",\"contentUrl\":\"https:\\\/\\\/www.11onze.cat\\\/wp-content\\\/uploads\\\/2022\\\/05\\\/HEADER_AGENTS_DECK-300x300.jpg\",\"caption\":\"Equip Editorial\"},\"url\":\"https:\\\/\\\/www.11onze.cat\\\/es\\\/magazine\\\/author\\\/equip-editorial-11onze\\\/\"}]}<\/script>\n<!-- \/ Yoast SEO plugin. -->","yoast_head_json":{"title":"En marcha la I Bienal de artesan\u00eda en Catalu\u00f1a - 11ONZE","description":"Catalu\u00f1a impulsa la Bienal de artesan\u00eda catalana, una apuesta para visibilizar las creaciones art\u00edsticas y artesanas de artistas locales.","robots":{"index":"index","follow":"follow","max-snippet":"max-snippet:-1","max-image-preview":"max-image-preview:large","max-video-preview":"max-video-preview:-1"},"canonical":"https:\/\/www.11onze.cat\/es\/magazine\/bienal-artesania-catalunya\/","og_locale":"es_ES","og_type":"article","og_title":"En marcha la I Bienal de artesan\u00eda en Catalu\u00f1a - 11ONZE","og_description":"Catalu\u00f1a impulsa la Bienal de artesan\u00eda catalana, una apuesta para visibilizar las creaciones art\u00edsticas y artesanas de artistas locales.","og_url":"https:\/\/www.11onze.cat\/es\/magazine\/bienal-artesania-catalunya\/","og_site_name":"11Onze","article_publisher":"https:\/\/www.facebook.com\/11OnzeComunitat","article_published_time":"2021-09-14T19:00:00+00:00","article_modified_time":"2021-09-15T07:45:11+00:00","og_image":[{"width":1500,"height":1125,"url":"https:\/\/www.11onze.cat\/wp-content\/uploads\/2021\/09\/THUMBNAIL_BIENNAL_ARTESANIA.jpg","type":"image\/jpeg"}],"author":"Equip Editorial","twitter_card":"summary_large_image","twitter_creator":"@11OnzeFintech","twitter_site":"@11OnzeFintech","twitter_misc":{"Escrito por":"Equip Editorial"},"schema":{"@context":"https:\/\/schema.org","@graph":[{"@type":"Article","@id":"https:\/\/www.11onze.cat\/es\/magazine\/bienal-artesania-catalunya\/#article","isPartOf":{"@id":"https:\/\/www.11onze.cat\/es\/magazine\/bienal-artesania-catalunya\/"},"author":{"name":"Equip Editorial","@id":"https:\/\/www.11onze.cat\/es\/#\/schema\/person\/636d99b4c82bb7178687ecd43c3a61bd"},"headline":"En marcha la I Bienal de artesan\u00eda en Catalu\u00f1a","datePublished":"2021-09-14T19:00:00+00:00","dateModified":"2021-09-15T07:45:11+00:00","mainEntityOfPage":{"@id":"https:\/\/www.11onze.cat\/es\/magazine\/bienal-artesania-catalunya\/"},"wordCount":11,"commentCount":0,"publisher":{"@id":"https:\/\/www.11onze.cat\/es\/#organization"},"image":{"@id":"https:\/\/www.11onze.cat\/es\/magazine\/bienal-artesania-catalunya\/#primaryimage"},"thumbnailUrl":"https:\/\/www.11onze.cat\/wp-content\/uploads\/2021\/09\/THUMBNAIL_BIENNAL_ARTESANIA.jpg","keywords":["Cultura"],"articleSection":["Sin categorizar"],"inLanguage":"es","potentialAction":[{"@type":"CommentAction","name":"Comment","target":["https:\/\/www.11onze.cat\/es\/magazine\/bienal-artesania-catalunya\/#respond"]}]},{"@type":"WebPage","@id":"https:\/\/www.11onze.cat\/es\/magazine\/bienal-artesania-catalunya\/","url":"https:\/\/www.11onze.cat\/es\/magazine\/bienal-artesania-catalunya\/","name":"En marcha la I Bienal de artesan\u00eda en Catalu\u00f1a - 11ONZE","isPartOf":{"@id":"https:\/\/www.11onze.cat\/es\/#website"},"primaryImageOfPage":{"@id":"https:\/\/www.11onze.cat\/es\/magazine\/bienal-artesania-catalunya\/#primaryimage"},"image":{"@id":"https:\/\/www.11onze.cat\/es\/magazine\/bienal-artesania-catalunya\/#primaryimage"},"thumbnailUrl":"https:\/\/www.11onze.cat\/wp-content\/uploads\/2021\/09\/THUMBNAIL_BIENNAL_ARTESANIA.jpg","datePublished":"2021-09-14T19:00:00+00:00","dateModified":"2021-09-15T07:45:11+00:00","description":"Catalu\u00f1a impulsa la Bienal de artesan\u00eda catalana, una apuesta para visibilizar las creaciones art\u00edsticas y artesanas de artistas locales.","breadcrumb":{"@id":"https:\/\/www.11onze.cat\/es\/magazine\/bienal-artesania-catalunya\/#breadcrumb"},"inLanguage":"es","potentialAction":[{"@type":"ReadAction","target":["https:\/\/www.11onze.cat\/es\/magazine\/bienal-artesania-catalunya\/"]}]},{"@type":"ImageObject","inLanguage":"es","@id":"https:\/\/www.11onze.cat\/es\/magazine\/bienal-artesania-catalunya\/#primaryimage","url":"https:\/\/www.11onze.cat\/wp-content\/uploads\/2021\/09\/THUMBNAIL_BIENNAL_ARTESANIA.jpg","contentUrl":"https:\/\/www.11onze.cat\/wp-content\/uploads\/2021\/09\/THUMBNAIL_BIENNAL_ARTESANIA.jpg","width":1500,"height":1125},{"@type":"BreadcrumbList","@id":"https:\/\/www.11onze.cat\/es\/magazine\/bienal-artesania-catalunya\/#breadcrumb","itemListElement":[{"@type":"ListItem","position":1,"name":"Home","item":"https:\/\/www.11onze.cat\/es\/"},{"@type":"ListItem","position":2,"name":"En marcha la I Bienal de artesan\u00eda en Catalu\u00f1a"}]},{"@type":"WebSite","@id":"https:\/\/www.11onze.cat\/es\/#website","url":"https:\/\/www.11onze.cat\/es\/","name":"11Onze","description":"Primera comunidad fintech digital en Catalu\u00f1a","publisher":{"@id":"https:\/\/www.11onze.cat\/es\/#organization"},"potentialAction":[{"@type":"SearchAction","target":{"@type":"EntryPoint","urlTemplate":"https:\/\/www.11onze.cat\/es\/?s={search_term_string}"},"query-input":{"@type":"PropertyValueSpecification","valueRequired":true,"valueName":"search_term_string"}}],"inLanguage":"es"},{"@type":"Organization","@id":"https:\/\/www.11onze.cat\/es\/#organization","name":"11Onze","url":"https:\/\/www.11onze.cat\/es\/","logo":{"@type":"ImageObject","inLanguage":"es","@id":"https:\/\/www.11onze.cat\/es\/#\/schema\/logo\/image\/","url":"https:\/\/www.11onze.cat\/wp-content\/uploads\/2021\/04\/512x512-11Onze.jpg","contentUrl":"https:\/\/www.11onze.cat\/wp-content\/uploads\/2021\/04\/512x512-11Onze.jpg","width":512,"height":512,"caption":"11Onze"},"image":{"@id":"https:\/\/www.11onze.cat\/es\/#\/schema\/logo\/image\/"},"sameAs":["https:\/\/www.facebook.com\/11OnzeComunitat","https:\/\/x.com\/11OnzeFintech","https:\/\/www.instagram.com\/11onzecat\/","https:\/\/www.linkedin.com\/company\/11onzebanc","https:\/\/www.youtube.com\/channel\/UCz63R8Byd_kBKtK2M4Qf_7w"]},{"@type":"Person","@id":"https:\/\/www.11onze.cat\/es\/#\/schema\/person\/636d99b4c82bb7178687ecd43c3a61bd","name":"Equip Editorial","image":{"@type":"ImageObject","inLanguage":"es","@id":"https:\/\/www.11onze.cat\/wp-content\/uploads\/2022\/05\/HEADER_AGENTS_DECK-300x300.jpg","url":"https:\/\/www.11onze.cat\/wp-content\/uploads\/2022\/05\/HEADER_AGENTS_DECK-300x300.jpg","contentUrl":"https:\/\/www.11onze.cat\/wp-content\/uploads\/2022\/05\/HEADER_AGENTS_DECK-300x300.jpg","caption":"Equip Editorial"},"url":"https:\/\/www.11onze.cat\/es\/magazine\/author\/equip-editorial-11onze\/"}]}},"_links":{"self":[{"href":"https:\/\/www.11onze.cat\/es\/wp-json\/wp\/v2\/posts\/16297","targetHints":{"allow":["GET"]}}],"collection":[{"href":"https:\/\/www.11onze.cat\/es\/wp-json\/wp\/v2\/posts"}],"about":[{"href":"https:\/\/www.11onze.cat\/es\/wp-json\/wp\/v2\/types\/post"}],"author":[{"embeddable":true,"href":"https:\/\/www.11onze.cat\/es\/wp-json\/wp\/v2\/users\/71"}],"replies":[{"embeddable":true,"href":"https:\/\/www.11onze.cat\/es\/wp-json\/wp\/v2\/comments?post=16297"}],"version-history":[{"count":0,"href":"https:\/\/www.11onze.cat\/es\/wp-json\/wp\/v2\/posts\/16297\/revisions"}],"wp:featuredmedia":[{"embeddable":true,"href":"https:\/\/www.11onze.cat\/es\/wp-json\/wp\/v2\/media\/16204"}],"wp:attachment":[{"href":"https:\/\/www.11onze.cat\/es\/wp-json\/wp\/v2\/media?parent=16297"}],"wp:term":[{"taxonomy":"category","embeddable":true,"href":"https:\/\/www.11onze.cat\/es\/wp-json\/wp\/v2\/categories?post=16297"},{"taxonomy":"post_tag","embeddable":true,"href":"https:\/\/www.11onze.cat\/es\/wp-json\/wp\/v2\/tags?post=16297"}],"curies":[{"name":"wp","href":"https:\/\/api.w.org\/{rel}","templated":true}]}}