{"id":15956,"date":"2024-11-06T09:00:00","date_gmt":"2024-11-06T08:00:00","guid":{"rendered":"https:\/\/www.11onze.cat\/?p=15956"},"modified":"2024-10-31T13:23:09","modified_gmt":"2024-10-31T12:23:09","slug":"necesitamos-desastres-cambiar","status":"publish","type":"post","link":"https:\/\/www.11onze.cat\/es\/magazine\/necesitamos-desastres-cambiar\/","title":{"rendered":"\u00bfNecesitamos desastres para cambiar?"},"content":{"rendered":"<div class=\"component text\">\n  <div class=\"container\">\n\n\n    <div class=\"row\">\n      <div class=\"col  col-lg-8  offset-lg-2\">\n        <h3><b>Ante desastres naturales (o pand\u00e9micos) la sociedad se ve obligada a cambiar y evolucionar. No existe la opci\u00f3n de no hacer nada. Las circunstancias no controlables obligan a crear comunidades resistentes a los cambios.<\/b><\/h3>\n<p>&nbsp;<\/p>\n<p><span style=\"font-weight: 400;\">El calentamiento de la tierra y el cambio clim\u00e1tico nos hacen m\u00e1s vulnerables a los desastres naturales. La responsable de la ONU para la Reducci\u00f3n del Riesgo de Desastres, Mami Mizutori, alertaba que en los pr\u00f3ximos veinte a\u00f1os el <\/span><b>n\u00famero de desastres o cat\u00e1strofes se <\/b><a href=\"https:\/\/news.un.org\/es\/interview\/2019\/11\/1465021\"><b>duplicar\u00e1<\/b><\/a><span style=\"font-weight: 400;\">, y la causa para el 90% de estos estar\u00e1 relacionada con el cambio clim\u00e1tico.<\/span><\/p>\n<p><span style=\"font-weight: 400;\">Se suman factores como la pobreza, la contaminaci\u00f3n atmosf\u00e9rica, el aumento demogr\u00e1fico o la urbanizaci\u00f3n incontrolada o de riesgo. El resultado: m\u00e1s zonas peligrosas y m\u00e1s personas expuestas. Nuestro <\/span><b>presente y futuro estar\u00e1 marcado<\/b><span style=\"font-weight: 400;\"> por los cambios constantes, sean naturales, tecnol\u00f3gicos, pol\u00edticos o sociales.<\/span><\/p>\n<p><span style=\"font-weight: 400;\">Estamos condenados a convivir en un mundo cambiante, pero \u00bfestamos preparados para hacerlo? Analizamos como la<\/span><b> adaptaci\u00f3n, una caracter\u00edstica intr\u00ednseca en el ser humano<\/b><span style=\"font-weight: 400;\">, ser\u00e1 clave en la construcci\u00f3n de las sociedades resilientes del futuro.<\/span><\/p>\n<p>&nbsp;<\/p>\n<h3><b>\u00bfEvitar los cambios o prevenirlos?<\/b><\/h3>\n<p><span style=\"font-weight: 400;\">Ante un desastre, o una situaci\u00f3n de cambio general, lo peor que podemos hacer es no hacer nada. Por ello, Margareta Wahlstr\u00f6m, secretaria adjunta de Asuntos Humanitarios de las Naciones Unidas, destaca la importancia de <\/span><b>actuar para minimizar los desastres<\/b><span style=\"font-weight: 400;\">. Algunos, como los relacionados con el cambio clim\u00e1tico, tenemos la capacidad de contribuir a evitarlos. Pero para todos aquellos que no podamos evitar hay que construir <\/span><b>sociedades resistentes<\/b><span style=\"font-weight: 400;\"> a los cambios, y la urgencia es hacerlo antes de que tenga lugar el pr\u00f3ximo desastre, como describe Wahlstr\u00f6m en <\/span><a href=\"https:\/\/www.un.org\/es\/chronicle\/article\/antes-de-que-ocurra-el-proximo-desastre-impacto-humanitario-del-cambio-climatico\"><span style=\"font-weight: 400;\">su art\u00edculo<\/span><\/a><span style=\"font-weight: 400;\">.<\/span><\/p>\n<p><span style=\"font-weight: 400;\">Ense\u00f1ar esto es imprescindible en todos los \u00e1mbitos. Cada euro invertido en la prevenci\u00f3n puede ahorrar hasta siete en la recuperaci\u00f3n. Y en este punto la capacidad de adaptaci\u00f3n de la poblaci\u00f3n es un factor clave. <\/span><b>Hay que entrenar nuestra mente para hacerla m\u00e1s resiliente<\/b><span style=\"font-weight: 400;\"> a los cambios, y dejar atr\u00e1s la visi\u00f3n tradicional que vincula los cambios con el miedo y la negativa de evolucionar.<\/span><\/p>\n<p>&nbsp;<\/p>\n<h3><b>Volver al punto de equilibrio<\/b><\/h3>\n<p><span style=\"font-weight: 400;\">La adaptaci\u00f3n a los cambios es una caracter\u00edstica m\u00e1s en el ser humano, incluso desde un punto de vista biol\u00f3gico. Es lo que se conoce como homeostasis, concepto creado en 1865 por el m\u00e9dico Claude Bernard, y que hace referencia a la tendencia general por la que <\/span><b>un organismo restablece el equilibrio<\/b><span style=\"font-weight: 400;\"> y la estabilidad interna. Desde el punto de vista psicol\u00f3gico la lectura es que ante situaciones de cambio, las personas tendemos a encontrar el equilibrio de nuevo, es decir, que tanto el cambio como la estabilizaci\u00f3n son dos constantes innegables en la vida humana.<\/span><\/p>\n<p><span style=\"font-weight: 400;\">Por su parte, <\/span><b>Darwin <\/b><span style=\"font-weight: 400;\">tambi\u00e9n se acercaba a esta idea en su proceso de la evoluci\u00f3n, defendiendo que evolucionar no es m\u00e1s que tener la capacidad de adaptarse a nuevos entornos.<\/span><\/p>\n<p>&nbsp;<\/p>\n<h3><b>En el cambio est\u00e1 la evoluci\u00f3n<\/b><\/h3>\n<p><span style=\"font-weight: 400;\">El psic\u00f3logo Jean Piaget teorizaba que la principal caracter\u00edstica y, por tanto, rasgo diferencial de los seres vivos, es justamente esta capacidad para autorregularse. Nuestro sistema, desde la parte m\u00e1s biol\u00f3gica hasta la psicol\u00f3gica, es capaz de recuperar o restablecer las estructuras da\u00f1adas. Por lo tanto, <\/span><b>un ser vivo es din\u00e1mico y activo por naturaleza<\/b><span style=\"font-weight: 400;\">, y cambiar no es m\u00e1s que la respuesta de supervivencia de nuestro cuerpo en un intento de adaptarse al entorno.<\/span><\/p>\n<p><span style=\"font-weight: 400;\">Piaget diferenciaba dos formas de adaptaci\u00f3n: <\/span><b>la asimilaci\u00f3n<\/b><span style=\"font-weight: 400;\">, que consiste en incluir las novedades en nuestros esquemas ya definidos. Y la <\/span><b>acomodaci\u00f3n<\/b><span style=\"font-weight: 400;\">, que modifica los esquemas para adaptarlos a las nuevas demandas. Pasando la teor\u00eda a la pr\u00e1ctica, en la era de la <\/span><b>pandemia <\/b><span style=\"font-weight: 400;\">podemos habernos sentido identificados con un sistema u otro seg\u00fan nuestro comportamiento: \u00bfhemos incorporado los nuevos h\u00e1bitos a nuestra rutina diaria o la hemos modificado para crear una nueva rutina basada en el momento actual?<\/span><\/p>\n<p><span style=\"font-weight: 400;\">Sea cual sea nuestra forma de posicionarnos ante los cambios, lo importante es haber realizado el proceso de adaptaci\u00f3n. <\/span><b>Esto es lo que nos puede salvar de los cambios constantes:<\/b><span style=\"font-weight: 400;\"> la acci\u00f3n, huir de la negaci\u00f3n y el estancamiento y abrir la posibilidad a que cada cambio nos suponga un nuevo escenario suficientemente retador para obligarnos a replante\u00e1rnoslo todo, sin m\u00e1s alternativa que <\/span><b>evolucionar<\/b><span style=\"font-weight: 400;\">.<\/span><\/p>\n<p>&nbsp;<\/p>\n<p><b>\u00bfQuieres ser el primero en recibir las \u00faltimas noticias sobre 11Onze? Clica <\/b><a href=\"https:\/\/t.me\/ONZEbanc\"><b>aqu\u00ed<\/b><\/a><b> para suscribirte a nuestro canal de <\/b><a href=\"https:\/\/t.me\/ONZEbanc\"><b>Telegram<\/b><\/a><\/p>\n\n      <\/div>\n    <\/div>\n  <\/div>\n<\/div>\n\n\n<div class=\"component cards\">\n  <div class=\"container\">\n    <div class=\"row\">\n      <div class=\"col col-xl-8 offset-xl-2\">\n        <h1>Si te ha gustado este art\u00edculo, te recomendamos:<\/h1>\n        <div class=\"cards__wrapper\">\n          <div class=\"card\">\n            <a href=\"https:\/\/www.11onze.cat\/es\/magazine\/alfredo-acosta-arquitectura-sostenible\/\" class=\"card-link\" target=\"_self\"><\/a>\n            <div class=\"card-img\">\n              <img decoding=\"async\" src=\"https:\/\/www.11onze.cat\/wp-content\/uploads\/2021\/04\/POST_25_ALFREDO-800x533.jpeg\" class=\"card-img-top\" alt=\"\">\n                <span class=\"card-category\">Sostenibilidad<\/span>\n            <\/div>\n            <div class=\"card-body\">\n              <p class=\"card-title p2\"><strong>Naturaleza, la gran protagonista<\/strong><\/p>\n              <span class=\"card-time\">5min lectura<\/span>\n              <p class=\"card-text small\">Hace ya unos a\u00f1os que la arquitectura sostenible ha<\/p>\n            <\/div>\n          <\/div>\n\n\n          <div class=\"card\">\n            <a href=\"https:\/\/www.11onze.cat\/es\/magazine\/sabias-que-la-economia-depende-de-la-biodiversidad\/\" class=\"card-link\" target=\"_self\"><\/a>\n            <div class=\"card-img\">\n              <img decoding=\"async\" src=\"https:\/\/www.11onze.cat\/wp-content\/uploads\/2021\/06\/THUMBNAIL_BIODIVERSITAT-800x429.jpg\" class=\"card-img-top\" alt=\"\">\n                <span class=\"card-category\">Econom\u00eda<\/span>\n            <\/div>\n            <div class=\"card-body\">\n              <p class=\"card-title p2\"><strong>Econom\u00eda y biodiversidad<\/strong><\/p>\n              <span class=\"card-time\">7min lectura<\/span>\n              <p class=\"card-text small\">Un estudio demuestra que los beneficios de la biodiversidad<\/p>\n            <\/div>\n          <\/div>\n\n\n          <div class=\"card\">\n            <a href=\"https:\/\/www.11onze.cat\/es\/magazine\/inteligencia-artificial-desarrollo-sostenible\/\" class=\"card-link\" target=\"_self\"><\/a>\n            <div class=\"card-img\">\n              <img decoding=\"async\" src=\"https:\/\/www.11onze.cat\/wp-content\/uploads\/2021\/05\/THUMBNAIL_IA_SOSTENIBLE-800x534.jpg\" class=\"card-img-top\" alt=\"\">\n                <span class=\"card-category\">Sostenibilidad<\/span>\n            <\/div>\n            <div class=\"card-body\">\n              <p class=\"card-title p2\"><strong>El aliado del desarrollo sostenible<\/strong><\/p>\n              <span class=\"card-time\">6min lectura<\/span>\n              <p class=\"card-text small\">La inteligencia artificial facilita el cumplimiento del 79% de los<\/p>\n            <\/div>\n          <\/div>\n\n              <\/div>\n              <br>\n              <br>\n              <div class=\"cards__wrapper\">\n\n        <\/div>\n      <\/div>\n    <\/div>\n  <\/div>\n<\/div>","protected":false},"excerpt":{"rendered":"","protected":false},"author":71,"featured_media":15951,"comment_status":"open","ping_status":"closed","sticky":false,"template":"","format":"standard","meta":{"_acf_changed":false,"content-type":"","footnotes":""},"categories":[28],"tags":[171],"class_list":["post-15956","post","type-post","status-publish","format-standard","has-post-thumbnail","hentry","category-sin-categorizar","tag-sostenibilidad"],"acf":[],"yoast_head":"<!-- This site is optimized with the Yoast SEO plugin v27.4 - https:\/\/yoast.com\/product\/yoast-seo-wordpress\/ -->\n<title>Necesitamos desastres para cambiar - 11ONZE<\/title>\n<meta name=\"description\" content=\"En un mundo marcado por los cambios, la pandemia nos ha demostrado que la adaptaci\u00f3n a los cambios es la \u00fanica v\u00eda para evolucionar.\" \/>\n<meta name=\"robots\" content=\"index, follow, max-snippet:-1, max-image-preview:large, max-video-preview:-1\" \/>\n<link rel=\"canonical\" href=\"https:\/\/www.11onze.cat\/es\/magazine\/necesitamos-desastres-cambiar\/\" \/>\n<meta property=\"og:locale\" content=\"es_ES\" \/>\n<meta property=\"og:type\" content=\"article\" \/>\n<meta property=\"og:title\" content=\"Necesitamos desastres para cambiar - 11ONZE\" \/>\n<meta property=\"og:description\" content=\"En un mundo marcado por los cambios, la pandemia nos ha demostrado que la adaptaci\u00f3n a los cambios es la \u00fanica v\u00eda para evolucionar.\" \/>\n<meta property=\"og:url\" content=\"https:\/\/www.11onze.cat\/es\/magazine\/necesitamos-desastres-cambiar\/\" \/>\n<meta property=\"og:site_name\" content=\"11Onze\" \/>\n<meta property=\"article:publisher\" content=\"https:\/\/www.facebook.com\/11OnzeComunitat\" \/>\n<meta property=\"article:published_time\" content=\"2024-11-06T08:00:00+00:00\" \/>\n<meta property=\"og:image\" content=\"https:\/\/www.11onze.cat\/wp-content\/uploads\/2021\/09\/THUMBNAIL_CALEN_DESASTRES_CANVIAR.jpg\" \/>\n\t<meta property=\"og:image:width\" content=\"1500\" \/>\n\t<meta property=\"og:image:height\" content=\"1002\" \/>\n\t<meta property=\"og:image:type\" content=\"image\/jpeg\" \/>\n<meta name=\"author\" content=\"Equip Editorial\" \/>\n<meta name=\"twitter:card\" content=\"summary_large_image\" \/>\n<meta name=\"twitter:creator\" content=\"@11OnzeFintech\" \/>\n<meta name=\"twitter:site\" content=\"@11OnzeFintech\" \/>\n<meta name=\"twitter:label1\" content=\"Escrito por\" \/>\n\t<meta name=\"twitter:data1\" content=\"Equip Editorial\" \/>\n<script type=\"application\/ld+json\" class=\"yoast-schema-graph\">{\"@context\":\"https:\\\/\\\/schema.org\",\"@graph\":[{\"@type\":\"Article\",\"@id\":\"https:\\\/\\\/www.11onze.cat\\\/es\\\/magazine\\\/necesitamos-desastres-cambiar\\\/#article\",\"isPartOf\":{\"@id\":\"https:\\\/\\\/www.11onze.cat\\\/es\\\/magazine\\\/necesitamos-desastres-cambiar\\\/\"},\"author\":{\"name\":\"Equip Editorial\",\"@id\":\"https:\\\/\\\/www.11onze.cat\\\/es\\\/#\\\/schema\\\/person\\\/636d99b4c82bb7178687ecd43c3a61bd\"},\"headline\":\"\u00bfNecesitamos desastres para cambiar?\",\"datePublished\":\"2024-11-06T08:00:00+00:00\",\"mainEntityOfPage\":{\"@id\":\"https:\\\/\\\/www.11onze.cat\\\/es\\\/magazine\\\/necesitamos-desastres-cambiar\\\/\"},\"wordCount\":4,\"commentCount\":2,\"publisher\":{\"@id\":\"https:\\\/\\\/www.11onze.cat\\\/es\\\/#organization\"},\"image\":{\"@id\":\"https:\\\/\\\/www.11onze.cat\\\/es\\\/magazine\\\/necesitamos-desastres-cambiar\\\/#primaryimage\"},\"thumbnailUrl\":\"https:\\\/\\\/www.11onze.cat\\\/wp-content\\\/uploads\\\/2021\\\/09\\\/THUMBNAIL_CALEN_DESASTRES_CANVIAR.jpg\",\"keywords\":[\"Sostenibilidad\"],\"articleSection\":[\"Sin categorizar\"],\"inLanguage\":\"es\",\"potentialAction\":[{\"@type\":\"CommentAction\",\"name\":\"Comment\",\"target\":[\"https:\\\/\\\/www.11onze.cat\\\/es\\\/magazine\\\/necesitamos-desastres-cambiar\\\/#respond\"]}]},{\"@type\":\"WebPage\",\"@id\":\"https:\\\/\\\/www.11onze.cat\\\/es\\\/magazine\\\/necesitamos-desastres-cambiar\\\/\",\"url\":\"https:\\\/\\\/www.11onze.cat\\\/es\\\/magazine\\\/necesitamos-desastres-cambiar\\\/\",\"name\":\"Necesitamos desastres para cambiar - 11ONZE\",\"isPartOf\":{\"@id\":\"https:\\\/\\\/www.11onze.cat\\\/es\\\/#website\"},\"primaryImageOfPage\":{\"@id\":\"https:\\\/\\\/www.11onze.cat\\\/es\\\/magazine\\\/necesitamos-desastres-cambiar\\\/#primaryimage\"},\"image\":{\"@id\":\"https:\\\/\\\/www.11onze.cat\\\/es\\\/magazine\\\/necesitamos-desastres-cambiar\\\/#primaryimage\"},\"thumbnailUrl\":\"https:\\\/\\\/www.11onze.cat\\\/wp-content\\\/uploads\\\/2021\\\/09\\\/THUMBNAIL_CALEN_DESASTRES_CANVIAR.jpg\",\"datePublished\":\"2024-11-06T08:00:00+00:00\",\"description\":\"En un mundo marcado por los cambios, la pandemia nos ha demostrado que la adaptaci\u00f3n a los cambios es la \u00fanica v\u00eda para evolucionar.\",\"breadcrumb\":{\"@id\":\"https:\\\/\\\/www.11onze.cat\\\/es\\\/magazine\\\/necesitamos-desastres-cambiar\\\/#breadcrumb\"},\"inLanguage\":\"es\",\"potentialAction\":[{\"@type\":\"ReadAction\",\"target\":[\"https:\\\/\\\/www.11onze.cat\\\/es\\\/magazine\\\/necesitamos-desastres-cambiar\\\/\"]}]},{\"@type\":\"ImageObject\",\"inLanguage\":\"es\",\"@id\":\"https:\\\/\\\/www.11onze.cat\\\/es\\\/magazine\\\/necesitamos-desastres-cambiar\\\/#primaryimage\",\"url\":\"https:\\\/\\\/www.11onze.cat\\\/wp-content\\\/uploads\\\/2021\\\/09\\\/THUMBNAIL_CALEN_DESASTRES_CANVIAR.jpg\",\"contentUrl\":\"https:\\\/\\\/www.11onze.cat\\\/wp-content\\\/uploads\\\/2021\\\/09\\\/THUMBNAIL_CALEN_DESASTRES_CANVIAR.jpg\",\"width\":1500,\"height\":1002,\"caption\":\"Water coming over the streets in Kemah during Hurricane Harvey\"},{\"@type\":\"BreadcrumbList\",\"@id\":\"https:\\\/\\\/www.11onze.cat\\\/es\\\/magazine\\\/necesitamos-desastres-cambiar\\\/#breadcrumb\",\"itemListElement\":[{\"@type\":\"ListItem\",\"position\":1,\"name\":\"Home\",\"item\":\"https:\\\/\\\/www.11onze.cat\\\/es\\\/\"},{\"@type\":\"ListItem\",\"position\":2,\"name\":\"\u00bfNecesitamos desastres para cambiar?\"}]},{\"@type\":\"WebSite\",\"@id\":\"https:\\\/\\\/www.11onze.cat\\\/es\\\/#website\",\"url\":\"https:\\\/\\\/www.11onze.cat\\\/es\\\/\",\"name\":\"11Onze\",\"description\":\"Primera comunidad fintech digital en Catalu\u00f1a\",\"publisher\":{\"@id\":\"https:\\\/\\\/www.11onze.cat\\\/es\\\/#organization\"},\"potentialAction\":[{\"@type\":\"SearchAction\",\"target\":{\"@type\":\"EntryPoint\",\"urlTemplate\":\"https:\\\/\\\/www.11onze.cat\\\/es\\\/?s={search_term_string}\"},\"query-input\":{\"@type\":\"PropertyValueSpecification\",\"valueRequired\":true,\"valueName\":\"search_term_string\"}}],\"inLanguage\":\"es\"},{\"@type\":\"Organization\",\"@id\":\"https:\\\/\\\/www.11onze.cat\\\/es\\\/#organization\",\"name\":\"11Onze\",\"url\":\"https:\\\/\\\/www.11onze.cat\\\/es\\\/\",\"logo\":{\"@type\":\"ImageObject\",\"inLanguage\":\"es\",\"@id\":\"https:\\\/\\\/www.11onze.cat\\\/es\\\/#\\\/schema\\\/logo\\\/image\\\/\",\"url\":\"https:\\\/\\\/www.11onze.cat\\\/wp-content\\\/uploads\\\/2021\\\/04\\\/512x512-11Onze.jpg\",\"contentUrl\":\"https:\\\/\\\/www.11onze.cat\\\/wp-content\\\/uploads\\\/2021\\\/04\\\/512x512-11Onze.jpg\",\"width\":512,\"height\":512,\"caption\":\"11Onze\"},\"image\":{\"@id\":\"https:\\\/\\\/www.11onze.cat\\\/es\\\/#\\\/schema\\\/logo\\\/image\\\/\"},\"sameAs\":[\"https:\\\/\\\/www.facebook.com\\\/11OnzeComunitat\",\"https:\\\/\\\/x.com\\\/11OnzeFintech\",\"https:\\\/\\\/www.instagram.com\\\/11onzecat\\\/\",\"https:\\\/\\\/www.linkedin.com\\\/company\\\/11onzebanc\",\"https:\\\/\\\/www.youtube.com\\\/channel\\\/UCz63R8Byd_kBKtK2M4Qf_7w\"]},{\"@type\":\"Person\",\"@id\":\"https:\\\/\\\/www.11onze.cat\\\/es\\\/#\\\/schema\\\/person\\\/636d99b4c82bb7178687ecd43c3a61bd\",\"name\":\"Equip Editorial\",\"image\":{\"@type\":\"ImageObject\",\"inLanguage\":\"es\",\"@id\":\"https:\\\/\\\/www.11onze.cat\\\/wp-content\\\/uploads\\\/2022\\\/05\\\/HEADER_AGENTS_DECK-300x300.jpg\",\"url\":\"https:\\\/\\\/www.11onze.cat\\\/wp-content\\\/uploads\\\/2022\\\/05\\\/HEADER_AGENTS_DECK-300x300.jpg\",\"contentUrl\":\"https:\\\/\\\/www.11onze.cat\\\/wp-content\\\/uploads\\\/2022\\\/05\\\/HEADER_AGENTS_DECK-300x300.jpg\",\"caption\":\"Equip Editorial\"},\"url\":\"https:\\\/\\\/www.11onze.cat\\\/es\\\/magazine\\\/author\\\/equip-editorial-11onze\\\/\"}]}<\/script>\n<!-- \/ Yoast SEO plugin. -->","yoast_head_json":{"title":"Necesitamos desastres para cambiar - 11ONZE","description":"En un mundo marcado por los cambios, la pandemia nos ha demostrado que la adaptaci\u00f3n a los cambios es la \u00fanica v\u00eda para evolucionar.","robots":{"index":"index","follow":"follow","max-snippet":"max-snippet:-1","max-image-preview":"max-image-preview:large","max-video-preview":"max-video-preview:-1"},"canonical":"https:\/\/www.11onze.cat\/es\/magazine\/necesitamos-desastres-cambiar\/","og_locale":"es_ES","og_type":"article","og_title":"Necesitamos desastres para cambiar - 11ONZE","og_description":"En un mundo marcado por los cambios, la pandemia nos ha demostrado que la adaptaci\u00f3n a los cambios es la \u00fanica v\u00eda para evolucionar.","og_url":"https:\/\/www.11onze.cat\/es\/magazine\/necesitamos-desastres-cambiar\/","og_site_name":"11Onze","article_publisher":"https:\/\/www.facebook.com\/11OnzeComunitat","article_published_time":"2024-11-06T08:00:00+00:00","og_image":[{"width":1500,"height":1002,"url":"https:\/\/www.11onze.cat\/wp-content\/uploads\/2021\/09\/THUMBNAIL_CALEN_DESASTRES_CANVIAR.jpg","type":"image\/jpeg"}],"author":"Equip Editorial","twitter_card":"summary_large_image","twitter_creator":"@11OnzeFintech","twitter_site":"@11OnzeFintech","twitter_misc":{"Escrito por":"Equip Editorial"},"schema":{"@context":"https:\/\/schema.org","@graph":[{"@type":"Article","@id":"https:\/\/www.11onze.cat\/es\/magazine\/necesitamos-desastres-cambiar\/#article","isPartOf":{"@id":"https:\/\/www.11onze.cat\/es\/magazine\/necesitamos-desastres-cambiar\/"},"author":{"name":"Equip Editorial","@id":"https:\/\/www.11onze.cat\/es\/#\/schema\/person\/636d99b4c82bb7178687ecd43c3a61bd"},"headline":"\u00bfNecesitamos desastres para cambiar?","datePublished":"2024-11-06T08:00:00+00:00","mainEntityOfPage":{"@id":"https:\/\/www.11onze.cat\/es\/magazine\/necesitamos-desastres-cambiar\/"},"wordCount":4,"commentCount":2,"publisher":{"@id":"https:\/\/www.11onze.cat\/es\/#organization"},"image":{"@id":"https:\/\/www.11onze.cat\/es\/magazine\/necesitamos-desastres-cambiar\/#primaryimage"},"thumbnailUrl":"https:\/\/www.11onze.cat\/wp-content\/uploads\/2021\/09\/THUMBNAIL_CALEN_DESASTRES_CANVIAR.jpg","keywords":["Sostenibilidad"],"articleSection":["Sin categorizar"],"inLanguage":"es","potentialAction":[{"@type":"CommentAction","name":"Comment","target":["https:\/\/www.11onze.cat\/es\/magazine\/necesitamos-desastres-cambiar\/#respond"]}]},{"@type":"WebPage","@id":"https:\/\/www.11onze.cat\/es\/magazine\/necesitamos-desastres-cambiar\/","url":"https:\/\/www.11onze.cat\/es\/magazine\/necesitamos-desastres-cambiar\/","name":"Necesitamos desastres para cambiar - 11ONZE","isPartOf":{"@id":"https:\/\/www.11onze.cat\/es\/#website"},"primaryImageOfPage":{"@id":"https:\/\/www.11onze.cat\/es\/magazine\/necesitamos-desastres-cambiar\/#primaryimage"},"image":{"@id":"https:\/\/www.11onze.cat\/es\/magazine\/necesitamos-desastres-cambiar\/#primaryimage"},"thumbnailUrl":"https:\/\/www.11onze.cat\/wp-content\/uploads\/2021\/09\/THUMBNAIL_CALEN_DESASTRES_CANVIAR.jpg","datePublished":"2024-11-06T08:00:00+00:00","description":"En un mundo marcado por los cambios, la pandemia nos ha demostrado que la adaptaci\u00f3n a los cambios es la \u00fanica v\u00eda para evolucionar.","breadcrumb":{"@id":"https:\/\/www.11onze.cat\/es\/magazine\/necesitamos-desastres-cambiar\/#breadcrumb"},"inLanguage":"es","potentialAction":[{"@type":"ReadAction","target":["https:\/\/www.11onze.cat\/es\/magazine\/necesitamos-desastres-cambiar\/"]}]},{"@type":"ImageObject","inLanguage":"es","@id":"https:\/\/www.11onze.cat\/es\/magazine\/necesitamos-desastres-cambiar\/#primaryimage","url":"https:\/\/www.11onze.cat\/wp-content\/uploads\/2021\/09\/THUMBNAIL_CALEN_DESASTRES_CANVIAR.jpg","contentUrl":"https:\/\/www.11onze.cat\/wp-content\/uploads\/2021\/09\/THUMBNAIL_CALEN_DESASTRES_CANVIAR.jpg","width":1500,"height":1002,"caption":"Water coming over the streets in Kemah during Hurricane Harvey"},{"@type":"BreadcrumbList","@id":"https:\/\/www.11onze.cat\/es\/magazine\/necesitamos-desastres-cambiar\/#breadcrumb","itemListElement":[{"@type":"ListItem","position":1,"name":"Home","item":"https:\/\/www.11onze.cat\/es\/"},{"@type":"ListItem","position":2,"name":"\u00bfNecesitamos desastres para cambiar?"}]},{"@type":"WebSite","@id":"https:\/\/www.11onze.cat\/es\/#website","url":"https:\/\/www.11onze.cat\/es\/","name":"11Onze","description":"Primera comunidad fintech digital en Catalu\u00f1a","publisher":{"@id":"https:\/\/www.11onze.cat\/es\/#organization"},"potentialAction":[{"@type":"SearchAction","target":{"@type":"EntryPoint","urlTemplate":"https:\/\/www.11onze.cat\/es\/?s={search_term_string}"},"query-input":{"@type":"PropertyValueSpecification","valueRequired":true,"valueName":"search_term_string"}}],"inLanguage":"es"},{"@type":"Organization","@id":"https:\/\/www.11onze.cat\/es\/#organization","name":"11Onze","url":"https:\/\/www.11onze.cat\/es\/","logo":{"@type":"ImageObject","inLanguage":"es","@id":"https:\/\/www.11onze.cat\/es\/#\/schema\/logo\/image\/","url":"https:\/\/www.11onze.cat\/wp-content\/uploads\/2021\/04\/512x512-11Onze.jpg","contentUrl":"https:\/\/www.11onze.cat\/wp-content\/uploads\/2021\/04\/512x512-11Onze.jpg","width":512,"height":512,"caption":"11Onze"},"image":{"@id":"https:\/\/www.11onze.cat\/es\/#\/schema\/logo\/image\/"},"sameAs":["https:\/\/www.facebook.com\/11OnzeComunitat","https:\/\/x.com\/11OnzeFintech","https:\/\/www.instagram.com\/11onzecat\/","https:\/\/www.linkedin.com\/company\/11onzebanc","https:\/\/www.youtube.com\/channel\/UCz63R8Byd_kBKtK2M4Qf_7w"]},{"@type":"Person","@id":"https:\/\/www.11onze.cat\/es\/#\/schema\/person\/636d99b4c82bb7178687ecd43c3a61bd","name":"Equip Editorial","image":{"@type":"ImageObject","inLanguage":"es","@id":"https:\/\/www.11onze.cat\/wp-content\/uploads\/2022\/05\/HEADER_AGENTS_DECK-300x300.jpg","url":"https:\/\/www.11onze.cat\/wp-content\/uploads\/2022\/05\/HEADER_AGENTS_DECK-300x300.jpg","contentUrl":"https:\/\/www.11onze.cat\/wp-content\/uploads\/2022\/05\/HEADER_AGENTS_DECK-300x300.jpg","caption":"Equip Editorial"},"url":"https:\/\/www.11onze.cat\/es\/magazine\/author\/equip-editorial-11onze\/"}]}},"_links":{"self":[{"href":"https:\/\/www.11onze.cat\/es\/wp-json\/wp\/v2\/posts\/15956","targetHints":{"allow":["GET"]}}],"collection":[{"href":"https:\/\/www.11onze.cat\/es\/wp-json\/wp\/v2\/posts"}],"about":[{"href":"https:\/\/www.11onze.cat\/es\/wp-json\/wp\/v2\/types\/post"}],"author":[{"embeddable":true,"href":"https:\/\/www.11onze.cat\/es\/wp-json\/wp\/v2\/users\/71"}],"replies":[{"embeddable":true,"href":"https:\/\/www.11onze.cat\/es\/wp-json\/wp\/v2\/comments?post=15956"}],"version-history":[{"count":0,"href":"https:\/\/www.11onze.cat\/es\/wp-json\/wp\/v2\/posts\/15956\/revisions"}],"wp:featuredmedia":[{"embeddable":true,"href":"https:\/\/www.11onze.cat\/es\/wp-json\/wp\/v2\/media\/15951"}],"wp:attachment":[{"href":"https:\/\/www.11onze.cat\/es\/wp-json\/wp\/v2\/media?parent=15956"}],"wp:term":[{"taxonomy":"category","embeddable":true,"href":"https:\/\/www.11onze.cat\/es\/wp-json\/wp\/v2\/categories?post=15956"},{"taxonomy":"post_tag","embeddable":true,"href":"https:\/\/www.11onze.cat\/es\/wp-json\/wp\/v2\/tags?post=15956"}],"curies":[{"name":"wp","href":"https:\/\/api.w.org\/{rel}","templated":true}]}}