{"id":15550,"date":"2021-09-06T12:28:00","date_gmt":"2021-09-06T10:28:00","guid":{"rendered":"https:\/\/www.11onze.cat\/?p=15550"},"modified":"2021-09-08T12:44:28","modified_gmt":"2021-09-08T10:44:28","slug":"creativos-emprendedores-11onze-palo-market","status":"publish","type":"post","link":"https:\/\/www.11onze.cat\/es\/magazine\/creativos-emprendedores-11onze-palo-market\/","title":{"rendered":"Creativos, emprendedores y 11Onze en Palo Market"},"content":{"rendered":"<div class=\"component text\">\n  <div class=\"container\">\n\n\n    <div class=\"row\">\n      <div class=\"col  col-lg-8  offset-lg-2\">\n        <h3><b>11Onze, la primera fintech de los Pa\u00edses Catalanes, hizo su primer acto p\u00fablico en el Palo Market Fest, convirti\u00e9ndose en la primera empresa de servicios en participar dentro de este conocido festival de artesan\u00eda, dise\u00f1o y gastronom\u00eda. En esta cr\u00f3nica, os explicamos c\u00f3mo ha ido este fin de semana tan especial.<\/b><\/h3>\n<p>&nbsp;<\/p>\n<ul>\n<li>\n<h3><strong>Toni Mata<\/strong><\/h3>\n<\/li>\n<\/ul>\n<p><span style=\"font-weight: 400;\">Encontramos a 11Onze en el \u00faltimo stand antes de salir de la Concept Gallery de Palo Alto. Al lado est\u00e1 la parada de Reliqium, una start-up que te permite guardar recuerdos en un colgante. Enfrente hay un orfebre y, un poco m\u00e1s all\u00e1, una dise\u00f1adora que vende unas gafas de sol dignas de Mad Max, con pinchos met\u00e1licos como de chupa punk. Afuera, un DJ pincha bosanova mientras algunos j\u00f3venes toman c\u00f3cteles con t\u00f3nicas de sabores. La m\u00fasica llega amortiguada y dentro de la Gallery se mezcla con el sonido de las conversaciones.<\/span><\/p>\n<p><span style=\"font-weight: 400;\">En medio de este ambiente festivo y bohemio, la riada de gente llega paseando hasta el stand de 11Onze. All\u00ed, Joan y Mireia el s\u00e1bado, y Pol y Sara el domingo, les esperan con una tableta para ense\u00f1ar 11Onze a todos aquellos que no nos conozcan. Un se\u00f1or con camisa de colores se\u00f1ala el cartel de 11Onze a su mujer y le dice algo. Coge una tarjeta y se la lleva.<\/span><\/p>\n<p><span style=\"font-weight: 400;\">El equipo de marketing tiene claro a qu\u00e9 ha venido 11Onze al Palo Market Fest:<\/span><b> \u00abVenimos a hacer nuevos amigos\u00bb<\/b><span style=\"font-weight: 400;\">, explica la CMO Gemma Vallet. Y eso ha hecho la empresa durante todo el fin de semana. Presentarse a gente que quiz\u00e1s todav\u00eda no nos conoc\u00eda, establecer lazos con la generaci\u00f3n Z que llena el festival, y descubrir las historias de emprendedores que est\u00e1n poniendo en marcha su empresa.<\/span><\/p>\n<p><span style=\"font-weight: 400;\">Este \u00faltimo punto ha sido clave: \u00bfc\u00f3mo se levanta una empresa? \u00bfCu\u00e1ndo te das cuenta de que la idea te apasiona? \u00bfQu\u00e9 hacer para que vaya bien? En el stand de 11Onze estuvimos hablando de eso con los emprendedores que hab\u00eda en el Palo Market. Para conocer sus experiencias y compartirlas pr\u00f3ximamente en v\u00eddeos en La Pla\u00e7a. Para dar difusi\u00f3n a estos emprendedores que intentan levantar una idea. De eso trata el proyecto<\/span><b> Stories de Amor<\/b><span style=\"font-weight: 400;\">, una serie de conversaciones donde descubriremos c\u00f3mo piensa esta gente capaz de tener una idea y llevarla a cabo, aunque en alg\u00fan momento pueda parecer una locura.<\/span><\/p>\n<p><span style=\"font-weight: 400;\">Por el stand de 11Onze han pasado personas que ya conoc\u00edan 11Onze y ped\u00edan detalles sobre en qu\u00e9 punto est\u00e1 el test de la aplicaci\u00f3n, tambi\u00e9n hemos visto impulsores como Carlos Juanico y muchos trabajadores de 11Onze (Xevi, Sandra, Miriam, Pilar &#8230; y tantos otros), ilusionados por la recta final de lanzamiento de la empresa.<\/span><\/p>\n<p><span style=\"font-weight: 400;\">Y la gente que no conoc\u00eda 11Onze y que nos descubr\u00eda en el festival, \u00bfqu\u00e9 dec\u00edan? Que ya era hora. Que se necesita una fintech. Que hace falta agilidad. Que cu\u00e1ndo estar\u00e1 disponible. Y a cada persona que ten\u00eda prisa para operar con nosotros, le cont\u00e1bamos lo que nos dijo Ramon el s\u00e1bado por la tarde. Ramon es un usuario de La Pla\u00e7a, jubilado, vecino de Barcelona. Al saber que 11Onze hac\u00eda su primer acto presencial vino a ver qu\u00e9 hac\u00edamos. A saludarnos. A explicarnos que espera que 11Onze abra para llevar sus ahorros. Pero<\/span><b> que no tengamos prisa: \u00abque los robles crecen m\u00e1s despacio que los pinos, pero son m\u00e1s fuertes\u00bb<\/b><span style=\"font-weight: 400;\">. Cuando dijo eso le dije que ten\u00edamos que hacernos una foto. \u00abPero no la cuelgues en internet\u00bb, dijo. Nos la hicimos y me pidi\u00f3 que se la pasara por WhatsApp. Cuando tuvo la foto se guard\u00f3 mi n\u00famero y dijo: \u00abYo ya tengo un contacto. Ya he hecho bastante\u00bb. Nos dio las gracias y se fue.<\/span><\/p>\n<p><span style=\"font-weight: 400;\">La m\u00fasica segu\u00eda y la gente continuaba disfrutando del festival. Mireia y Joan segu\u00edan hablando con clientes, m\u00e1s gente con ropa colorida pasaba por la Concept Gallery. Y yo todav\u00eda pensaba en Ramon, que ya deb\u00eda haber vuelto a casa hac\u00eda rato y que me llamar\u00e1 cuando vea que ya se pueden abrir cuentas.<\/span><\/p>\n\n      <\/div>\n    <\/div>\n  <\/div>\n<\/div>\n\n\n<div class=\"component gallery\">\n  <div class=\"container\">\n    <div class=\"row\">\n      <div class=\"col col-lg-10 offset-lg-1\">\n        <div id=\"slider_1\" class=\"carousel slide\" data-wrap=\"false\" data-interval=\"false\">\n          <div class=\"carousel-inner\">\n            <div class=\"carousel-item active\">\n              <img decoding=\"async\" class=\"d-block w-100\" src=\"https:\/\/www.11onze.cat\/wp-content\/uploads\/2021\/09\/IMG-20210904-WA0037-1.jpg\" alt=\"\">\n              <div class=\"carousel-caption\">\n                \n              <\/div>\n            <\/div>\n            <div class=\"carousel-item \">\n              <img decoding=\"async\" class=\"d-block w-100\" src=\"https:\/\/www.11onze.cat\/wp-content\/uploads\/2021\/09\/IMG-8079-3-scaled.jpg\" alt=\"\">\n              <div class=\"carousel-caption\">\n                \n              <\/div>\n            <\/div>\n            <div class=\"carousel-item \">\n              <img decoding=\"async\" class=\"d-block w-100\" src=\"https:\/\/www.11onze.cat\/wp-content\/uploads\/2021\/09\/5d9dd9e9-8544-4a6b-91a6-b9022c4ad96a-1-1.jpg\" alt=\"\">\n              <div class=\"carousel-caption\">\n                <p>Stand de <a href=\"https:\/\/www.instagram.com\/juncosa_bcn\/\">JUNCOSA<\/a> #baldosasporelmundo.<\/p>\n\n              <\/div>\n            <\/div>\n            <div class=\"carousel-item \">\n              <img decoding=\"async\" class=\"d-block w-100\" src=\"https:\/\/www.11onze.cat\/wp-content\/uploads\/2021\/09\/Image-from-iOS-2-1-scaled.jpg\" alt=\"\">\n              <div class=\"carousel-caption\">\n                <p>El dise\u00f1ador <a href=\"https:\/\/www.instagram.com\/ugo.boulard\/\">Ugo Bouland<\/a> (izquierda) y el experto en youth culture <a href=\"https:\/\/www.instagram.com\/chicletol\/\">Jordi Chicletol<\/a> (derecha).<\/p>\n\n              <\/div>\n            <\/div>\n            <div class=\"carousel-item \">\n              <img decoding=\"async\" class=\"d-block w-100\" src=\"https:\/\/www.11onze.cat\/wp-content\/uploads\/2021\/09\/b25879e8-7002-4a75-b62c-240a48a938fc-1.jpg\" alt=\"\">\n              <div class=\"carousel-caption\">\n                <p>Stand de la marca de ropa infantil <a href=\"https:\/\/www.instagram.com\/fiera_wildworld\/\">Fiera Wild World.<\/a><\/p>\n\n              <\/div>\n            <\/div>\n            <div class=\"carousel-item \">\n              <img decoding=\"async\" class=\"d-block w-100\" src=\"https:\/\/www.11onze.cat\/wp-content\/uploads\/2021\/09\/Image-from-iOS-3-2-scaled.jpg\" alt=\"\">\n              <div class=\"carousel-caption\">\n                <p><span style=\"font-weight: 400;\">La cantante <a href=\"https:\/\/www.instagram.com\/imkyne\/\">Keyne<\/a>.<\/span><\/p>\n\n              <\/div>\n            <\/div>\n            <div class=\"carousel-item \">\n              <img decoding=\"async\" class=\"d-block w-100\" src=\"https:\/\/www.11onze.cat\/wp-content\/uploads\/2021\/09\/IMG-20210904-WA0023-1.jpg\" alt=\"\">\n              <div class=\"carousel-caption\">\n                <p>Stand de la marca de accesorios de corcho <a href=\"https:\/\/www.instagram.com\/corkland.bolsoscorcho\/\">CORKLAND.<\/a><\/p>\n\n              <\/div>\n            <\/div>\n            <div class=\"carousel-item \">\n              <img decoding=\"async\" class=\"d-block w-100\" src=\"https:\/\/www.11onze.cat\/wp-content\/uploads\/2021\/09\/IMG-20210904-WA0025.jpg\" alt=\"\">\n              <div class=\"carousel-caption\">\n                <p>La artista <a href=\"https:\/\/www.instagram.com\/isabela.quintes\/\">Isabela Quintes.<\/a><\/p>\n\n              <\/div>\n            <\/div>\n            <div class=\"carousel-item \">\n              <img decoding=\"async\" class=\"d-block w-100\" src=\"https:\/\/www.11onze.cat\/wp-content\/uploads\/2021\/09\/2d709a1d-e193-4382-b9e2-4503bccf6b3f-1-1.jpg\" alt=\"\">\n              <div class=\"carousel-caption\">\n                <p>La marca de moda <a href=\"https:\/\/www.instagram.com\/wearegale\/\">GALE.<\/a><\/p>\n\n              <\/div>\n            <\/div>\n            <div class=\"carousel-item \">\n              <img decoding=\"async\" class=\"d-block w-100\" src=\"https:\/\/www.11onze.cat\/wp-content\/uploads\/2021\/09\/002804e9-93ec-473b-bdbf-1d7366368359-3.jpg\" alt=\"\">\n              <div class=\"carousel-caption\">\n                <p>Carolina Vega de <a href=\"https:\/\/www.instagram.com\/elbosquesencial\/\">EL BOSQUE ESENCIAL.<\/a><\/p>\n<p>&nbsp;<\/p>\n\n              <\/div>\n            <\/div>\n            <div class=\"carousel-item \">\n              <img decoding=\"async\" class=\"d-block w-100\" src=\"https:\/\/www.11onze.cat\/wp-content\/uploads\/2021\/09\/a51ecadd-3ae2-4046-8466-4e485a15c1cc-1.jpg\" alt=\"\">\n              <div class=\"carousel-caption\">\n                <p>Stand de la marca de joyas <a href=\"https:\/\/www.instagram.com\/lacabellera\/\">La Cabellera de Berenice.<\/a><\/p>\n\n              <\/div>\n            <\/div>\n            <div class=\"carousel-item \">\n              <img decoding=\"async\" class=\"d-block w-100\" src=\"https:\/\/www.11onze.cat\/wp-content\/uploads\/2021\/09\/IMG_1238-1.png\" alt=\"\">\n              <div class=\"carousel-caption\">\n                <p>Alberto Viso de\u00a0<a href=\"https:\/\/www.instagram.com\/lacabellera\/\">La Cabellera de Berenice.<\/a><\/p>\n\n              <\/div>\n            <\/div>\n            <div class=\"carousel-item \">\n              <img decoding=\"async\" class=\"d-block w-100\" src=\"https:\/\/www.11onze.cat\/wp-content\/uploads\/2021\/09\/IMG_1254.png\" alt=\"\">\n              <div class=\"carousel-caption\">\n                <p>Ana Maria Valera de <a href=\"https:\/\/instagram.com\/annrose.sitges?utm_medium=copy_link\">ANNROSE.<\/a><\/p>\n\n              <\/div>\n            <\/div>\n            <div class=\"carousel-item \">\n              <img decoding=\"async\" class=\"d-block w-100\" src=\"https:\/\/www.11onze.cat\/wp-content\/uploads\/2021\/09\/IMG-20210904-WA0034-1.jpg\" alt=\"\">\n              <div class=\"carousel-caption\">\n                <p>Stand de la marca de perfumes naturales <a href=\"https:\/\/www.instagram.com\/maarfragrances\/\">MAAR\u00ae.<\/a><\/p>\n\n              <\/div>\n            <\/div>\n            <div class=\"carousel-item \">\n              <img decoding=\"async\" class=\"d-block w-100\" src=\"https:\/\/www.11onze.cat\/wp-content\/uploads\/2021\/09\/IMG_1243-3.png\" alt=\"\">\n              <div class=\"carousel-caption\">\n                <p>Esther Rif\u00e0 Forte de\u00a0<a href=\"https:\/\/instagram.com\/melpom_?utm_medium=copy_link\">MELPOM.<\/a><\/p>\n\n              <\/div>\n            <\/div>\n          <\/div>\n          <div class=\"nbs\">\n            <span class=\"current\"><\/span> \/ <span class=\"length\"><\/span>\n          <\/div>\n          <a class=\"carousel-control-prev\" href=\"#slider_1\" role=\"button\" data-slide=\"prev\">\n            <svg width=\"7\" height=\"12\" viewBox=\"0 0 7 12\" fill=\"none\" xmlns=\"http:\/\/www.w3.org\/2000\/svg\">\n              <path d=\"M6 11L1 6L6 1\" stroke=\"#314651\" stroke-width=\"2\" stroke-linecap=\"round\" stroke-linejoin=\"round\"><\/path>\n            <\/svg>\n          <\/a>\n          <a class=\"carousel-control-next\" href=\"#slider_1\" role=\"button\" data-slide=\"next\">\n            <svg width=\"7\" height=\"12\" viewBox=\"0 0 7 12\" fill=\"none\" xmlns=\"http:\/\/www.w3.org\/2000\/svg\">\n              <path d=\"M1 1L6 6L1 11\" stroke=\"#314651\" stroke-width=\"2\" stroke-linecap=\"round\" stroke-linejoin=\"round\"><\/path>\n            <\/svg>\n          <\/a>\n        <\/div>\n      <\/div>\n    <\/div>\n  <\/div>\n<\/div>\n\n<div class=\"component quote\">\n  <div class=\"container\">\n    <div class=\"row\">\n      <div class=\"quote__content col col-lg-8 offset-lg-2\">\n        <div class=\"quote__content__img\">\n          <img decoding=\"async\" src=\"https:\/\/www.11onze.cat\/wp-content\/uploads\/2021\/05\/512x512-11Onze.jpg\" alt=\"\">\n        <\/div>\n        <div class=\"quote__wrapper\">\n          <div class=\"row\">\n            <div class=\"col col-lg-10 offset-lg-1\">\n              <blockquote>\n                <h3><b>La GenZ con 11Onze en Palo Market Fest<\/b><\/h3>\n<p><span style=\"font-weight: 400;\">El festival es el punto de encuentro de la GenZ en Barcelona. El domingo el estand de 11Onze lo reflej\u00f3 con la entrevista que el experto en youth culture <a href=\"https:\/\/www.instagram.com\/chicletol\/\">Jordi Chicletol<\/a>, hizo a la cantante <a href=\"https:\/\/www.instagram.com\/imkyne\/\">Keyne<\/a><\/span><span style=\"font-weight: 400;\">. Durante la entrevista la cantante explic\u00f3 que su generaci\u00f3n nunca ha pensado en la banca como un apoyo financiero que ayude a emprendedores, marcas, empresas, o artistas. Por eso quiere dar voz a 11Onze, que puede apoyar proyectos de gente de su generaci\u00f3n.<\/span><\/p>\n<p><span style=\"font-weight: 400;\">Tambi\u00e9n hablamos en el estand de 11Onze con el dise\u00f1ador de moda emergente <a href=\"https:\/\/www.instagram.com\/ugo.boulard\/\">Ugo Boulard<\/a>, los dise\u00f1os del cual son tendencia entre celebridades barcelonesas de la Gen Z.<\/span><\/p>\n<p><span style=\"font-weight: 400;\">El evento tuvo repercusi\u00f3n en <a href=\"https:\/\/barcelona.lecool.com\/event\/11onze-en-palo-market-fest\/\">LE COOL<\/a> magazine Barcelona, una gu\u00eda clave para descubrir iniciativas innovadoras en la ciudad de Barcelona, una revista de culto de la cultura emergente.\u00a0<\/span><\/p>\n<p><span style=\"font-weight: 400;\">11Onze se caracteriza como marca por su dise\u00f1o actual, minimalista y al mismo tiempo con una gran personalidad, gracias a la su paleta de colores y su apuesta por el amarillo. Los agentes, en l\u00ednea con la marca, en el estand del Palo Market Fest vistieron un estilo <\/span><i><span style=\"font-weight: 400;\">sporty chic<\/span><\/i><span style=\"font-weight: 400;\">, con marcas como <a href=\"https:\/\/www.basi-group.com\/cole-haan\/\">COLE HAAN<\/a>, y <a href=\"https:\/\/www.basi-group.com\/nautica\/\">Nautica<\/a>, del Grupo BASI.\u00a0<\/span><\/p>\n\n                <span class=\"quote__content__author\">Toni Mata<\/span>\n              <\/blockquote>\n            <\/div>\n          <\/div>\n        <\/div>\n      <\/div>\n    <\/div>\n  <\/div>\n<\/div>\n\n<div class=\"component text\">\n  <div class=\"container\">\n\n\n    <div class=\"row\">\n      <div class=\"col  col-lg-8  offset-lg-2\">\n        <p><b>\u00bfQuieres ser el primero en recibir las \u00faltimas noticias sobre 11Onze? Clica <\/b><a href=\"https:\/\/t.me\/ONZEbanc\"><b>aqu\u00ed<\/b><\/a><b> para suscribirte a nuestro canal de <\/b><a href=\"https:\/\/t.me\/ONZEbanc\"><b>Telegram<\/b><\/a><\/p>\n\n      <\/div>\n    <\/div>\n  <\/div>\n<\/div>\n\n\n<div class=\"component cards\">\n  <div class=\"container\">\n    <div class=\"row\">\n      <div class=\"col col-xl-8 offset-xl-2\">\n        <h1>Si te ha gustado este art\u00edculo, te recomendamos:<\/h1>\n        <div class=\"cards__wrapper\">\n          <div class=\"card\">\n            <a href=\"https:\/\/www.11onze.cat\/es\/magazine\/secreto-11onze\/\" class=\"card-link\" target=\"_self\"><\/a>\n            <div class=\"card-img\">\n              <img decoding=\"async\" src=\"https:\/\/www.11onze.cat\/wp-content\/uploads\/2021\/08\/THUMBNAIL_SPOT_SECRET_DISCLAIMER-800x548.jpg\" class=\"card-img-top\" alt=\"\">\n                <span class=\"card-category\">11Onze<\/span>\n            <\/div>\n            <div class=\"card-body\">\n              <p class=\"card-title p2\"><strong>El Secreto de 11Onze<\/strong><\/p>\n              <span class=\"card-time\">1min lectura<\/span>\n              <p class=\"card-text small\">Tenemos una not\u00edcia que queremos compartir con todos los miembros de La Pla\u00e7a.<\/p>\n            <\/div>\n          <\/div>\n\n\n          <div class=\"card\">\n            <a href=\"https:\/\/www.11onze.cat\/es\/magazine\/test-app-11onze-primeros-usuarios\/\" class=\"card-link\" target=\"_self\"><\/a>\n            <div class=\"card-img\">\n              <img decoding=\"async\" src=\"https:\/\/www.11onze.cat\/wp-content\/uploads\/2021\/08\/IMG-0527-800x389.jpg\" class=\"card-img-top\" alt=\"\">\n                <span class=\"card-category\">11Onze<\/span>\n            <\/div>\n            <div class=\"card-body\">\n              <p class=\"card-title p2\"><strong>Llegamos a los primeros usuarios<\/strong><\/p>\n              <span class=\"card-time\">4min lectura<\/span>\n              <p class=\"card-text small\">Usuarios seleccionados de La Pla\u00e7a, acompa\u00f1ados por<\/p>\n            <\/div>\n          <\/div>\n\n\n          <div class=\"card\">\n            <a href=\"https:\/\/www.11onze.cat\/es\/magazine\/11onze-llega-palo-market-fest\/\" class=\"card-link\" target=\"_self\"><\/a>\n            <div class=\"card-img\">\n              <img decoding=\"async\" src=\"https:\/\/www.11onze.cat\/wp-content\/uploads\/2021\/09\/THUMBNAIL_PALO_ALTO_11ONZE-400x600.jpg\" class=\"card-img-top\" alt=\"\">\n                <span class=\"card-category\">11Onze<\/span>\n            <\/div>\n            <div class=\"card-body\">\n              <p class=\"card-title p2\"><strong>11Onze llega a Palo Market Fest<\/strong><\/p>\n              <span class=\"card-time\">2min lectura<\/span>\n              <p class=\"card-text small\">11Onze es pionera al ser la primera empresa financiera que<\/p>\n            <\/div>\n          <\/div>\n\n              <\/div>\n              <br>\n              <br>\n              <div class=\"cards__wrapper\">\n\n        <\/div>\n      <\/div>\n    <\/div>\n  <\/div>\n<\/div>","protected":false},"excerpt":{"rendered":"","protected":false},"author":69,"featured_media":15528,"comment_status":"open","ping_status":"closed","sticky":false,"template":"","format":"standard","meta":{"_acf_changed":false,"content-type":"","footnotes":""},"categories":[28],"tags":[189,180],"class_list":["post-15550","post","type-post","status-publish","format-standard","has-post-thumbnail","hentry","category-sin-categorizar","tag-11onze-es","tag-cultura-es"],"acf":[],"yoast_head":"<!-- This site is optimized with the Yoast SEO plugin v27.4 - https:\/\/yoast.com\/product\/yoast-seo-wordpress\/ -->\n<title>Creativos, emprendedores y 11Onze en Palo Market - 11ONZE<\/title>\n<meta name=\"description\" content=\"11Onze hace su primera aparici\u00f3n p\u00fablica y acontece la primera empresa de servicios al acceder al Palo Market Fest.\" \/>\n<meta name=\"robots\" content=\"index, follow, max-snippet:-1, max-image-preview:large, max-video-preview:-1\" \/>\n<link rel=\"canonical\" href=\"https:\/\/www.11onze.cat\/es\/magazine\/creativos-emprendedores-11onze-palo-market\/\" \/>\n<meta property=\"og:locale\" content=\"es_ES\" \/>\n<meta property=\"og:type\" content=\"article\" \/>\n<meta property=\"og:title\" content=\"Creativos, emprendedores y 11Onze en Palo Market - 11ONZE\" \/>\n<meta property=\"og:description\" content=\"11Onze hace su primera aparici\u00f3n p\u00fablica y acontece la primera empresa de servicios al acceder al Palo Market Fest.\" \/>\n<meta property=\"og:url\" content=\"https:\/\/www.11onze.cat\/es\/magazine\/creativos-emprendedores-11onze-palo-market\/\" \/>\n<meta property=\"og:site_name\" content=\"11Onze\" \/>\n<meta property=\"article:publisher\" content=\"https:\/\/www.facebook.com\/11OnzeComunitat\" \/>\n<meta property=\"article:published_time\" content=\"2021-09-06T10:28:00+00:00\" \/>\n<meta property=\"article:modified_time\" content=\"2021-09-08T10:44:28+00:00\" \/>\n<meta property=\"og:image\" content=\"https:\/\/www.11onze.cat\/wp-content\/uploads\/2021\/09\/THUMBNAIL_PALO_ALTO_6.jpg\" \/>\n\t<meta property=\"og:image:width\" content=\"1200\" \/>\n\t<meta property=\"og:image:height\" content=\"1187\" \/>\n\t<meta property=\"og:image:type\" content=\"image\/jpeg\" \/>\n<meta name=\"author\" content=\"11Onze\" \/>\n<meta name=\"twitter:card\" content=\"summary_large_image\" \/>\n<meta name=\"twitter:creator\" content=\"@11OnzeFintech\" \/>\n<meta name=\"twitter:site\" content=\"@11OnzeFintech\" \/>\n<meta name=\"twitter:label1\" content=\"Escrito por\" \/>\n\t<meta name=\"twitter:data1\" content=\"11Onze\" \/>\n<script type=\"application\/ld+json\" class=\"yoast-schema-graph\">{\"@context\":\"https:\\\/\\\/schema.org\",\"@graph\":[{\"@type\":\"Article\",\"@id\":\"https:\\\/\\\/www.11onze.cat\\\/es\\\/magazine\\\/creativos-emprendedores-11onze-palo-market\\\/#article\",\"isPartOf\":{\"@id\":\"https:\\\/\\\/www.11onze.cat\\\/es\\\/magazine\\\/creativos-emprendedores-11onze-palo-market\\\/\"},\"author\":{\"name\":\"11Onze\",\"@id\":\"https:\\\/\\\/www.11onze.cat\\\/es\\\/#\\\/schema\\\/person\\\/a32976e87babd50a6f56f80b22767a7e\"},\"headline\":\"Creativos, emprendedores y 11Onze en Palo Market\",\"datePublished\":\"2021-09-06T10:28:00+00:00\",\"dateModified\":\"2021-09-08T10:44:28+00:00\",\"mainEntityOfPage\":{\"@id\":\"https:\\\/\\\/www.11onze.cat\\\/es\\\/magazine\\\/creativos-emprendedores-11onze-palo-market\\\/\"},\"wordCount\":7,\"commentCount\":0,\"publisher\":{\"@id\":\"https:\\\/\\\/www.11onze.cat\\\/es\\\/#organization\"},\"image\":{\"@id\":\"https:\\\/\\\/www.11onze.cat\\\/es\\\/magazine\\\/creativos-emprendedores-11onze-palo-market\\\/#primaryimage\"},\"thumbnailUrl\":\"https:\\\/\\\/www.11onze.cat\\\/wp-content\\\/uploads\\\/2021\\\/09\\\/THUMBNAIL_PALO_ALTO_6.jpg\",\"keywords\":[\"11Onze\",\"Cultura\"],\"articleSection\":[\"Sin categorizar\"],\"inLanguage\":\"es\",\"potentialAction\":[{\"@type\":\"CommentAction\",\"name\":\"Comment\",\"target\":[\"https:\\\/\\\/www.11onze.cat\\\/es\\\/magazine\\\/creativos-emprendedores-11onze-palo-market\\\/#respond\"]}]},{\"@type\":\"WebPage\",\"@id\":\"https:\\\/\\\/www.11onze.cat\\\/es\\\/magazine\\\/creativos-emprendedores-11onze-palo-market\\\/\",\"url\":\"https:\\\/\\\/www.11onze.cat\\\/es\\\/magazine\\\/creativos-emprendedores-11onze-palo-market\\\/\",\"name\":\"Creativos, emprendedores y 11Onze en Palo Market - 11ONZE\",\"isPartOf\":{\"@id\":\"https:\\\/\\\/www.11onze.cat\\\/es\\\/#website\"},\"primaryImageOfPage\":{\"@id\":\"https:\\\/\\\/www.11onze.cat\\\/es\\\/magazine\\\/creativos-emprendedores-11onze-palo-market\\\/#primaryimage\"},\"image\":{\"@id\":\"https:\\\/\\\/www.11onze.cat\\\/es\\\/magazine\\\/creativos-emprendedores-11onze-palo-market\\\/#primaryimage\"},\"thumbnailUrl\":\"https:\\\/\\\/www.11onze.cat\\\/wp-content\\\/uploads\\\/2021\\\/09\\\/THUMBNAIL_PALO_ALTO_6.jpg\",\"datePublished\":\"2021-09-06T10:28:00+00:00\",\"dateModified\":\"2021-09-08T10:44:28+00:00\",\"description\":\"11Onze hace su primera aparici\u00f3n p\u00fablica y acontece la primera empresa de servicios al acceder al Palo Market Fest.\",\"breadcrumb\":{\"@id\":\"https:\\\/\\\/www.11onze.cat\\\/es\\\/magazine\\\/creativos-emprendedores-11onze-palo-market\\\/#breadcrumb\"},\"inLanguage\":\"es\",\"potentialAction\":[{\"@type\":\"ReadAction\",\"target\":[\"https:\\\/\\\/www.11onze.cat\\\/es\\\/magazine\\\/creativos-emprendedores-11onze-palo-market\\\/\"]}]},{\"@type\":\"ImageObject\",\"inLanguage\":\"es\",\"@id\":\"https:\\\/\\\/www.11onze.cat\\\/es\\\/magazine\\\/creativos-emprendedores-11onze-palo-market\\\/#primaryimage\",\"url\":\"https:\\\/\\\/www.11onze.cat\\\/wp-content\\\/uploads\\\/2021\\\/09\\\/THUMBNAIL_PALO_ALTO_6.jpg\",\"contentUrl\":\"https:\\\/\\\/www.11onze.cat\\\/wp-content\\\/uploads\\\/2021\\\/09\\\/THUMBNAIL_PALO_ALTO_6.jpg\",\"width\":1200,\"height\":1187},{\"@type\":\"BreadcrumbList\",\"@id\":\"https:\\\/\\\/www.11onze.cat\\\/es\\\/magazine\\\/creativos-emprendedores-11onze-palo-market\\\/#breadcrumb\",\"itemListElement\":[{\"@type\":\"ListItem\",\"position\":1,\"name\":\"Home\",\"item\":\"https:\\\/\\\/www.11onze.cat\\\/es\\\/\"},{\"@type\":\"ListItem\",\"position\":2,\"name\":\"Creativos, emprendedores y 11Onze en Palo Market\"}]},{\"@type\":\"WebSite\",\"@id\":\"https:\\\/\\\/www.11onze.cat\\\/es\\\/#website\",\"url\":\"https:\\\/\\\/www.11onze.cat\\\/es\\\/\",\"name\":\"11Onze\",\"description\":\"Primera comunidad fintech digital en Catalu\u00f1a\",\"publisher\":{\"@id\":\"https:\\\/\\\/www.11onze.cat\\\/es\\\/#organization\"},\"potentialAction\":[{\"@type\":\"SearchAction\",\"target\":{\"@type\":\"EntryPoint\",\"urlTemplate\":\"https:\\\/\\\/www.11onze.cat\\\/es\\\/?s={search_term_string}\"},\"query-input\":{\"@type\":\"PropertyValueSpecification\",\"valueRequired\":true,\"valueName\":\"search_term_string\"}}],\"inLanguage\":\"es\"},{\"@type\":\"Organization\",\"@id\":\"https:\\\/\\\/www.11onze.cat\\\/es\\\/#organization\",\"name\":\"11Onze\",\"url\":\"https:\\\/\\\/www.11onze.cat\\\/es\\\/\",\"logo\":{\"@type\":\"ImageObject\",\"inLanguage\":\"es\",\"@id\":\"https:\\\/\\\/www.11onze.cat\\\/es\\\/#\\\/schema\\\/logo\\\/image\\\/\",\"url\":\"https:\\\/\\\/www.11onze.cat\\\/wp-content\\\/uploads\\\/2021\\\/04\\\/512x512-11Onze.jpg\",\"contentUrl\":\"https:\\\/\\\/www.11onze.cat\\\/wp-content\\\/uploads\\\/2021\\\/04\\\/512x512-11Onze.jpg\",\"width\":512,\"height\":512,\"caption\":\"11Onze\"},\"image\":{\"@id\":\"https:\\\/\\\/www.11onze.cat\\\/es\\\/#\\\/schema\\\/logo\\\/image\\\/\"},\"sameAs\":[\"https:\\\/\\\/www.facebook.com\\\/11OnzeComunitat\",\"https:\\\/\\\/x.com\\\/11OnzeFintech\",\"https:\\\/\\\/www.instagram.com\\\/11onzecat\\\/\",\"https:\\\/\\\/www.linkedin.com\\\/company\\\/11onzebanc\",\"https:\\\/\\\/www.youtube.com\\\/channel\\\/UCz63R8Byd_kBKtK2M4Qf_7w\"]},{\"@type\":\"Person\",\"@id\":\"https:\\\/\\\/www.11onze.cat\\\/es\\\/#\\\/schema\\\/person\\\/a32976e87babd50a6f56f80b22767a7e\",\"name\":\"11Onze\",\"image\":{\"@type\":\"ImageObject\",\"inLanguage\":\"es\",\"@id\":\"https:\\\/\\\/www.11onze.cat\\\/wp-content\\\/uploads\\\/2021\\\/04\\\/512x512-11Onze-300x300.jpg\",\"url\":\"https:\\\/\\\/www.11onze.cat\\\/wp-content\\\/uploads\\\/2021\\\/04\\\/512x512-11Onze-300x300.jpg\",\"contentUrl\":\"https:\\\/\\\/www.11onze.cat\\\/wp-content\\\/uploads\\\/2021\\\/04\\\/512x512-11Onze-300x300.jpg\",\"caption\":\"11Onze\"},\"url\":\"https:\\\/\\\/www.11onze.cat\\\/es\\\/magazine\\\/author\\\/11onze\\\/\"}]}<\/script>\n<!-- \/ Yoast SEO plugin. -->","yoast_head_json":{"title":"Creativos, emprendedores y 11Onze en Palo Market - 11ONZE","description":"11Onze hace su primera aparici\u00f3n p\u00fablica y acontece la primera empresa de servicios al acceder al Palo Market Fest.","robots":{"index":"index","follow":"follow","max-snippet":"max-snippet:-1","max-image-preview":"max-image-preview:large","max-video-preview":"max-video-preview:-1"},"canonical":"https:\/\/www.11onze.cat\/es\/magazine\/creativos-emprendedores-11onze-palo-market\/","og_locale":"es_ES","og_type":"article","og_title":"Creativos, emprendedores y 11Onze en Palo Market - 11ONZE","og_description":"11Onze hace su primera aparici\u00f3n p\u00fablica y acontece la primera empresa de servicios al acceder al Palo Market Fest.","og_url":"https:\/\/www.11onze.cat\/es\/magazine\/creativos-emprendedores-11onze-palo-market\/","og_site_name":"11Onze","article_publisher":"https:\/\/www.facebook.com\/11OnzeComunitat","article_published_time":"2021-09-06T10:28:00+00:00","article_modified_time":"2021-09-08T10:44:28+00:00","og_image":[{"width":1200,"height":1187,"url":"https:\/\/www.11onze.cat\/wp-content\/uploads\/2021\/09\/THUMBNAIL_PALO_ALTO_6.jpg","type":"image\/jpeg"}],"author":"11Onze","twitter_card":"summary_large_image","twitter_creator":"@11OnzeFintech","twitter_site":"@11OnzeFintech","twitter_misc":{"Escrito por":"11Onze"},"schema":{"@context":"https:\/\/schema.org","@graph":[{"@type":"Article","@id":"https:\/\/www.11onze.cat\/es\/magazine\/creativos-emprendedores-11onze-palo-market\/#article","isPartOf":{"@id":"https:\/\/www.11onze.cat\/es\/magazine\/creativos-emprendedores-11onze-palo-market\/"},"author":{"name":"11Onze","@id":"https:\/\/www.11onze.cat\/es\/#\/schema\/person\/a32976e87babd50a6f56f80b22767a7e"},"headline":"Creativos, emprendedores y 11Onze en Palo Market","datePublished":"2021-09-06T10:28:00+00:00","dateModified":"2021-09-08T10:44:28+00:00","mainEntityOfPage":{"@id":"https:\/\/www.11onze.cat\/es\/magazine\/creativos-emprendedores-11onze-palo-market\/"},"wordCount":7,"commentCount":0,"publisher":{"@id":"https:\/\/www.11onze.cat\/es\/#organization"},"image":{"@id":"https:\/\/www.11onze.cat\/es\/magazine\/creativos-emprendedores-11onze-palo-market\/#primaryimage"},"thumbnailUrl":"https:\/\/www.11onze.cat\/wp-content\/uploads\/2021\/09\/THUMBNAIL_PALO_ALTO_6.jpg","keywords":["11Onze","Cultura"],"articleSection":["Sin categorizar"],"inLanguage":"es","potentialAction":[{"@type":"CommentAction","name":"Comment","target":["https:\/\/www.11onze.cat\/es\/magazine\/creativos-emprendedores-11onze-palo-market\/#respond"]}]},{"@type":"WebPage","@id":"https:\/\/www.11onze.cat\/es\/magazine\/creativos-emprendedores-11onze-palo-market\/","url":"https:\/\/www.11onze.cat\/es\/magazine\/creativos-emprendedores-11onze-palo-market\/","name":"Creativos, emprendedores y 11Onze en Palo Market - 11ONZE","isPartOf":{"@id":"https:\/\/www.11onze.cat\/es\/#website"},"primaryImageOfPage":{"@id":"https:\/\/www.11onze.cat\/es\/magazine\/creativos-emprendedores-11onze-palo-market\/#primaryimage"},"image":{"@id":"https:\/\/www.11onze.cat\/es\/magazine\/creativos-emprendedores-11onze-palo-market\/#primaryimage"},"thumbnailUrl":"https:\/\/www.11onze.cat\/wp-content\/uploads\/2021\/09\/THUMBNAIL_PALO_ALTO_6.jpg","datePublished":"2021-09-06T10:28:00+00:00","dateModified":"2021-09-08T10:44:28+00:00","description":"11Onze hace su primera aparici\u00f3n p\u00fablica y acontece la primera empresa de servicios al acceder al Palo Market Fest.","breadcrumb":{"@id":"https:\/\/www.11onze.cat\/es\/magazine\/creativos-emprendedores-11onze-palo-market\/#breadcrumb"},"inLanguage":"es","potentialAction":[{"@type":"ReadAction","target":["https:\/\/www.11onze.cat\/es\/magazine\/creativos-emprendedores-11onze-palo-market\/"]}]},{"@type":"ImageObject","inLanguage":"es","@id":"https:\/\/www.11onze.cat\/es\/magazine\/creativos-emprendedores-11onze-palo-market\/#primaryimage","url":"https:\/\/www.11onze.cat\/wp-content\/uploads\/2021\/09\/THUMBNAIL_PALO_ALTO_6.jpg","contentUrl":"https:\/\/www.11onze.cat\/wp-content\/uploads\/2021\/09\/THUMBNAIL_PALO_ALTO_6.jpg","width":1200,"height":1187},{"@type":"BreadcrumbList","@id":"https:\/\/www.11onze.cat\/es\/magazine\/creativos-emprendedores-11onze-palo-market\/#breadcrumb","itemListElement":[{"@type":"ListItem","position":1,"name":"Home","item":"https:\/\/www.11onze.cat\/es\/"},{"@type":"ListItem","position":2,"name":"Creativos, emprendedores y 11Onze en Palo Market"}]},{"@type":"WebSite","@id":"https:\/\/www.11onze.cat\/es\/#website","url":"https:\/\/www.11onze.cat\/es\/","name":"11Onze","description":"Primera comunidad fintech digital en Catalu\u00f1a","publisher":{"@id":"https:\/\/www.11onze.cat\/es\/#organization"},"potentialAction":[{"@type":"SearchAction","target":{"@type":"EntryPoint","urlTemplate":"https:\/\/www.11onze.cat\/es\/?s={search_term_string}"},"query-input":{"@type":"PropertyValueSpecification","valueRequired":true,"valueName":"search_term_string"}}],"inLanguage":"es"},{"@type":"Organization","@id":"https:\/\/www.11onze.cat\/es\/#organization","name":"11Onze","url":"https:\/\/www.11onze.cat\/es\/","logo":{"@type":"ImageObject","inLanguage":"es","@id":"https:\/\/www.11onze.cat\/es\/#\/schema\/logo\/image\/","url":"https:\/\/www.11onze.cat\/wp-content\/uploads\/2021\/04\/512x512-11Onze.jpg","contentUrl":"https:\/\/www.11onze.cat\/wp-content\/uploads\/2021\/04\/512x512-11Onze.jpg","width":512,"height":512,"caption":"11Onze"},"image":{"@id":"https:\/\/www.11onze.cat\/es\/#\/schema\/logo\/image\/"},"sameAs":["https:\/\/www.facebook.com\/11OnzeComunitat","https:\/\/x.com\/11OnzeFintech","https:\/\/www.instagram.com\/11onzecat\/","https:\/\/www.linkedin.com\/company\/11onzebanc","https:\/\/www.youtube.com\/channel\/UCz63R8Byd_kBKtK2M4Qf_7w"]},{"@type":"Person","@id":"https:\/\/www.11onze.cat\/es\/#\/schema\/person\/a32976e87babd50a6f56f80b22767a7e","name":"11Onze","image":{"@type":"ImageObject","inLanguage":"es","@id":"https:\/\/www.11onze.cat\/wp-content\/uploads\/2021\/04\/512x512-11Onze-300x300.jpg","url":"https:\/\/www.11onze.cat\/wp-content\/uploads\/2021\/04\/512x512-11Onze-300x300.jpg","contentUrl":"https:\/\/www.11onze.cat\/wp-content\/uploads\/2021\/04\/512x512-11Onze-300x300.jpg","caption":"11Onze"},"url":"https:\/\/www.11onze.cat\/es\/magazine\/author\/11onze\/"}]}},"_links":{"self":[{"href":"https:\/\/www.11onze.cat\/es\/wp-json\/wp\/v2\/posts\/15550","targetHints":{"allow":["GET"]}}],"collection":[{"href":"https:\/\/www.11onze.cat\/es\/wp-json\/wp\/v2\/posts"}],"about":[{"href":"https:\/\/www.11onze.cat\/es\/wp-json\/wp\/v2\/types\/post"}],"author":[{"embeddable":true,"href":"https:\/\/www.11onze.cat\/es\/wp-json\/wp\/v2\/users\/69"}],"replies":[{"embeddable":true,"href":"https:\/\/www.11onze.cat\/es\/wp-json\/wp\/v2\/comments?post=15550"}],"version-history":[{"count":0,"href":"https:\/\/www.11onze.cat\/es\/wp-json\/wp\/v2\/posts\/15550\/revisions"}],"wp:featuredmedia":[{"embeddable":true,"href":"https:\/\/www.11onze.cat\/es\/wp-json\/wp\/v2\/media\/15528"}],"wp:attachment":[{"href":"https:\/\/www.11onze.cat\/es\/wp-json\/wp\/v2\/media?parent=15550"}],"wp:term":[{"taxonomy":"category","embeddable":true,"href":"https:\/\/www.11onze.cat\/es\/wp-json\/wp\/v2\/categories?post=15550"},{"taxonomy":"post_tag","embeddable":true,"href":"https:\/\/www.11onze.cat\/es\/wp-json\/wp\/v2\/tags?post=15550"}],"curies":[{"name":"wp","href":"https:\/\/api.w.org\/{rel}","templated":true}]}}