{"id":12262,"date":"2021-07-22T21:00:00","date_gmt":"2021-07-22T19:00:00","guid":{"rendered":"https:\/\/www.11onze.cat\/?p=12262"},"modified":"2021-07-21T12:24:25","modified_gmt":"2021-07-21T10:24:25","slug":"verano-2021-colores-tendencias-moda-red","status":"publish","type":"post","link":"https:\/\/www.11onze.cat\/es\/magazine\/verano-2021-colores-tendencias-moda-red\/","title":{"rendered":"Verano 2021: Colores, tendencias y moda en la red"},"content":{"rendered":"<div class=\"component text\">\n  <div class=\"container\">\n\n\n    <div class=\"row\">\n      <div class=\"col  col-lg-8  offset-lg-2\">\n        <h3><b>\u00bfQui\u00e9n decide los colores del verano? \u00bfConoces el Pantone Color Institute? Te explicamos por qu\u00e9 encuentras lo que encuentras en la calle y en las redes.<\/b><\/h3>\n<p>&nbsp;<\/p>\n<p><span style=\"font-weight: 400;\">Ya estamos de lleno en verano y, como en cada cambio de <\/span><b>temporada<\/b><span style=\"font-weight: 400;\">, aquello que llevaremos o veremos a pie de calle o en la playa ha sido estudiado meticulosamente por expertos que analizan las tendencias. Hoy os queremos poner al d\u00eda de las tendencias de este <\/span><b>verano 2021<\/b><span style=\"font-weight: 400;\">, y lo haremos con tres peque\u00f1as pinceladas: nos adentraremos en los colores <\/span><b>actuales<\/b><span style=\"font-weight: 400;\">, revisaremos las predicciones de <\/span><b>tendencias<\/b><span style=\"font-weight: 400;\">, y nos informaremos de c\u00f3mo es la moda en la <\/span><b>red<\/b><span style=\"font-weight: 400;\">.<\/span><\/p>\n\n      <\/div>\n    <\/div>\n  <\/div>\n<\/div>\n\n\n<div class=\"component gallery\">\n  <div class=\"container\">\n    <div class=\"row\">\n      <div class=\"col col-lg-10 offset-lg-1\">\n        <div id=\"slider_1\" class=\"carousel slide\" data-wrap=\"false\" data-interval=\"false\">\n          <div class=\"carousel-inner\">\n            <div class=\"carousel-item active\">\n              <img decoding=\"async\" class=\"d-block w-100\" src=\"https:\/\/www.11onze.cat\/wp-content\/uploads\/2021\/07\/11ONZE_IMAGE_TENDENCIES_ESTIU_2021-1.gif\" alt=\"\">\n              <div class=\"carousel-caption\">\n                \n              <\/div>\n            <\/div>\n          <\/div>\n        <\/div>\n      <\/div>\n    <\/div>\n  <\/div>\n<\/div>\n\n<div class=\"component text\">\n  <div class=\"container\">\n\n\n    <div class=\"row\">\n      <div class=\"col  col-lg-8  offset-lg-2\">\n        <h3><b>El coral, el lila, el amarillo o el fucsia, los colores de moda del verano<\/b><\/h3>\n<p><span style=\"font-weight: 400;\">\u00bfQui\u00e9n decide los colores de moda que vemos en las revistas, los que llevan las presentadoras de televisi\u00f3n, las influencers o los que veremos llevar a la gente durante la temporada de verano? Esto es trabajo de <\/span><a href=\"https:\/\/www.pantone.com\/eu\/es\/articulos\/fashion-color-trend-report\/semana-de-la-moda-de-nueva-york-primavera-verano-2021\"><b>Pantone Color Institute<\/b><\/a><span style=\"font-weight: 400;\">, el centro de predicciones de tendencias y consultor\u00eda de los colores de <\/span><b>Pantone<\/b><span style=\"font-weight: 400;\">. Ellos son, en gran parte, quienes marcan los colores que se llevar\u00e1n. Cada temporada hacen un informe sugiriendo los <\/span><b>diez colores principales <\/b><span style=\"font-weight: 400;\">y los <\/span><b>cinco colores cl\u00e1sicos <\/b><span style=\"font-weight: 400;\">neutros a llevar.<\/span><\/p>\n<p><span style=\"font-weight: 400;\">Para este verano, Pantone <\/span><b>apuesta por la vitalidad <\/b><span style=\"font-weight: 400;\">a trav\u00e9s de colores vivos, como el amarillo anaranjado, el azul cielo, el azul marino, el marr\u00f3n tierra, el verde claro, el verde mentolado, el coral, el lila, el amarillo y el fucsia. En cuanto a los cl\u00e1sicos de la temporada, proponen el azul ennegrecido, el gris, el crema, el color tierra y el verde sauce. Seg\u00fan dice Leatrice Eiseman, directora ejecutiva de Pantone Color Institute, los colores de este verano combinan <\/span><b>la energ\u00eda, la relajaci\u00f3n y el confort <\/b><span style=\"font-weight: 400;\">a fin de mejorar nuestro estado de \u00e1nimo, aquello que posiblemente m\u00e1s necesitamos ahora mismo.<\/span><\/p>\n<h3><b>Tendencias para todos los gustos<\/b><\/h3>\n<p><span style=\"font-weight: 400;\">Igual que en los colores, las tendencias de moda tambi\u00e9n se analizan y se preparan con antelaci\u00f3n. Hay empresas que se dedican a hacer informes de lo que se llevar\u00e1, <\/span><b>anticipando dos a\u00f1os antes la moda que encontraremos <\/b><span style=\"font-weight: 400;\">a pie de calle. Seg\u00fan la analista y experta en predicci\u00f3n de tendencias Rosalina Villanueva, de <\/span><b>WGSN <\/b><span style=\"font-weight: 400;\">-una empresa que se dedica exclusivamente a pronosticar tendencias-, este verano <\/span><b>es tendencia la comodidad<\/b><span style=\"font-weight: 400;\">, el estilo futurista, el retro, el pop, el estilo marinero, los looks safari, los materiales evaporizados, los floreados, el minimalismo y los materiales respetuosos con el medio ambiente.<\/span><\/p>\n<h3><b>Redes sociales, la nueva incubadora de tendencias<\/b><\/h3>\n<p><span style=\"font-weight: 400;\">Pero la moda no solo la encontramos en los colores que deciden Pantone o los analistas m\u00e1s expertos. <\/span><b>La moda la encontramos tambi\u00e9n en las redes sociales<\/b><span style=\"font-weight: 400;\">. Todo navegante y con un poco de atenci\u00f3n todo el mundo puede observar las tendencias m\u00e1s top de este verano: Los sombreros de pescador (bucket hat), las prendas de vestir y los complementos de ganchillo, la bisuter\u00eda de colores, las alpargatas, las camisas XXL, las sandalias flip-flops, las bolsas de red, las piezas asim\u00e9tricas, las bermudas, los cuadros Vichy, el \u201ctie-dye\u201d o los vestidos y la ropa de estilo ibicenco, son solo algunas tendencias de moda que podremos encontrarnos este verano, de acuerdo con la moda que se sigue en las redes sociales.<\/span><\/p>\n<p><span style=\"font-weight: 400;\">Recordamos finalmente que este verano <\/span><b>la moda viene cargada de felicidad<\/b><span style=\"font-weight: 400;\">; no se trata de ser lo m\u00e1s moderno ni el que viste con las tendencias m\u00e1s actuales, sino de sacar de cada cual la personalidad y la energ\u00eda m\u00e1s aut\u00e9ntica interpretada por medio de las piezas que llevamos. Y por \u00faltimo, que nadie se deje estos b\u00e1sicos de temporada: <\/span><b>La sonrisa y el buen humor<\/b><span style=\"font-weight: 400;\">; que son la tendencia m\u00e1s al alza que siempre encontraremos, temporada detr\u00e1s temporada.<\/span><\/p>\n<p>&nbsp;<\/p>\n<p><b>\u00bfQuieres ser el primero en recibir las \u00faltimas noticias sobre 11Onze? Clica <\/b><a href=\"https:\/\/t.me\/ONZEbanc\"><b>aqu\u00ed<\/b><\/a><b> para suscribirte a nuestro canal de <\/b><a href=\"https:\/\/t.me\/ONZEbanc\"><b>Telegram<\/b><\/a><\/p>\n\n      <\/div>\n    <\/div>\n  <\/div>\n<\/div>\n\n\n<div class=\"component cards\">\n  <div class=\"container\">\n    <div class=\"row\">\n      <div class=\"col col-xl-8 offset-xl-2\">\n        <h1>Si te ha gustado este art\u00edculo, te recomendamos:<\/h1>\n        <div class=\"cards__wrapper\">\n          <div class=\"card\">\n            <a href=\"https:\/\/www.11onze.cat\/es\/magazine\/operacion-biquini-no-gracias\/\" class=\"card-link\" target=\"_self\"><\/a>\n            <div class=\"card-img\">\n              <img decoding=\"async\" src=\"https:\/\/www.11onze.cat\/wp-content\/uploads\/2021\/05\/THUMBNAIL_OPERACIOBIKINI-705x600.jpg\" class=\"card-img-top\" alt=\"\">\n                <span class=\"card-category\">Cultura<\/span>\n            <\/div>\n            <div class=\"card-body\">\n              <p class=\"card-title p2\"><strong>\u00bfOperaci\u00f3n Biquini?<\/strong><\/p>\n              <span class=\"card-time\">2min lectura<\/span>\n              <p class=\"card-text small\"> \u00a1No, gracias!<\/p>\n            <\/div>\n          <\/div>\n\n\n          <div class=\"card\">\n            <a href=\"https:\/\/www.11onze.cat\/es\/magazine\/brava-fabrics-barcelona-mundo\/\" class=\"card-link\" target=\"_self\"><\/a>\n            <div class=\"card-img\">\n              <img decoding=\"async\" src=\"https:\/\/www.11onze.cat\/wp-content\/uploads\/2021\/04\/THUMBNAIL_BRAVA-1.jpg\" class=\"card-img-top\" alt=\"\">\n                <span class=\"card-category\">Comunidad<\/span>\n            <\/div>\n            <div class=\"card-body\">\n              <p class=\"card-title p2\"><strong>Brava Fabrics<\/strong><\/p>\n              <span class=\"card-time\">4min lectura<\/span>\n              <p class=\"card-text small\">De Barcelona al mundo<\/p>\n            <\/div>\n          <\/div>\n\n\n          <div class=\"card\">\n            <a href=\"https:\/\/www.11onze.cat\/es\/magazine\/diseno-interior-pisos-pequenos-sostenibles\/\" class=\"card-link\" target=\"_self\"><\/a>\n            <div class=\"card-img\">\n              <img decoding=\"async\" src=\"https:\/\/www.11onze.cat\/wp-content\/uploads\/2021\/04\/THUMBNAIL_POST_26-1.jpg\" class=\"card-img-top\" alt=\"\">\n                <span class=\"card-category\">Sostenibilidad<\/span>\n            <\/div>\n            <div class=\"card-body\">\n              <p class=\"card-title p2\"><strong>Dise\u00f1o de interiores<\/strong><\/p>\n              <span class=\"card-time\">5min lectura<\/span>\n              <p class=\"card-text small\">Para pisos peque\u00f1os y sostenibles<\/p>\n            <\/div>\n          <\/div>\n\n              <\/div>\n              <br>\n              <br>\n              <div class=\"cards__wrapper\">\n\n        <\/div>\n      <\/div>\n    <\/div>\n  <\/div>\n<\/div>","protected":false},"excerpt":{"rendered":"","protected":false},"author":71,"featured_media":12260,"comment_status":"open","ping_status":"closed","sticky":false,"template":"","format":"standard","meta":{"_acf_changed":false,"content-type":"","footnotes":""},"categories":[28],"tags":[180],"class_list":["post-12262","post","type-post","status-publish","format-standard","has-post-thumbnail","hentry","category-sin-categorizar","tag-cultura-es"],"acf":[],"yoast_head":"<!-- This site is optimized with the Yoast SEO plugin v27.5 - https:\/\/yoast.com\/product\/yoast-seo-wordpress\/ -->\n<title>Verano 2021: Colores, tendencias y moda en la red - 11ONZE<\/title>\n<meta name=\"description\" content=\"Las tendencias de este verano 2021, seg\u00fan los colores de moda de Pantone, los expertos en tendencias y la moda en la red.\" \/>\n<meta name=\"robots\" content=\"index, follow, max-snippet:-1, max-image-preview:large, max-video-preview:-1\" \/>\n<link rel=\"canonical\" href=\"https:\/\/www.11onze.cat\/es\/magazine\/verano-2021-colores-tendencias-moda-red\/\" \/>\n<meta property=\"og:locale\" content=\"es_ES\" \/>\n<meta property=\"og:type\" content=\"article\" \/>\n<meta property=\"og:title\" content=\"Verano 2021: Colores, tendencias y moda en la red - 11ONZE\" \/>\n<meta property=\"og:description\" content=\"Las tendencias de este verano 2021, seg\u00fan los colores de moda de Pantone, los expertos en tendencias y la moda en la red.\" \/>\n<meta property=\"og:url\" content=\"https:\/\/www.11onze.cat\/es\/magazine\/verano-2021-colores-tendencias-moda-red\/\" \/>\n<meta property=\"og:site_name\" content=\"11Onze\" \/>\n<meta property=\"article:publisher\" content=\"https:\/\/www.facebook.com\/11OnzeComunitat\" \/>\n<meta property=\"article:published_time\" content=\"2021-07-22T19:00:00+00:00\" \/>\n<meta property=\"og:image\" content=\"https:\/\/www.11onze.cat\/wp-content\/uploads\/2021\/07\/THUMBNAIL_TENDENCIES_ESTIU_2021.jpg\" \/>\n\t<meta property=\"og:image:width\" content=\"1500\" \/>\n\t<meta property=\"og:image:height\" content=\"1000\" \/>\n\t<meta property=\"og:image:type\" content=\"image\/jpeg\" \/>\n<meta name=\"author\" content=\"Equip Editorial\" \/>\n<meta name=\"twitter:card\" content=\"summary_large_image\" \/>\n<meta name=\"twitter:creator\" content=\"@11OnzeFintech\" \/>\n<meta name=\"twitter:site\" content=\"@11OnzeFintech\" \/>\n<meta name=\"twitter:label1\" content=\"Escrito por\" \/>\n\t<meta name=\"twitter:data1\" content=\"Equip Editorial\" \/>\n<script type=\"application\/ld+json\" class=\"yoast-schema-graph\">{\"@context\":\"https:\\\/\\\/schema.org\",\"@graph\":[{\"@type\":\"Article\",\"@id\":\"https:\\\/\\\/www.11onze.cat\\\/es\\\/magazine\\\/verano-2021-colores-tendencias-moda-red\\\/#article\",\"isPartOf\":{\"@id\":\"https:\\\/\\\/www.11onze.cat\\\/es\\\/magazine\\\/verano-2021-colores-tendencias-moda-red\\\/\"},\"author\":{\"name\":\"Equip Editorial\",\"@id\":\"https:\\\/\\\/www.11onze.cat\\\/es\\\/#\\\/schema\\\/person\\\/636d99b4c82bb7178687ecd43c3a61bd\"},\"headline\":\"Verano 2021: Colores, tendencias y moda en la red\",\"datePublished\":\"2021-07-22T19:00:00+00:00\",\"mainEntityOfPage\":{\"@id\":\"https:\\\/\\\/www.11onze.cat\\\/es\\\/magazine\\\/verano-2021-colores-tendencias-moda-red\\\/\"},\"wordCount\":8,\"commentCount\":0,\"publisher\":{\"@id\":\"https:\\\/\\\/www.11onze.cat\\\/es\\\/#organization\"},\"image\":{\"@id\":\"https:\\\/\\\/www.11onze.cat\\\/es\\\/magazine\\\/verano-2021-colores-tendencias-moda-red\\\/#primaryimage\"},\"thumbnailUrl\":\"https:\\\/\\\/www.11onze.cat\\\/wp-content\\\/uploads\\\/2021\\\/07\\\/THUMBNAIL_TENDENCIES_ESTIU_2021.jpg\",\"keywords\":[\"Cultura\"],\"articleSection\":[\"Sin categorizar\"],\"inLanguage\":\"es\",\"potentialAction\":[{\"@type\":\"CommentAction\",\"name\":\"Comment\",\"target\":[\"https:\\\/\\\/www.11onze.cat\\\/es\\\/magazine\\\/verano-2021-colores-tendencias-moda-red\\\/#respond\"]}]},{\"@type\":\"WebPage\",\"@id\":\"https:\\\/\\\/www.11onze.cat\\\/es\\\/magazine\\\/verano-2021-colores-tendencias-moda-red\\\/\",\"url\":\"https:\\\/\\\/www.11onze.cat\\\/es\\\/magazine\\\/verano-2021-colores-tendencias-moda-red\\\/\",\"name\":\"Verano 2021: Colores, tendencias y moda en la red - 11ONZE\",\"isPartOf\":{\"@id\":\"https:\\\/\\\/www.11onze.cat\\\/es\\\/#website\"},\"primaryImageOfPage\":{\"@id\":\"https:\\\/\\\/www.11onze.cat\\\/es\\\/magazine\\\/verano-2021-colores-tendencias-moda-red\\\/#primaryimage\"},\"image\":{\"@id\":\"https:\\\/\\\/www.11onze.cat\\\/es\\\/magazine\\\/verano-2021-colores-tendencias-moda-red\\\/#primaryimage\"},\"thumbnailUrl\":\"https:\\\/\\\/www.11onze.cat\\\/wp-content\\\/uploads\\\/2021\\\/07\\\/THUMBNAIL_TENDENCIES_ESTIU_2021.jpg\",\"datePublished\":\"2021-07-22T19:00:00+00:00\",\"description\":\"Las tendencias de este verano 2021, seg\u00fan los colores de moda de Pantone, los expertos en tendencias y la moda en la red.\",\"breadcrumb\":{\"@id\":\"https:\\\/\\\/www.11onze.cat\\\/es\\\/magazine\\\/verano-2021-colores-tendencias-moda-red\\\/#breadcrumb\"},\"inLanguage\":\"es\",\"potentialAction\":[{\"@type\":\"ReadAction\",\"target\":[\"https:\\\/\\\/www.11onze.cat\\\/es\\\/magazine\\\/verano-2021-colores-tendencias-moda-red\\\/\"]}]},{\"@type\":\"ImageObject\",\"inLanguage\":\"es\",\"@id\":\"https:\\\/\\\/www.11onze.cat\\\/es\\\/magazine\\\/verano-2021-colores-tendencias-moda-red\\\/#primaryimage\",\"url\":\"https:\\\/\\\/www.11onze.cat\\\/wp-content\\\/uploads\\\/2021\\\/07\\\/THUMBNAIL_TENDENCIES_ESTIU_2021.jpg\",\"contentUrl\":\"https:\\\/\\\/www.11onze.cat\\\/wp-content\\\/uploads\\\/2021\\\/07\\\/THUMBNAIL_TENDENCIES_ESTIU_2021.jpg\",\"width\":1500,\"height\":1000,\"caption\":\"fashionista girl standing in the backstreet of Los Angeles.\"},{\"@type\":\"BreadcrumbList\",\"@id\":\"https:\\\/\\\/www.11onze.cat\\\/es\\\/magazine\\\/verano-2021-colores-tendencias-moda-red\\\/#breadcrumb\",\"itemListElement\":[{\"@type\":\"ListItem\",\"position\":1,\"name\":\"Home\",\"item\":\"https:\\\/\\\/www.11onze.cat\\\/es\\\/\"},{\"@type\":\"ListItem\",\"position\":2,\"name\":\"Verano 2021: Colores, tendencias y moda en la red\"}]},{\"@type\":\"WebSite\",\"@id\":\"https:\\\/\\\/www.11onze.cat\\\/es\\\/#website\",\"url\":\"https:\\\/\\\/www.11onze.cat\\\/es\\\/\",\"name\":\"11Onze\",\"description\":\"Primera comunidad fintech digital en Catalu\u00f1a\",\"publisher\":{\"@id\":\"https:\\\/\\\/www.11onze.cat\\\/es\\\/#organization\"},\"potentialAction\":[{\"@type\":\"SearchAction\",\"target\":{\"@type\":\"EntryPoint\",\"urlTemplate\":\"https:\\\/\\\/www.11onze.cat\\\/es\\\/?s={search_term_string}\"},\"query-input\":{\"@type\":\"PropertyValueSpecification\",\"valueRequired\":true,\"valueName\":\"search_term_string\"}}],\"inLanguage\":\"es\"},{\"@type\":\"Organization\",\"@id\":\"https:\\\/\\\/www.11onze.cat\\\/es\\\/#organization\",\"name\":\"11Onze\",\"url\":\"https:\\\/\\\/www.11onze.cat\\\/es\\\/\",\"logo\":{\"@type\":\"ImageObject\",\"inLanguage\":\"es\",\"@id\":\"https:\\\/\\\/www.11onze.cat\\\/es\\\/#\\\/schema\\\/logo\\\/image\\\/\",\"url\":\"https:\\\/\\\/www.11onze.cat\\\/wp-content\\\/uploads\\\/2021\\\/04\\\/512x512-11Onze.jpg\",\"contentUrl\":\"https:\\\/\\\/www.11onze.cat\\\/wp-content\\\/uploads\\\/2021\\\/04\\\/512x512-11Onze.jpg\",\"width\":512,\"height\":512,\"caption\":\"11Onze\"},\"image\":{\"@id\":\"https:\\\/\\\/www.11onze.cat\\\/es\\\/#\\\/schema\\\/logo\\\/image\\\/\"},\"sameAs\":[\"https:\\\/\\\/www.facebook.com\\\/11OnzeComunitat\",\"https:\\\/\\\/x.com\\\/11OnzeFintech\",\"https:\\\/\\\/www.instagram.com\\\/11onzecat\\\/\",\"https:\\\/\\\/www.linkedin.com\\\/company\\\/11onzebanc\",\"https:\\\/\\\/www.youtube.com\\\/channel\\\/UCz63R8Byd_kBKtK2M4Qf_7w\"]},{\"@type\":\"Person\",\"@id\":\"https:\\\/\\\/www.11onze.cat\\\/es\\\/#\\\/schema\\\/person\\\/636d99b4c82bb7178687ecd43c3a61bd\",\"name\":\"Equip Editorial\",\"image\":{\"@type\":\"ImageObject\",\"inLanguage\":\"es\",\"@id\":\"https:\\\/\\\/www.11onze.cat\\\/wp-content\\\/uploads\\\/2022\\\/05\\\/HEADER_AGENTS_DECK-300x300.jpg\",\"url\":\"https:\\\/\\\/www.11onze.cat\\\/wp-content\\\/uploads\\\/2022\\\/05\\\/HEADER_AGENTS_DECK-300x300.jpg\",\"contentUrl\":\"https:\\\/\\\/www.11onze.cat\\\/wp-content\\\/uploads\\\/2022\\\/05\\\/HEADER_AGENTS_DECK-300x300.jpg\",\"caption\":\"Equip Editorial\"},\"url\":\"https:\\\/\\\/www.11onze.cat\\\/es\\\/magazine\\\/author\\\/equip-editorial-11onze\\\/\"}]}<\/script>\n<!-- \/ Yoast SEO plugin. -->","yoast_head_json":{"title":"Verano 2021: Colores, tendencias y moda en la red - 11ONZE","description":"Las tendencias de este verano 2021, seg\u00fan los colores de moda de Pantone, los expertos en tendencias y la moda en la red.","robots":{"index":"index","follow":"follow","max-snippet":"max-snippet:-1","max-image-preview":"max-image-preview:large","max-video-preview":"max-video-preview:-1"},"canonical":"https:\/\/www.11onze.cat\/es\/magazine\/verano-2021-colores-tendencias-moda-red\/","og_locale":"es_ES","og_type":"article","og_title":"Verano 2021: Colores, tendencias y moda en la red - 11ONZE","og_description":"Las tendencias de este verano 2021, seg\u00fan los colores de moda de Pantone, los expertos en tendencias y la moda en la red.","og_url":"https:\/\/www.11onze.cat\/es\/magazine\/verano-2021-colores-tendencias-moda-red\/","og_site_name":"11Onze","article_publisher":"https:\/\/www.facebook.com\/11OnzeComunitat","article_published_time":"2021-07-22T19:00:00+00:00","og_image":[{"width":1500,"height":1000,"url":"https:\/\/www.11onze.cat\/wp-content\/uploads\/2021\/07\/THUMBNAIL_TENDENCIES_ESTIU_2021.jpg","type":"image\/jpeg"}],"author":"Equip Editorial","twitter_card":"summary_large_image","twitter_creator":"@11OnzeFintech","twitter_site":"@11OnzeFintech","twitter_misc":{"Escrito por":"Equip Editorial"},"schema":{"@context":"https:\/\/schema.org","@graph":[{"@type":"Article","@id":"https:\/\/www.11onze.cat\/es\/magazine\/verano-2021-colores-tendencias-moda-red\/#article","isPartOf":{"@id":"https:\/\/www.11onze.cat\/es\/magazine\/verano-2021-colores-tendencias-moda-red\/"},"author":{"name":"Equip Editorial","@id":"https:\/\/www.11onze.cat\/es\/#\/schema\/person\/636d99b4c82bb7178687ecd43c3a61bd"},"headline":"Verano 2021: Colores, tendencias y moda en la red","datePublished":"2021-07-22T19:00:00+00:00","mainEntityOfPage":{"@id":"https:\/\/www.11onze.cat\/es\/magazine\/verano-2021-colores-tendencias-moda-red\/"},"wordCount":8,"commentCount":0,"publisher":{"@id":"https:\/\/www.11onze.cat\/es\/#organization"},"image":{"@id":"https:\/\/www.11onze.cat\/es\/magazine\/verano-2021-colores-tendencias-moda-red\/#primaryimage"},"thumbnailUrl":"https:\/\/www.11onze.cat\/wp-content\/uploads\/2021\/07\/THUMBNAIL_TENDENCIES_ESTIU_2021.jpg","keywords":["Cultura"],"articleSection":["Sin categorizar"],"inLanguage":"es","potentialAction":[{"@type":"CommentAction","name":"Comment","target":["https:\/\/www.11onze.cat\/es\/magazine\/verano-2021-colores-tendencias-moda-red\/#respond"]}]},{"@type":"WebPage","@id":"https:\/\/www.11onze.cat\/es\/magazine\/verano-2021-colores-tendencias-moda-red\/","url":"https:\/\/www.11onze.cat\/es\/magazine\/verano-2021-colores-tendencias-moda-red\/","name":"Verano 2021: Colores, tendencias y moda en la red - 11ONZE","isPartOf":{"@id":"https:\/\/www.11onze.cat\/es\/#website"},"primaryImageOfPage":{"@id":"https:\/\/www.11onze.cat\/es\/magazine\/verano-2021-colores-tendencias-moda-red\/#primaryimage"},"image":{"@id":"https:\/\/www.11onze.cat\/es\/magazine\/verano-2021-colores-tendencias-moda-red\/#primaryimage"},"thumbnailUrl":"https:\/\/www.11onze.cat\/wp-content\/uploads\/2021\/07\/THUMBNAIL_TENDENCIES_ESTIU_2021.jpg","datePublished":"2021-07-22T19:00:00+00:00","description":"Las tendencias de este verano 2021, seg\u00fan los colores de moda de Pantone, los expertos en tendencias y la moda en la red.","breadcrumb":{"@id":"https:\/\/www.11onze.cat\/es\/magazine\/verano-2021-colores-tendencias-moda-red\/#breadcrumb"},"inLanguage":"es","potentialAction":[{"@type":"ReadAction","target":["https:\/\/www.11onze.cat\/es\/magazine\/verano-2021-colores-tendencias-moda-red\/"]}]},{"@type":"ImageObject","inLanguage":"es","@id":"https:\/\/www.11onze.cat\/es\/magazine\/verano-2021-colores-tendencias-moda-red\/#primaryimage","url":"https:\/\/www.11onze.cat\/wp-content\/uploads\/2021\/07\/THUMBNAIL_TENDENCIES_ESTIU_2021.jpg","contentUrl":"https:\/\/www.11onze.cat\/wp-content\/uploads\/2021\/07\/THUMBNAIL_TENDENCIES_ESTIU_2021.jpg","width":1500,"height":1000,"caption":"fashionista girl standing in the backstreet of Los Angeles."},{"@type":"BreadcrumbList","@id":"https:\/\/www.11onze.cat\/es\/magazine\/verano-2021-colores-tendencias-moda-red\/#breadcrumb","itemListElement":[{"@type":"ListItem","position":1,"name":"Home","item":"https:\/\/www.11onze.cat\/es\/"},{"@type":"ListItem","position":2,"name":"Verano 2021: Colores, tendencias y moda en la red"}]},{"@type":"WebSite","@id":"https:\/\/www.11onze.cat\/es\/#website","url":"https:\/\/www.11onze.cat\/es\/","name":"11Onze","description":"Primera comunidad fintech digital en Catalu\u00f1a","publisher":{"@id":"https:\/\/www.11onze.cat\/es\/#organization"},"potentialAction":[{"@type":"SearchAction","target":{"@type":"EntryPoint","urlTemplate":"https:\/\/www.11onze.cat\/es\/?s={search_term_string}"},"query-input":{"@type":"PropertyValueSpecification","valueRequired":true,"valueName":"search_term_string"}}],"inLanguage":"es"},{"@type":"Organization","@id":"https:\/\/www.11onze.cat\/es\/#organization","name":"11Onze","url":"https:\/\/www.11onze.cat\/es\/","logo":{"@type":"ImageObject","inLanguage":"es","@id":"https:\/\/www.11onze.cat\/es\/#\/schema\/logo\/image\/","url":"https:\/\/www.11onze.cat\/wp-content\/uploads\/2021\/04\/512x512-11Onze.jpg","contentUrl":"https:\/\/www.11onze.cat\/wp-content\/uploads\/2021\/04\/512x512-11Onze.jpg","width":512,"height":512,"caption":"11Onze"},"image":{"@id":"https:\/\/www.11onze.cat\/es\/#\/schema\/logo\/image\/"},"sameAs":["https:\/\/www.facebook.com\/11OnzeComunitat","https:\/\/x.com\/11OnzeFintech","https:\/\/www.instagram.com\/11onzecat\/","https:\/\/www.linkedin.com\/company\/11onzebanc","https:\/\/www.youtube.com\/channel\/UCz63R8Byd_kBKtK2M4Qf_7w"]},{"@type":"Person","@id":"https:\/\/www.11onze.cat\/es\/#\/schema\/person\/636d99b4c82bb7178687ecd43c3a61bd","name":"Equip Editorial","image":{"@type":"ImageObject","inLanguage":"es","@id":"https:\/\/www.11onze.cat\/wp-content\/uploads\/2022\/05\/HEADER_AGENTS_DECK-300x300.jpg","url":"https:\/\/www.11onze.cat\/wp-content\/uploads\/2022\/05\/HEADER_AGENTS_DECK-300x300.jpg","contentUrl":"https:\/\/www.11onze.cat\/wp-content\/uploads\/2022\/05\/HEADER_AGENTS_DECK-300x300.jpg","caption":"Equip Editorial"},"url":"https:\/\/www.11onze.cat\/es\/magazine\/author\/equip-editorial-11onze\/"}]}},"_links":{"self":[{"href":"https:\/\/www.11onze.cat\/es\/wp-json\/wp\/v2\/posts\/12262","targetHints":{"allow":["GET"]}}],"collection":[{"href":"https:\/\/www.11onze.cat\/es\/wp-json\/wp\/v2\/posts"}],"about":[{"href":"https:\/\/www.11onze.cat\/es\/wp-json\/wp\/v2\/types\/post"}],"author":[{"embeddable":true,"href":"https:\/\/www.11onze.cat\/es\/wp-json\/wp\/v2\/users\/71"}],"replies":[{"embeddable":true,"href":"https:\/\/www.11onze.cat\/es\/wp-json\/wp\/v2\/comments?post=12262"}],"version-history":[{"count":0,"href":"https:\/\/www.11onze.cat\/es\/wp-json\/wp\/v2\/posts\/12262\/revisions"}],"wp:featuredmedia":[{"embeddable":true,"href":"https:\/\/www.11onze.cat\/es\/wp-json\/wp\/v2\/media\/12260"}],"wp:attachment":[{"href":"https:\/\/www.11onze.cat\/es\/wp-json\/wp\/v2\/media?parent=12262"}],"wp:term":[{"taxonomy":"category","embeddable":true,"href":"https:\/\/www.11onze.cat\/es\/wp-json\/wp\/v2\/categories?post=12262"},{"taxonomy":"post_tag","embeddable":true,"href":"https:\/\/www.11onze.cat\/es\/wp-json\/wp\/v2\/tags?post=12262"}],"curies":[{"name":"wp","href":"https:\/\/api.w.org\/{rel}","templated":true}]}}