{"id":12215,"date":"2021-07-20T21:00:00","date_gmt":"2021-07-20T19:00:00","guid":{"rendered":"https:\/\/www.11onze.cat\/?p=12215"},"modified":"2021-10-15T16:05:33","modified_gmt":"2021-10-15T14:05:33","slug":"teletrabajo-visto-empresas","status":"publish","type":"post","link":"https:\/\/www.11onze.cat\/es\/magazine\/teletrabajo-visto-empresas\/","title":{"rendered":"El teletrabajo visto por las empresas"},"content":{"rendered":"<div class=\"component text\">\n  <div class=\"container\">\n\n\n    <div class=\"row\">\n      <div class=\"col  col-lg-8  offset-lg-2\">\n        <h3><strong>El COVID-19 ha producido cambios en nuestras vidas y nadie sabe si volveremos a la normalidad de antes; quiz\u00e1s esta va a ser la nueva normalidad. Sea lo que sea, nos hemos reinventado y acostumbrado al teletrabajo, al formato h\u00edbrido y a evitar el contacto social.<\/strong><\/h3>\n<p>&nbsp;<\/p>\n<p>Hablamos con cuatro empresas catalanas para saber c\u00f3mo se han adaptado a la pandemia.<\/p>\n<ol>\n<li><b>Antes de la pandemia, \u00bfhab\u00edais teletrabajado?<\/b><\/li>\n<li><b><\/b><b>\u00bfC\u00f3mo fue la comunicaci\u00f3n y relaci\u00f3n entre el personal durante la pandemia?<\/b><\/li>\n<li><b><\/b><b>\u00bfTuvisteis que buscar m\u00e9todos alternativos como plataformas para trabajar en equipo online?<\/b><\/li>\n<li><b><\/b><b>Y ahora \u00bfc\u00f3mo lo est\u00e1is viviendo, hab\u00e9is vuelto a las oficinas o hac\u00e9is formato h\u00edbrido?<\/b><\/li>\n<\/ol>\n\n      <\/div>\n    <\/div>\n  <\/div>\n<\/div>\n\n\n<div class=\"component gallery\">\n  <div class=\"container\">\n    <div class=\"row\">\n      <div class=\"col col-lg-10 offset-lg-1\">\n        <div id=\"slider_1\" class=\"carousel slide\" data-wrap=\"false\" data-interval=\"false\">\n          <div class=\"carousel-inner\">\n            <div class=\"carousel-item active\">\n              <img decoding=\"async\" class=\"d-block w-100\" src=\"https:\/\/www.11onze.cat\/wp-content\/uploads\/2021\/07\/ARTICLE_TELETREBALL-31.jpg\" alt=\"\">\n              <div class=\"carousel-caption\">\n                \n              <\/div>\n            <\/div>\n          <\/div>\n        <\/div>\n      <\/div>\n    <\/div>\n  <\/div>\n<\/div>\n\n<div class=\"component text\">\n  <div class=\"container\">\n\n\n    <div class=\"row\">\n      <div class=\"col  col-lg-8  offset-lg-2\">\n        <h3>Luis Rodr\u00edguez, Director de marketing y comercial | Bella Aurora<\/h3>\n<p>&nbsp;<\/p>\n<ol>\n<li><span style=\"font-weight: 400;\">No. Mayoritariamente trabajamos en la oficina con cierta flexibilidad para poder trabajar en casa en momentos puntuales como situaciones familiares o gestiones personales pero de forma muy espor\u00e1dica.<\/span><\/li>\n<li><span style=\"font-weight: 400;\">Muy bien, hubo mucha comunicaci\u00f3n constante y mucho sentimiento de equipo. Las personas se volcaron en ayudar con la situaci\u00f3n y eso nos permiti\u00f3 continuar con la actividad con muy poca incidencia. Aunque la relaci\u00f3n al principio cost\u00f3 un poco m\u00e1s por la falta de contacto directo, se buscaron motivos y formas complementarias para compensar esa falta de contacto presencial.<\/span><\/li>\n<li><span style=\"font-weight: 400;\">Lo primero que se hizo es dotar a todas las personas que no lo ten\u00edan de equipamiento inform\u00e1tico port\u00e1til y conexiones remotas para trabajar desde casa. Ya hab\u00edamos empezado a utilizar algunas herramientas inform\u00e1ticas para trabajo colaborativo remoto y con la pandemia aceleramos su uso. Mayoritariamente utilizamos las aplicaciones de Microsoft y en concreto usamos de forma muy intensa Teams y Planner.<\/span><\/li>\n<li><span style=\"font-weight: 400;\">Todav\u00eda no hemos vuelto, pues la situaci\u00f3n todav\u00eda no est\u00e1 totalmente solucionada. Tenemos previsto volver a principio de septiembre cuando esperamos que podamos estar ya todos vacunados.<\/span><\/li>\n<\/ol>\n\n      <\/div>\n    <\/div>\n  <\/div>\n<\/div>\n\n\n<div class=\"component gallery\">\n  <div class=\"container\">\n    <div class=\"row\">\n      <div class=\"col col-lg-10 offset-lg-1\">\n        <div id=\"slider_1\" class=\"carousel slide\" data-wrap=\"false\" data-interval=\"false\">\n          <div class=\"carousel-inner\">\n            <div class=\"carousel-item active\">\n              <img decoding=\"async\" class=\"d-block w-100\" src=\"https:\/\/www.11onze.cat\/wp-content\/uploads\/2021\/07\/ARTICLE_TELETREBALL-30.jpg\" alt=\"\">\n              <div class=\"carousel-caption\">\n                \n              <\/div>\n            <\/div>\n          <\/div>\n        <\/div>\n      <\/div>\n    <\/div>\n  <\/div>\n<\/div>\n\n<div class=\"component text\">\n  <div class=\"container\">\n\n\n    <div class=\"row\">\n      <div class=\"col  col-lg-8  offset-lg-2\">\n        <h3>Gina Sol\u00e9, Marketing Manager | Storytel Spain<\/h3>\n<p>&nbsp;<\/p>\n<ol>\n<li><span style=\"font-weight: 400;\">Antes de la pandemia he teletrabajado en momentos muy puntuales. Si un d\u00eda no te encuentras del todo bien, o tienes m\u00e9dico, etc. Pero jam\u00e1s ha habido una flexibilidad total.<\/span><\/li>\n<li><span style=\"font-weight: 400;\">En mi caso, yo entr\u00e9 en Storytel en noviembre de 2020 y \u00a1hasta hace dos semanas, no conoc\u00ed en persona al equipo! Fue una mezcla rara, nos conoc\u00edamos, pero a la vez era raro verse de cuerpo entero. La comunicaci\u00f3n en pandemia se reduce a muchas (quiz\u00e1 demasiadas) videollamadas.<\/span><\/li>\n<li><span style=\"font-weight: 400;\">S\u00ed, hemos buscado la manera de poder organizar todos los proyectos que tenemos encima de la mesa y reuniones semanales, 1 to 1.<\/span><\/li>\n<li><span style=\"font-weight: 400;\">De momento no hemos vuelto. S\u00ed que hay opci\u00f3n libre de ir a la oficina cuando quieras, pero Storytel es muy consciente de la situaci\u00f3n actual en todos los pa\u00edses donde est\u00e1 presente y estamos todos teletrabajando. Adem\u00e1s, ya han implementado una estrategia super flexible de teletrabajo pospandemia. Cosa que veo genial.<\/span><\/li>\n<\/ol>\n\n      <\/div>\n    <\/div>\n  <\/div>\n<\/div>\n\n\n<div class=\"component gallery\">\n  <div class=\"container\">\n    <div class=\"row\">\n      <div class=\"col col-lg-10 offset-lg-1\">\n        <div id=\"slider_1\" class=\"carousel slide\" data-wrap=\"false\" data-interval=\"false\">\n          <div class=\"carousel-inner\">\n            <div class=\"carousel-item active\">\n              <img decoding=\"async\" class=\"d-block w-100\" src=\"https:\/\/www.11onze.cat\/wp-content\/uploads\/2021\/07\/ARTICLE_TELETREBALL-32.jpg\" alt=\"\">\n              <div class=\"carousel-caption\">\n                \n              <\/div>\n            <\/div>\n          <\/div>\n        <\/div>\n      <\/div>\n    <\/div>\n  <\/div>\n<\/div>\n\n<div class=\"component text\">\n  <div class=\"container\">\n\n\n    <div class=\"row\">\n      <div class=\"col  col-lg-8  offset-lg-2\">\n        <h3><span style=\"font-weight: 400;\">Almudena Cara, <\/span><b>People Manager<\/b><b> | Buff<\/b><\/h3>\n<p>&nbsp;<\/p>\n<ol>\n<li><span style=\"font-weight: 400;\">S\u00ed, ten\u00edamos pol\u00edtica de Home Office desde hac\u00eda a\u00f1o y medio, de un d\u00eda a la semana para todas las personas que deb\u00edan desplazarse m\u00e1s de 30 km o deb\u00edan trabajar en proyectos. Justo en febrero, hab\u00edamos realizado encuesta de valoraci\u00f3n tanto a las personas que trabajaban desde casa como a sus managers para ampliar colectivos y d\u00edas mejorando aspectos.<\/span>\n<p>&nbsp;<\/li>\n<li><span style=\"font-weight: 400;\">La comunicaci\u00f3n interna se afianz\u00f3 como un elemento indispensable para poder gestionar la situaci\u00f3n. En las primeras semanas de pandemia la comunicaci\u00f3n pr\u00e1cticamente fue diaria v\u00eda email e intranet. En todo momento, las personas sab\u00edan en qu\u00e9 situaci\u00f3n nos encontr\u00e1bamos y c\u00f3mo deb\u00edamos actuar. Asimismo, intensificamos la utilizaci\u00f3n de la intranet para poner voz a todas las personas de la empresa compartiendo tantos mensajes operativos (enfocados a la seguridad y la salud de los trabajadores), estrat\u00e9gicos (evoluci\u00f3n de las ventas y situaci\u00f3n de compa\u00f1\u00eda) como mensajes con contenido m\u00e1s humano. Lanzamos una serie de entrevistas personales \u201cUn d\u00eda confinado con\u2026\u201d donde una persona del equipo nos hablaba de c\u00f3mo viv\u00eda su d\u00eda a d\u00eda, recomendaba actividades a hacer en confinamiento, libros\u2026 Llegamos a celebrar desde la noticia de un embarazo hasta un nacimiento, pasando por celebrar el d\u00eda de Sant Jordi con un Jordi y una Jordina. Hubo mucho apoyo emocional para ayudar a la adaptaci\u00f3n del trabajo en casa para aquellas personas que no lo hab\u00edan vivido hasta el momento, ya que no era lo mismo teletrabajar por opci\u00f3n personal que por obligaci\u00f3n forzada como era el caso.<\/span><\/li>\n<li><span style=\"font-weight: 400;\">S\u00ed, empezamos a hacer uso de Teams. Todas las reuniones, tanto internas como externas, pasaron a realizarse de forma online. En este sentido, no tuvimos barreras para poder seguir desarrollando nuestra actividad diaria. Todas las personas en casa dispon\u00edan de los mismos equipos que ten\u00edamos en oficinas (dobles pantallas, elevadores, teclados, cascos y port\u00e1tiles) y facilitaba estar conectados en todo momento.<\/span><\/li>\n<li><span style=\"font-weight: 400;\">Actualmente seguimos teletrabajando, con posibilidad de venir un d\u00eda a la semana para quien as\u00ed lo quiere, sin superar una ocupaci\u00f3n m\u00e1xima que hemos establecido mientras estemos en situaci\u00f3n Covid. En este per\u00edodo hemos aprovechado para revisar la pol\u00edtica de teletrabajo que ten\u00edamos ampliando su aplicaci\u00f3n a todas las personas de oficinas y estableciendo un modelo h\u00edbrido de 3 d\u00edas casa y 2 oficinas. Este modelo es totalmente flexible, con un horario com\u00fan de 6 horas (10 a 16) y el resto flexible a gestionar individualmente. Se ha extendido la realizaci\u00f3n de reuniones h\u00edbridas, para ello hemos dotado de sistemas a diferentes salas de la compa\u00f1\u00eda que nos proporcionan la posibilidad de hacer una reuni\u00f3n presencial de m\u00e1s de una persona con personas ubicadas en otras localizaciones. Tambi\u00e9n estamos con un proyecto en curso de reformular las oficinas para impulsar el trabajo colaborativo y el <\/span><i><span style=\"font-weight: 400;\">hot desking<\/span><\/i><span style=\"font-weight: 400;\">, haciendo desaparecer los despachos y priorizando los espacios abiertos de diferentes usos para cuando podamos volver de forma habitual.<\/span><\/li>\n<\/ol>\n\n      <\/div>\n    <\/div>\n  <\/div>\n<\/div>\n\n\n<div class=\"component gallery\">\n  <div class=\"container\">\n    <div class=\"row\">\n      <div class=\"col col-lg-10 offset-lg-1\">\n        <div id=\"slider_1\" class=\"carousel slide\" data-wrap=\"false\" data-interval=\"false\">\n          <div class=\"carousel-inner\">\n            <div class=\"carousel-item active\">\n              <img decoding=\"async\" class=\"d-block w-100\" src=\"https:\/\/www.11onze.cat\/wp-content\/uploads\/2021\/07\/ARTICLE_TELETREBALL-29.jpg\" alt=\"\">\n              <div class=\"carousel-caption\">\n                \n              <\/div>\n            <\/div>\n          <\/div>\n        <\/div>\n      <\/div>\n    <\/div>\n  <\/div>\n<\/div>\n\n<div class=\"component text\">\n  <div class=\"container\">\n\n\n    <div class=\"row\">\n      <div class=\"col  col-lg-8  offset-lg-2\">\n        <h3><span style=\"font-weight: 400;\">Neus Rodr\u00edguez, Visitadora M\u00e9dica Hospitalaria<\/span><b> | Laboratorios Rovi\u00a0<\/b><\/h3>\n<p>&nbsp;<\/p>\n<ol>\n<li><span style=\"font-weight: 400;\">No, nunca hab\u00edamos hecho teletrabajo.\u00a0\u00a0<\/span><\/li>\n<li><span style=\"font-weight: 400;\">Bien, adapt\u00e1ndonos al medio a marchas forzadas. El comunicarnos entre la empresa lo adaptamos con mucha rapidez, lo que fue y es m\u00e1s complicado son las reuniones en los hospitales con los m\u00e9dicos. Tuvimos que buscar y pensar en opciones que nunca antes se hab\u00edan puesto en marcha.\u00a0<\/span>\n<p>&nbsp;<\/li>\n<li><span style=\"font-weight: 400;\">S\u00ed, utilizamos Teams y Zoom para poder hacer reuniones de equipo.\u00a0<\/span>\n<p>&nbsp;<\/li>\n<li><span style=\"font-weight: 400;\">En mi caso, estoy haciendo formato h\u00edbrido, es decir, mitad presencial y mitad teletrabajo. En el caso de Catalu\u00f1a, la visita m\u00e9dica solo est\u00e1 permitida en hospitales privados.<\/span><\/li>\n<\/ol>\n<p><b>\u00bfQuieres ser el primero en recibir las \u00faltimas noticias sobre 11Onze? Clica <\/b><a href=\"https:\/\/t.me\/ONZEbanc\"><b>aqu\u00ed<\/b><\/a><b> para suscribirte a nuestro canal de <\/b><a href=\"https:\/\/t.me\/ONZEbanc\"><b>Telegram<\/b><\/a><\/p>\n\n      <\/div>\n    <\/div>\n  <\/div>\n<\/div>\n","protected":false},"excerpt":{"rendered":"","protected":false},"author":71,"featured_media":12213,"comment_status":"open","ping_status":"closed","sticky":false,"template":"","format":"standard","meta":{"_acf_changed":false,"content-type":"","footnotes":""},"categories":[28],"tags":[169],"class_list":["post-12215","post","type-post","status-publish","format-standard","has-post-thumbnail","hentry","category-sin-categorizar","tag-manage-es"],"acf":[],"yoast_head":"<!-- This site is optimized with the Yoast SEO plugin v27.5 - https:\/\/yoast.com\/product\/yoast-seo-wordpress\/ -->\n<title>El teletrabajo visto por las empresas - 11ONZE<\/title>\n<meta name=\"description\" content=\"La COVID-19 ha producido cambios en nuestras vidas. Nos hemos acostumbrado al teletrabajo, al formato h\u00edbrido y a evitar el contacto social.\" \/>\n<meta name=\"robots\" content=\"index, follow, max-snippet:-1, max-image-preview:large, max-video-preview:-1\" \/>\n<link rel=\"canonical\" href=\"https:\/\/www.11onze.cat\/es\/magazine\/teletrabajo-visto-empresas\/\" \/>\n<meta property=\"og:locale\" content=\"es_ES\" \/>\n<meta property=\"og:type\" content=\"article\" \/>\n<meta property=\"og:title\" content=\"El teletrabajo visto por las empresas - 11ONZE\" \/>\n<meta property=\"og:description\" content=\"La COVID-19 ha producido cambios en nuestras vidas. Nos hemos acostumbrado al teletrabajo, al formato h\u00edbrido y a evitar el contacto social.\" \/>\n<meta property=\"og:url\" content=\"https:\/\/www.11onze.cat\/es\/magazine\/teletrabajo-visto-empresas\/\" \/>\n<meta property=\"og:site_name\" content=\"11Onze\" \/>\n<meta property=\"article:publisher\" content=\"https:\/\/www.facebook.com\/11OnzeComunitat\" \/>\n<meta property=\"article:published_time\" content=\"2021-07-20T19:00:00+00:00\" \/>\n<meta property=\"article:modified_time\" content=\"2021-10-15T14:05:33+00:00\" \/>\n<meta property=\"og:image\" content=\"https:\/\/www.11onze.cat\/wp-content\/uploads\/2021\/07\/THUMBNAIL_TELETREBALL.jpg\" \/>\n\t<meta property=\"og:image:width\" content=\"1500\" \/>\n\t<meta property=\"og:image:height\" content=\"1018\" \/>\n\t<meta property=\"og:image:type\" content=\"image\/jpeg\" \/>\n<meta name=\"author\" content=\"Equip Editorial\" \/>\n<meta name=\"twitter:card\" content=\"summary_large_image\" \/>\n<meta name=\"twitter:creator\" content=\"@11OnzeFintech\" \/>\n<meta name=\"twitter:site\" content=\"@11OnzeFintech\" \/>\n<meta name=\"twitter:label1\" content=\"Escrito por\" \/>\n\t<meta name=\"twitter:data1\" content=\"Equip Editorial\" \/>\n<script type=\"application\/ld+json\" class=\"yoast-schema-graph\">{\"@context\":\"https:\\\/\\\/schema.org\",\"@graph\":[{\"@type\":\"Article\",\"@id\":\"https:\\\/\\\/www.11onze.cat\\\/es\\\/magazine\\\/teletrabajo-visto-empresas\\\/#article\",\"isPartOf\":{\"@id\":\"https:\\\/\\\/www.11onze.cat\\\/es\\\/magazine\\\/teletrabajo-visto-empresas\\\/\"},\"author\":{\"name\":\"Equip Editorial\",\"@id\":\"https:\\\/\\\/www.11onze.cat\\\/es\\\/#\\\/schema\\\/person\\\/636d99b4c82bb7178687ecd43c3a61bd\"},\"headline\":\"El teletrabajo visto por las empresas\",\"datePublished\":\"2021-07-20T19:00:00+00:00\",\"dateModified\":\"2021-10-15T14:05:33+00:00\",\"mainEntityOfPage\":{\"@id\":\"https:\\\/\\\/www.11onze.cat\\\/es\\\/magazine\\\/teletrabajo-visto-empresas\\\/\"},\"wordCount\":6,\"commentCount\":0,\"publisher\":{\"@id\":\"https:\\\/\\\/www.11onze.cat\\\/es\\\/#organization\"},\"image\":{\"@id\":\"https:\\\/\\\/www.11onze.cat\\\/es\\\/magazine\\\/teletrabajo-visto-empresas\\\/#primaryimage\"},\"thumbnailUrl\":\"https:\\\/\\\/www.11onze.cat\\\/wp-content\\\/uploads\\\/2021\\\/07\\\/THUMBNAIL_TELETREBALL.jpg\",\"keywords\":[\"Management\"],\"articleSection\":[\"Sin categorizar\"],\"inLanguage\":\"es\",\"potentialAction\":[{\"@type\":\"CommentAction\",\"name\":\"Comment\",\"target\":[\"https:\\\/\\\/www.11onze.cat\\\/es\\\/magazine\\\/teletrabajo-visto-empresas\\\/#respond\"]}]},{\"@type\":\"WebPage\",\"@id\":\"https:\\\/\\\/www.11onze.cat\\\/es\\\/magazine\\\/teletrabajo-visto-empresas\\\/\",\"url\":\"https:\\\/\\\/www.11onze.cat\\\/es\\\/magazine\\\/teletrabajo-visto-empresas\\\/\",\"name\":\"El teletrabajo visto por las empresas - 11ONZE\",\"isPartOf\":{\"@id\":\"https:\\\/\\\/www.11onze.cat\\\/es\\\/#website\"},\"primaryImageOfPage\":{\"@id\":\"https:\\\/\\\/www.11onze.cat\\\/es\\\/magazine\\\/teletrabajo-visto-empresas\\\/#primaryimage\"},\"image\":{\"@id\":\"https:\\\/\\\/www.11onze.cat\\\/es\\\/magazine\\\/teletrabajo-visto-empresas\\\/#primaryimage\"},\"thumbnailUrl\":\"https:\\\/\\\/www.11onze.cat\\\/wp-content\\\/uploads\\\/2021\\\/07\\\/THUMBNAIL_TELETREBALL.jpg\",\"datePublished\":\"2021-07-20T19:00:00+00:00\",\"dateModified\":\"2021-10-15T14:05:33+00:00\",\"description\":\"La COVID-19 ha producido cambios en nuestras vidas. Nos hemos acostumbrado al teletrabajo, al formato h\u00edbrido y a evitar el contacto social.\",\"breadcrumb\":{\"@id\":\"https:\\\/\\\/www.11onze.cat\\\/es\\\/magazine\\\/teletrabajo-visto-empresas\\\/#breadcrumb\"},\"inLanguage\":\"es\",\"potentialAction\":[{\"@type\":\"ReadAction\",\"target\":[\"https:\\\/\\\/www.11onze.cat\\\/es\\\/magazine\\\/teletrabajo-visto-empresas\\\/\"]}]},{\"@type\":\"ImageObject\",\"inLanguage\":\"es\",\"@id\":\"https:\\\/\\\/www.11onze.cat\\\/es\\\/magazine\\\/teletrabajo-visto-empresas\\\/#primaryimage\",\"url\":\"https:\\\/\\\/www.11onze.cat\\\/wp-content\\\/uploads\\\/2021\\\/07\\\/THUMBNAIL_TELETREBALL.jpg\",\"contentUrl\":\"https:\\\/\\\/www.11onze.cat\\\/wp-content\\\/uploads\\\/2021\\\/07\\\/THUMBNAIL_TELETREBALL.jpg\",\"width\":1500,\"height\":1018,\"caption\":\"A young female student sitting at the table, using headphones when studying.\"},{\"@type\":\"BreadcrumbList\",\"@id\":\"https:\\\/\\\/www.11onze.cat\\\/es\\\/magazine\\\/teletrabajo-visto-empresas\\\/#breadcrumb\",\"itemListElement\":[{\"@type\":\"ListItem\",\"position\":1,\"name\":\"Home\",\"item\":\"https:\\\/\\\/www.11onze.cat\\\/es\\\/\"},{\"@type\":\"ListItem\",\"position\":2,\"name\":\"El teletrabajo visto por las empresas\"}]},{\"@type\":\"WebSite\",\"@id\":\"https:\\\/\\\/www.11onze.cat\\\/es\\\/#website\",\"url\":\"https:\\\/\\\/www.11onze.cat\\\/es\\\/\",\"name\":\"11Onze\",\"description\":\"Primera comunidad fintech digital en Catalu\u00f1a\",\"publisher\":{\"@id\":\"https:\\\/\\\/www.11onze.cat\\\/es\\\/#organization\"},\"potentialAction\":[{\"@type\":\"SearchAction\",\"target\":{\"@type\":\"EntryPoint\",\"urlTemplate\":\"https:\\\/\\\/www.11onze.cat\\\/es\\\/?s={search_term_string}\"},\"query-input\":{\"@type\":\"PropertyValueSpecification\",\"valueRequired\":true,\"valueName\":\"search_term_string\"}}],\"inLanguage\":\"es\"},{\"@type\":\"Organization\",\"@id\":\"https:\\\/\\\/www.11onze.cat\\\/es\\\/#organization\",\"name\":\"11Onze\",\"url\":\"https:\\\/\\\/www.11onze.cat\\\/es\\\/\",\"logo\":{\"@type\":\"ImageObject\",\"inLanguage\":\"es\",\"@id\":\"https:\\\/\\\/www.11onze.cat\\\/es\\\/#\\\/schema\\\/logo\\\/image\\\/\",\"url\":\"https:\\\/\\\/www.11onze.cat\\\/wp-content\\\/uploads\\\/2021\\\/04\\\/512x512-11Onze.jpg\",\"contentUrl\":\"https:\\\/\\\/www.11onze.cat\\\/wp-content\\\/uploads\\\/2021\\\/04\\\/512x512-11Onze.jpg\",\"width\":512,\"height\":512,\"caption\":\"11Onze\"},\"image\":{\"@id\":\"https:\\\/\\\/www.11onze.cat\\\/es\\\/#\\\/schema\\\/logo\\\/image\\\/\"},\"sameAs\":[\"https:\\\/\\\/www.facebook.com\\\/11OnzeComunitat\",\"https:\\\/\\\/x.com\\\/11OnzeFintech\",\"https:\\\/\\\/www.instagram.com\\\/11onzecat\\\/\",\"https:\\\/\\\/www.linkedin.com\\\/company\\\/11onzebanc\",\"https:\\\/\\\/www.youtube.com\\\/channel\\\/UCz63R8Byd_kBKtK2M4Qf_7w\"]},{\"@type\":\"Person\",\"@id\":\"https:\\\/\\\/www.11onze.cat\\\/es\\\/#\\\/schema\\\/person\\\/636d99b4c82bb7178687ecd43c3a61bd\",\"name\":\"Equip Editorial\",\"image\":{\"@type\":\"ImageObject\",\"inLanguage\":\"es\",\"@id\":\"https:\\\/\\\/www.11onze.cat\\\/wp-content\\\/uploads\\\/2022\\\/05\\\/HEADER_AGENTS_DECK-300x300.jpg\",\"url\":\"https:\\\/\\\/www.11onze.cat\\\/wp-content\\\/uploads\\\/2022\\\/05\\\/HEADER_AGENTS_DECK-300x300.jpg\",\"contentUrl\":\"https:\\\/\\\/www.11onze.cat\\\/wp-content\\\/uploads\\\/2022\\\/05\\\/HEADER_AGENTS_DECK-300x300.jpg\",\"caption\":\"Equip Editorial\"},\"url\":\"https:\\\/\\\/www.11onze.cat\\\/es\\\/magazine\\\/author\\\/equip-editorial-11onze\\\/\"}]}<\/script>\n<!-- \/ Yoast SEO plugin. -->","yoast_head_json":{"title":"El teletrabajo visto por las empresas - 11ONZE","description":"La COVID-19 ha producido cambios en nuestras vidas. Nos hemos acostumbrado al teletrabajo, al formato h\u00edbrido y a evitar el contacto social.","robots":{"index":"index","follow":"follow","max-snippet":"max-snippet:-1","max-image-preview":"max-image-preview:large","max-video-preview":"max-video-preview:-1"},"canonical":"https:\/\/www.11onze.cat\/es\/magazine\/teletrabajo-visto-empresas\/","og_locale":"es_ES","og_type":"article","og_title":"El teletrabajo visto por las empresas - 11ONZE","og_description":"La COVID-19 ha producido cambios en nuestras vidas. Nos hemos acostumbrado al teletrabajo, al formato h\u00edbrido y a evitar el contacto social.","og_url":"https:\/\/www.11onze.cat\/es\/magazine\/teletrabajo-visto-empresas\/","og_site_name":"11Onze","article_publisher":"https:\/\/www.facebook.com\/11OnzeComunitat","article_published_time":"2021-07-20T19:00:00+00:00","article_modified_time":"2021-10-15T14:05:33+00:00","og_image":[{"width":1500,"height":1018,"url":"https:\/\/www.11onze.cat\/wp-content\/uploads\/2021\/07\/THUMBNAIL_TELETREBALL.jpg","type":"image\/jpeg"}],"author":"Equip Editorial","twitter_card":"summary_large_image","twitter_creator":"@11OnzeFintech","twitter_site":"@11OnzeFintech","twitter_misc":{"Escrito por":"Equip Editorial"},"schema":{"@context":"https:\/\/schema.org","@graph":[{"@type":"Article","@id":"https:\/\/www.11onze.cat\/es\/magazine\/teletrabajo-visto-empresas\/#article","isPartOf":{"@id":"https:\/\/www.11onze.cat\/es\/magazine\/teletrabajo-visto-empresas\/"},"author":{"name":"Equip Editorial","@id":"https:\/\/www.11onze.cat\/es\/#\/schema\/person\/636d99b4c82bb7178687ecd43c3a61bd"},"headline":"El teletrabajo visto por las empresas","datePublished":"2021-07-20T19:00:00+00:00","dateModified":"2021-10-15T14:05:33+00:00","mainEntityOfPage":{"@id":"https:\/\/www.11onze.cat\/es\/magazine\/teletrabajo-visto-empresas\/"},"wordCount":6,"commentCount":0,"publisher":{"@id":"https:\/\/www.11onze.cat\/es\/#organization"},"image":{"@id":"https:\/\/www.11onze.cat\/es\/magazine\/teletrabajo-visto-empresas\/#primaryimage"},"thumbnailUrl":"https:\/\/www.11onze.cat\/wp-content\/uploads\/2021\/07\/THUMBNAIL_TELETREBALL.jpg","keywords":["Management"],"articleSection":["Sin categorizar"],"inLanguage":"es","potentialAction":[{"@type":"CommentAction","name":"Comment","target":["https:\/\/www.11onze.cat\/es\/magazine\/teletrabajo-visto-empresas\/#respond"]}]},{"@type":"WebPage","@id":"https:\/\/www.11onze.cat\/es\/magazine\/teletrabajo-visto-empresas\/","url":"https:\/\/www.11onze.cat\/es\/magazine\/teletrabajo-visto-empresas\/","name":"El teletrabajo visto por las empresas - 11ONZE","isPartOf":{"@id":"https:\/\/www.11onze.cat\/es\/#website"},"primaryImageOfPage":{"@id":"https:\/\/www.11onze.cat\/es\/magazine\/teletrabajo-visto-empresas\/#primaryimage"},"image":{"@id":"https:\/\/www.11onze.cat\/es\/magazine\/teletrabajo-visto-empresas\/#primaryimage"},"thumbnailUrl":"https:\/\/www.11onze.cat\/wp-content\/uploads\/2021\/07\/THUMBNAIL_TELETREBALL.jpg","datePublished":"2021-07-20T19:00:00+00:00","dateModified":"2021-10-15T14:05:33+00:00","description":"La COVID-19 ha producido cambios en nuestras vidas. Nos hemos acostumbrado al teletrabajo, al formato h\u00edbrido y a evitar el contacto social.","breadcrumb":{"@id":"https:\/\/www.11onze.cat\/es\/magazine\/teletrabajo-visto-empresas\/#breadcrumb"},"inLanguage":"es","potentialAction":[{"@type":"ReadAction","target":["https:\/\/www.11onze.cat\/es\/magazine\/teletrabajo-visto-empresas\/"]}]},{"@type":"ImageObject","inLanguage":"es","@id":"https:\/\/www.11onze.cat\/es\/magazine\/teletrabajo-visto-empresas\/#primaryimage","url":"https:\/\/www.11onze.cat\/wp-content\/uploads\/2021\/07\/THUMBNAIL_TELETREBALL.jpg","contentUrl":"https:\/\/www.11onze.cat\/wp-content\/uploads\/2021\/07\/THUMBNAIL_TELETREBALL.jpg","width":1500,"height":1018,"caption":"A young female student sitting at the table, using headphones when studying."},{"@type":"BreadcrumbList","@id":"https:\/\/www.11onze.cat\/es\/magazine\/teletrabajo-visto-empresas\/#breadcrumb","itemListElement":[{"@type":"ListItem","position":1,"name":"Home","item":"https:\/\/www.11onze.cat\/es\/"},{"@type":"ListItem","position":2,"name":"El teletrabajo visto por las empresas"}]},{"@type":"WebSite","@id":"https:\/\/www.11onze.cat\/es\/#website","url":"https:\/\/www.11onze.cat\/es\/","name":"11Onze","description":"Primera comunidad fintech digital en Catalu\u00f1a","publisher":{"@id":"https:\/\/www.11onze.cat\/es\/#organization"},"potentialAction":[{"@type":"SearchAction","target":{"@type":"EntryPoint","urlTemplate":"https:\/\/www.11onze.cat\/es\/?s={search_term_string}"},"query-input":{"@type":"PropertyValueSpecification","valueRequired":true,"valueName":"search_term_string"}}],"inLanguage":"es"},{"@type":"Organization","@id":"https:\/\/www.11onze.cat\/es\/#organization","name":"11Onze","url":"https:\/\/www.11onze.cat\/es\/","logo":{"@type":"ImageObject","inLanguage":"es","@id":"https:\/\/www.11onze.cat\/es\/#\/schema\/logo\/image\/","url":"https:\/\/www.11onze.cat\/wp-content\/uploads\/2021\/04\/512x512-11Onze.jpg","contentUrl":"https:\/\/www.11onze.cat\/wp-content\/uploads\/2021\/04\/512x512-11Onze.jpg","width":512,"height":512,"caption":"11Onze"},"image":{"@id":"https:\/\/www.11onze.cat\/es\/#\/schema\/logo\/image\/"},"sameAs":["https:\/\/www.facebook.com\/11OnzeComunitat","https:\/\/x.com\/11OnzeFintech","https:\/\/www.instagram.com\/11onzecat\/","https:\/\/www.linkedin.com\/company\/11onzebanc","https:\/\/www.youtube.com\/channel\/UCz63R8Byd_kBKtK2M4Qf_7w"]},{"@type":"Person","@id":"https:\/\/www.11onze.cat\/es\/#\/schema\/person\/636d99b4c82bb7178687ecd43c3a61bd","name":"Equip Editorial","image":{"@type":"ImageObject","inLanguage":"es","@id":"https:\/\/www.11onze.cat\/wp-content\/uploads\/2022\/05\/HEADER_AGENTS_DECK-300x300.jpg","url":"https:\/\/www.11onze.cat\/wp-content\/uploads\/2022\/05\/HEADER_AGENTS_DECK-300x300.jpg","contentUrl":"https:\/\/www.11onze.cat\/wp-content\/uploads\/2022\/05\/HEADER_AGENTS_DECK-300x300.jpg","caption":"Equip Editorial"},"url":"https:\/\/www.11onze.cat\/es\/magazine\/author\/equip-editorial-11onze\/"}]}},"_links":{"self":[{"href":"https:\/\/www.11onze.cat\/es\/wp-json\/wp\/v2\/posts\/12215","targetHints":{"allow":["GET"]}}],"collection":[{"href":"https:\/\/www.11onze.cat\/es\/wp-json\/wp\/v2\/posts"}],"about":[{"href":"https:\/\/www.11onze.cat\/es\/wp-json\/wp\/v2\/types\/post"}],"author":[{"embeddable":true,"href":"https:\/\/www.11onze.cat\/es\/wp-json\/wp\/v2\/users\/71"}],"replies":[{"embeddable":true,"href":"https:\/\/www.11onze.cat\/es\/wp-json\/wp\/v2\/comments?post=12215"}],"version-history":[{"count":0,"href":"https:\/\/www.11onze.cat\/es\/wp-json\/wp\/v2\/posts\/12215\/revisions"}],"wp:featuredmedia":[{"embeddable":true,"href":"https:\/\/www.11onze.cat\/es\/wp-json\/wp\/v2\/media\/12213"}],"wp:attachment":[{"href":"https:\/\/www.11onze.cat\/es\/wp-json\/wp\/v2\/media?parent=12215"}],"wp:term":[{"taxonomy":"category","embeddable":true,"href":"https:\/\/www.11onze.cat\/es\/wp-json\/wp\/v2\/categories?post=12215"},{"taxonomy":"post_tag","embeddable":true,"href":"https:\/\/www.11onze.cat\/es\/wp-json\/wp\/v2\/tags?post=12215"}],"curies":[{"name":"wp","href":"https:\/\/api.w.org\/{rel}","templated":true}]}}