{"id":11971,"date":"2021-07-10T20:00:00","date_gmt":"2021-07-10T18:00:00","guid":{"rendered":"https:\/\/www.11onze.cat\/?p=11971"},"modified":"2021-10-05T12:38:33","modified_gmt":"2021-10-05T10:38:33","slug":"conoce-ganadores-premios-vinari-verano","status":"publish","type":"post","link":"https:\/\/www.11onze.cat\/es\/magazine\/conoce-ganadores-premios-vinari-verano\/","title":{"rendered":"Los ganadores de los Premios Vinari de verano"},"content":{"rendered":"<div class=\"component text\">\n  <div class=\"container\">\n\n\n    <div class=\"row\">\n      <div class=\"col  col-lg-8  offset-lg-2\">\n        <h3><strong>El certamen patrocinado por 11Onze entrega los premios a los mejores vinos j\u00f3venes y a las mejores propuestas enotur\u00edsticas.<\/strong><\/h3>\n<p>&nbsp;<\/p>\n<p><span style=\"font-weight: 400;\">El sector vitivin\u00edcola catal\u00e1n ha vivido una cita ineludible este viernes 9 de julio en el auditorio de Vilafranca del Pened\u00e8s. Los Premios Vinari, los m\u00e1s prestigiosos del mundo del vino en Catalu\u00f1a, han celebrado la gala de verano, buscando la normalizaci\u00f3n del sector a pesar de las precauciones anti-Covid.<\/span><\/p>\n<p><span style=\"font-weight: 400;\">El acto, organizado por Vadevi y presentado por Mar\u00eda Almenar, ha reconocido los mejores vinos j\u00f3venes y las mejores propuestas enotur\u00edsticas y, por tanto, ha aportado una informaci\u00f3n muy relevante a los consumidores de cara a la temporada de verano. Una representaci\u00f3n del equipo de 11Onze, encabezada por la CEO, Nat\u00e0lia Cuguer\u00f3, estuvo presente en el acto con el objetivo de apoyar a una industria clave en nuestro pa\u00eds para la econom\u00eda, el paisaje y la sostenibilidad.<\/span><\/p>\n<p><span style=\"font-weight: 400;\">Los Vinari han reconocido un total de 64 vinos, de los cuales 4 se han llevado el premio Vinari Gran Oro y recibir\u00e1n un etiquetado distintivo que les har\u00e1 reconocibles en las tiendas. Son los siguientes:<\/span><\/p>\n<ul>\n<li><strong>Mejor vino blanco joven: LaFou Los Amelers 2020, de LaFou Bodega (DO Terra Alta)<\/strong><\/li>\n<li><strong>Mejor tinto joven: Black 2020 de la bodega MontRub\u00ed (DO Pened\u00e8s)<\/strong><\/li>\n<li><strong>Mejor vino rosado: Mas\u00eda Freye Syrah Sumoll 2020, Vallformosa (DO Pened\u00e8s)<\/strong><\/li>\n<li><strong>Mejor vino espumoso joven (hasta 18 meses de crianza): Honor Cava Brut Ecol\u00f3gico 2019, Bodega Jan Vidal (DO CAVA)<\/strong><\/li>\n<\/ul>\n\n      <\/div>\n    <\/div>\n  <\/div>\n<\/div>\n\n\n<div class=\"component gallery\">\n  <div class=\"container\">\n    <div class=\"row\">\n      <div class=\"col col-lg-10 offset-lg-1\">\n        <div id=\"slider\" class=\"carousel slide\">\n          <div class=\"carousel-inner\">\n            <div class=\"carousel-item active video-player inline-player\" data-video-id=\"6263165622001\">\n              <img decoding=\"async\" class=\"d-block w-100\" src=\"https:\/\/www.11onze.cat\/wp-content\/uploads\/2021\/07\/IMAGE_VIDEO_ENTREGA_VINARI-scaled.jpg\" alt=\"\">\n              <button type=\"button\" class=\"play\"><\/button>\n              <div class=\"carousel-caption\">\n                <p>Nat\u00e0lia Cuguer\u00f3, CEO de 11Onze, entrega el Premio Vinari Gran Oro al Mejor Vino Blanco Joven<\/p>\n              <\/div>\n            <\/div>\n          <\/div>\n        <\/div>\n      <\/div>\n    <\/div>\n  <\/div>\n<\/div>\n\n<div class=\"component text\">\n  <div class=\"container\">\n\n\n    <div class=\"row\">\n      <div class=\"col  col-lg-8  offset-lg-2\">\n        <p><span style=\"font-weight: 400;\">La gala, maridada con la actuaci\u00f3n del grupo de jazz The Summer Lovers, reuni\u00f3 a las instituciones catalanas en torno al vino. Adem\u00e1s de Nat\u00e0lia Cuguer\u00f3, entregaron premios la alcaldesa de Rub\u00ed, Ana Mar\u00eda Mart\u00ednez; la directora general del Instituto Catal\u00e1n de la Vi\u00f1a y del Vino, Alba Balcells; el alcalde de Vilafranca del Pened\u00e8s, Pere Regull y la Consejera de Acci\u00f3n Clim\u00e1tica, Alimentaci\u00f3n y Agenda Rural, Teresa Jord\u00e0.<\/span><\/p>\n<p><span style=\"font-weight: 400;\">En los Vinari tambi\u00e9n se escogieron las mejores propuestas enotur\u00edsticas:<\/span><\/p>\n<ul>\n<li><strong>Premio al mejor alojamiento enotur\u00edstico: Hotel BUIL &amp; GIN\u00c9 la bodega BUIL &amp; GIN\u00c9, Gratallops (DOQ Priorat)<\/strong><\/li>\n<li><strong>Premio al mejor proyecto de enoturismo en la categor\u00eda restauraci\u00f3n y experiencia de maridajes: Jard\u00edn Restaurante El Celleret de Familia Torres, Pacs del Pened\u00e8s (DO Pened\u00e8s)<\/strong><\/li>\n<li><strong>Premio a la mejor visita enotur\u00edstica y experiencia de cata de vinos: Bodega Masia Serra, Cantallops (DO Empord\u00e0)<\/strong><\/li>\n<\/ul>\n<p><span style=\"font-weight: 400;\">Si quieres conocer el resto de vinos y actividades enotur\u00edsticas premiadas a Vinari de verano, los encontrar\u00e1s en <a href=\"https:\/\/vadevi.elmon.cat\/app\/uploads\/iaiugadf8692bfdaoxi9823.pdf\">este enlace.<\/a><\/span><\/p>\n<p>&nbsp;<\/p>\n<p><span style=\"font-weight: 400;\">Terminada la gala, los asistentes charlaban con mascarilla en el exterior del auditorio de Vilafranca. La sensaci\u00f3n general era de satisfacci\u00f3n, con el deseo de que la pandemia permita entregar ya con total normalidad los pr\u00f3ximos galardones. Las pr\u00f3ximas citas de los Premios Vinar\u00e1 2021 son el 13 de septiembre en la Bodega de Rub\u00ed y el 8 de octubre con la gran gala de oto\u00f1o en Vilafranca del Pened\u00e8s.<strong> 11Onze estar\u00e1 presente, junto al mundo del vino.<\/strong><\/span><\/p>\n\n      <\/div>\n    <\/div>\n  <\/div>\n<\/div>\n\n\n<div class=\"component gallery\">\n  <div class=\"container\">\n    <div class=\"row\">\n      <div class=\"col col-lg-10 offset-lg-1\">\n        <div id=\"slider_1\" class=\"carousel slide\" data-wrap=\"false\" data-interval=\"false\">\n          <div class=\"carousel-inner\">\n            <div class=\"carousel-item active\">\n              <img decoding=\"async\" class=\"d-block w-100\" src=\"https:\/\/www.11onze.cat\/wp-content\/uploads\/2021\/07\/THUMBNAIL_ENTREGA_VINARI.jpg\" alt=\"\">\n              <div class=\"carousel-caption\">\n                <p>El equipo de 11Onze liderado por la CEO, Natalia Cuguer\u00f3, con la Consejera Teresa Jord\u00e0.<\/p>\n\n              <\/div>\n            <\/div>\n          <\/div>\n        <\/div>\n      <\/div>\n    <\/div>\n  <\/div>\n<\/div>\n\n<div class=\"component text\">\n  <div class=\"container\">\n\n\n    <div class=\"row\">\n      <div class=\"col  col-lg-8  offset-lg-2\">\n        <p><b>\u00bfQuieres ser el primero en recibir las \u00faltimas noticias sobre 11Onze? Clica <\/b><a href=\"https:\/\/t.me\/ONZEbanc\"><b>aqu\u00ed<\/b><\/a><b> para suscribirte a nuestro canal de <\/b><a href=\"https:\/\/t.me\/ONZEbanc\"><b>Telegram<\/b><\/a><\/p>\n\n      <\/div>\n    <\/div>\n  <\/div>\n<\/div>\n\n\n<div class=\"component cards\">\n  <div class=\"container\">\n    <div class=\"row\">\n      <div class=\"col col-xl-8 offset-xl-2\">\n        <h1>Si te ha gustado este art\u00edculo, te recomendamos:<\/h1>\n        <div class=\"cards__wrapper\">\n          <div class=\"card\">\n            <a href=\"https:\/\/www.11onze.cat\/es\/magazine\/empresas-proximidad-cooperativa-vinos-cevipe\/\" class=\"card-link\" target=\"_self\"><\/a>\n            <div class=\"card-img\">\n              <img decoding=\"async\" src=\"https:\/\/www.11onze.cat\/wp-content\/uploads\/2021\/04\/THUMBNAIL_POST_35-1.jpg\" class=\"card-img-top\" alt=\"\">\n                <span class=\"card-category\">Comunidad<\/span>\n            <\/div>\n            <div class=\"card-body\">\n              <p class=\"card-title p2\"><strong>Empresas de proximidad que inspiran<\/strong><\/p>\n              <span class=\"card-time\">6min lectura<\/span>\n              <p class=\"card-text small\">Cooperativa de Vinos CEVIPE<br \/>\r\n<\/p>\n            <\/div>\n          <\/div>\n\n\n          <div class=\"card\">\n            <a href=\"https:\/\/www.11onze.cat\/es\/magazine\/ecologia-economia-objetivo-sostenible\/\" class=\"card-link\" target=\"_self\"><\/a>\n            <div class=\"card-img\">\n              <img decoding=\"async\" src=\"https:\/\/www.11onze.cat\/wp-content\/uploads\/2021\/07\/HERO_IMAGE_ECOLOGIA_ECONOMIA-800x437.jpg\" class=\"card-img-top\" alt=\"\">\n                <span class=\"card-category\">Econom\u00eda<\/span>\n            <\/div>\n            <div class=\"card-body\">\n              <p class=\"card-title p2\"><strong>Ecolog\u00eda y econom\u00eda, objetivo sostenible<\/strong><\/p>\n              <span class=\"card-time\">4min lectura<\/span>\n              <p class=\"card-text small\">El crecimiento econ\u00f3mico tiene que respetar unas normas de sostenibilidad<\/p>\n            <\/div>\n          <\/div>\n\n\n          <div class=\"card\">\n            <a href=\"https:\/\/www.11onze.cat\/es\/magazine\/pagarias-mas-turismo-sostenible\/\" class=\"card-link\" target=\"_self\"><\/a>\n            <div class=\"card-img\">\n              <img decoding=\"async\" src=\"https:\/\/www.11onze.cat\/wp-content\/uploads\/2021\/06\/THUMBNAIL_ECOTURISME-800x479.jpg\" class=\"card-img-top\" alt=\"\">\n                <span class=\"card-category\">Sostenibilidad<\/span>\n            <\/div>\n            <div class=\"card-body\">\n              <p class=\"card-title p2\"><strong>\u00bfPagar\u00edas m\u00e1s por un turismo sostenible?<\/strong><\/p>\n              <span class=\"card-time\">4min lectura<\/span>\n              <p class=\"card-text small\">Es el sector tur\u00edstico con m\u00e1s crecimiento mundial<\/p>\n            <\/div>\n          <\/div>\n\n              <\/div>\n              <br>\n              <br>\n              <div class=\"cards__wrapper\">\n\n        <\/div>\n      <\/div>\n    <\/div>\n  <\/div>\n<\/div>","protected":false},"excerpt":{"rendered":"","protected":false},"author":69,"featured_media":11966,"comment_status":"open","ping_status":"closed","sticky":false,"template":"","format":"standard","meta":{"_acf_changed":false,"content-type":"","footnotes":""},"categories":[28],"tags":[189,180],"class_list":["post-11971","post","type-post","status-publish","format-standard","has-post-thumbnail","hentry","category-sin-categorizar","tag-11onze-es","tag-cultura-es"],"acf":[],"yoast_head":"<!-- This site is optimized with the Yoast SEO plugin v27.4 - https:\/\/yoast.com\/product\/yoast-seo-wordpress\/ -->\n<title>Los ganadores de los Premios Vinari de verano - 11ONZE<\/title>\n<meta name=\"description\" content=\"El certamen patrocinado por 11Onze libra los premios a los mejores vinos j\u00f3venes y a las mejores propuestas enoturisticas, desc\u00fabrelos.\" \/>\n<meta name=\"robots\" content=\"index, follow, max-snippet:-1, max-image-preview:large, max-video-preview:-1\" \/>\n<link rel=\"canonical\" href=\"https:\/\/www.11onze.cat\/es\/magazine\/conoce-ganadores-premios-vinari-verano\/\" \/>\n<meta property=\"og:locale\" content=\"es_ES\" \/>\n<meta property=\"og:type\" content=\"article\" \/>\n<meta property=\"og:title\" content=\"Los ganadores de los Premios Vinari de verano - 11ONZE\" \/>\n<meta property=\"og:description\" content=\"El certamen patrocinado por 11Onze libra los premios a los mejores vinos j\u00f3venes y a las mejores propuestas enoturisticas, desc\u00fabrelos.\" \/>\n<meta property=\"og:url\" content=\"https:\/\/www.11onze.cat\/es\/magazine\/conoce-ganadores-premios-vinari-verano\/\" \/>\n<meta property=\"og:site_name\" content=\"11Onze\" \/>\n<meta property=\"article:publisher\" content=\"https:\/\/www.facebook.com\/11OnzeComunitat\" \/>\n<meta property=\"article:published_time\" content=\"2021-07-10T18:00:00+00:00\" \/>\n<meta property=\"article:modified_time\" content=\"2021-10-05T10:38:33+00:00\" \/>\n<meta property=\"og:image\" content=\"https:\/\/www.11onze.cat\/wp-content\/uploads\/2021\/07\/THUMBNAIL_ENTREGA_VINARI.jpg\" \/>\n\t<meta property=\"og:image:width\" content=\"1500\" \/>\n\t<meta property=\"og:image:height\" content=\"957\" \/>\n\t<meta property=\"og:image:type\" content=\"image\/jpeg\" \/>\n<meta name=\"author\" content=\"11Onze\" \/>\n<meta name=\"twitter:card\" content=\"summary_large_image\" \/>\n<meta name=\"twitter:creator\" content=\"@11OnzeFintech\" \/>\n<meta name=\"twitter:site\" content=\"@11OnzeFintech\" \/>\n<meta name=\"twitter:label1\" content=\"Escrito por\" \/>\n\t<meta name=\"twitter:data1\" content=\"11Onze\" \/>\n<script type=\"application\/ld+json\" class=\"yoast-schema-graph\">{\"@context\":\"https:\\\/\\\/schema.org\",\"@graph\":[{\"@type\":\"Article\",\"@id\":\"https:\\\/\\\/www.11onze.cat\\\/es\\\/magazine\\\/conoce-ganadores-premios-vinari-verano\\\/#article\",\"isPartOf\":{\"@id\":\"https:\\\/\\\/www.11onze.cat\\\/es\\\/magazine\\\/conoce-ganadores-premios-vinari-verano\\\/\"},\"author\":{\"name\":\"11Onze\",\"@id\":\"https:\\\/\\\/www.11onze.cat\\\/es\\\/#\\\/schema\\\/person\\\/a32976e87babd50a6f56f80b22767a7e\"},\"headline\":\"Los ganadores de los Premios Vinari de verano\",\"datePublished\":\"2021-07-10T18:00:00+00:00\",\"dateModified\":\"2021-10-05T10:38:33+00:00\",\"mainEntityOfPage\":{\"@id\":\"https:\\\/\\\/www.11onze.cat\\\/es\\\/magazine\\\/conoce-ganadores-premios-vinari-verano\\\/\"},\"wordCount\":8,\"commentCount\":0,\"publisher\":{\"@id\":\"https:\\\/\\\/www.11onze.cat\\\/es\\\/#organization\"},\"image\":{\"@id\":\"https:\\\/\\\/www.11onze.cat\\\/es\\\/magazine\\\/conoce-ganadores-premios-vinari-verano\\\/#primaryimage\"},\"thumbnailUrl\":\"https:\\\/\\\/www.11onze.cat\\\/wp-content\\\/uploads\\\/2021\\\/07\\\/THUMBNAIL_ENTREGA_VINARI.jpg\",\"keywords\":[\"11Onze\",\"Cultura\"],\"articleSection\":[\"Sin categorizar\"],\"inLanguage\":\"es\",\"potentialAction\":[{\"@type\":\"CommentAction\",\"name\":\"Comment\",\"target\":[\"https:\\\/\\\/www.11onze.cat\\\/es\\\/magazine\\\/conoce-ganadores-premios-vinari-verano\\\/#respond\"]}]},{\"@type\":\"WebPage\",\"@id\":\"https:\\\/\\\/www.11onze.cat\\\/es\\\/magazine\\\/conoce-ganadores-premios-vinari-verano\\\/\",\"url\":\"https:\\\/\\\/www.11onze.cat\\\/es\\\/magazine\\\/conoce-ganadores-premios-vinari-verano\\\/\",\"name\":\"Los ganadores de los Premios Vinari de verano - 11ONZE\",\"isPartOf\":{\"@id\":\"https:\\\/\\\/www.11onze.cat\\\/es\\\/#website\"},\"primaryImageOfPage\":{\"@id\":\"https:\\\/\\\/www.11onze.cat\\\/es\\\/magazine\\\/conoce-ganadores-premios-vinari-verano\\\/#primaryimage\"},\"image\":{\"@id\":\"https:\\\/\\\/www.11onze.cat\\\/es\\\/magazine\\\/conoce-ganadores-premios-vinari-verano\\\/#primaryimage\"},\"thumbnailUrl\":\"https:\\\/\\\/www.11onze.cat\\\/wp-content\\\/uploads\\\/2021\\\/07\\\/THUMBNAIL_ENTREGA_VINARI.jpg\",\"datePublished\":\"2021-07-10T18:00:00+00:00\",\"dateModified\":\"2021-10-05T10:38:33+00:00\",\"description\":\"El certamen patrocinado por 11Onze libra los premios a los mejores vinos j\u00f3venes y a las mejores propuestas enoturisticas, desc\u00fabrelos.\",\"breadcrumb\":{\"@id\":\"https:\\\/\\\/www.11onze.cat\\\/es\\\/magazine\\\/conoce-ganadores-premios-vinari-verano\\\/#breadcrumb\"},\"inLanguage\":\"es\",\"potentialAction\":[{\"@type\":\"ReadAction\",\"target\":[\"https:\\\/\\\/www.11onze.cat\\\/es\\\/magazine\\\/conoce-ganadores-premios-vinari-verano\\\/\"]}]},{\"@type\":\"ImageObject\",\"inLanguage\":\"es\",\"@id\":\"https:\\\/\\\/www.11onze.cat\\\/es\\\/magazine\\\/conoce-ganadores-premios-vinari-verano\\\/#primaryimage\",\"url\":\"https:\\\/\\\/www.11onze.cat\\\/wp-content\\\/uploads\\\/2021\\\/07\\\/THUMBNAIL_ENTREGA_VINARI.jpg\",\"contentUrl\":\"https:\\\/\\\/www.11onze.cat\\\/wp-content\\\/uploads\\\/2021\\\/07\\\/THUMBNAIL_ENTREGA_VINARI.jpg\",\"width\":1500,\"height\":957},{\"@type\":\"BreadcrumbList\",\"@id\":\"https:\\\/\\\/www.11onze.cat\\\/es\\\/magazine\\\/conoce-ganadores-premios-vinari-verano\\\/#breadcrumb\",\"itemListElement\":[{\"@type\":\"ListItem\",\"position\":1,\"name\":\"Home\",\"item\":\"https:\\\/\\\/www.11onze.cat\\\/es\\\/\"},{\"@type\":\"ListItem\",\"position\":2,\"name\":\"Los ganadores de los Premios Vinari de verano\"}]},{\"@type\":\"WebSite\",\"@id\":\"https:\\\/\\\/www.11onze.cat\\\/es\\\/#website\",\"url\":\"https:\\\/\\\/www.11onze.cat\\\/es\\\/\",\"name\":\"11Onze\",\"description\":\"Primera comunidad fintech digital en Catalu\u00f1a\",\"publisher\":{\"@id\":\"https:\\\/\\\/www.11onze.cat\\\/es\\\/#organization\"},\"potentialAction\":[{\"@type\":\"SearchAction\",\"target\":{\"@type\":\"EntryPoint\",\"urlTemplate\":\"https:\\\/\\\/www.11onze.cat\\\/es\\\/?s={search_term_string}\"},\"query-input\":{\"@type\":\"PropertyValueSpecification\",\"valueRequired\":true,\"valueName\":\"search_term_string\"}}],\"inLanguage\":\"es\"},{\"@type\":\"Organization\",\"@id\":\"https:\\\/\\\/www.11onze.cat\\\/es\\\/#organization\",\"name\":\"11Onze\",\"url\":\"https:\\\/\\\/www.11onze.cat\\\/es\\\/\",\"logo\":{\"@type\":\"ImageObject\",\"inLanguage\":\"es\",\"@id\":\"https:\\\/\\\/www.11onze.cat\\\/es\\\/#\\\/schema\\\/logo\\\/image\\\/\",\"url\":\"https:\\\/\\\/www.11onze.cat\\\/wp-content\\\/uploads\\\/2021\\\/04\\\/512x512-11Onze.jpg\",\"contentUrl\":\"https:\\\/\\\/www.11onze.cat\\\/wp-content\\\/uploads\\\/2021\\\/04\\\/512x512-11Onze.jpg\",\"width\":512,\"height\":512,\"caption\":\"11Onze\"},\"image\":{\"@id\":\"https:\\\/\\\/www.11onze.cat\\\/es\\\/#\\\/schema\\\/logo\\\/image\\\/\"},\"sameAs\":[\"https:\\\/\\\/www.facebook.com\\\/11OnzeComunitat\",\"https:\\\/\\\/x.com\\\/11OnzeFintech\",\"https:\\\/\\\/www.instagram.com\\\/11onzecat\\\/\",\"https:\\\/\\\/www.linkedin.com\\\/company\\\/11onzebanc\",\"https:\\\/\\\/www.youtube.com\\\/channel\\\/UCz63R8Byd_kBKtK2M4Qf_7w\"]},{\"@type\":\"Person\",\"@id\":\"https:\\\/\\\/www.11onze.cat\\\/es\\\/#\\\/schema\\\/person\\\/a32976e87babd50a6f56f80b22767a7e\",\"name\":\"11Onze\",\"image\":{\"@type\":\"ImageObject\",\"inLanguage\":\"es\",\"@id\":\"https:\\\/\\\/www.11onze.cat\\\/wp-content\\\/uploads\\\/2021\\\/04\\\/512x512-11Onze-300x300.jpg\",\"url\":\"https:\\\/\\\/www.11onze.cat\\\/wp-content\\\/uploads\\\/2021\\\/04\\\/512x512-11Onze-300x300.jpg\",\"contentUrl\":\"https:\\\/\\\/www.11onze.cat\\\/wp-content\\\/uploads\\\/2021\\\/04\\\/512x512-11Onze-300x300.jpg\",\"caption\":\"11Onze\"},\"url\":\"https:\\\/\\\/www.11onze.cat\\\/es\\\/magazine\\\/author\\\/11onze\\\/\"}]}<\/script>\n<!-- \/ Yoast SEO plugin. -->","yoast_head_json":{"title":"Los ganadores de los Premios Vinari de verano - 11ONZE","description":"El certamen patrocinado por 11Onze libra los premios a los mejores vinos j\u00f3venes y a las mejores propuestas enoturisticas, desc\u00fabrelos.","robots":{"index":"index","follow":"follow","max-snippet":"max-snippet:-1","max-image-preview":"max-image-preview:large","max-video-preview":"max-video-preview:-1"},"canonical":"https:\/\/www.11onze.cat\/es\/magazine\/conoce-ganadores-premios-vinari-verano\/","og_locale":"es_ES","og_type":"article","og_title":"Los ganadores de los Premios Vinari de verano - 11ONZE","og_description":"El certamen patrocinado por 11Onze libra los premios a los mejores vinos j\u00f3venes y a las mejores propuestas enoturisticas, desc\u00fabrelos.","og_url":"https:\/\/www.11onze.cat\/es\/magazine\/conoce-ganadores-premios-vinari-verano\/","og_site_name":"11Onze","article_publisher":"https:\/\/www.facebook.com\/11OnzeComunitat","article_published_time":"2021-07-10T18:00:00+00:00","article_modified_time":"2021-10-05T10:38:33+00:00","og_image":[{"width":1500,"height":957,"url":"https:\/\/www.11onze.cat\/wp-content\/uploads\/2021\/07\/THUMBNAIL_ENTREGA_VINARI.jpg","type":"image\/jpeg"}],"author":"11Onze","twitter_card":"summary_large_image","twitter_creator":"@11OnzeFintech","twitter_site":"@11OnzeFintech","twitter_misc":{"Escrito por":"11Onze"},"schema":{"@context":"https:\/\/schema.org","@graph":[{"@type":"Article","@id":"https:\/\/www.11onze.cat\/es\/magazine\/conoce-ganadores-premios-vinari-verano\/#article","isPartOf":{"@id":"https:\/\/www.11onze.cat\/es\/magazine\/conoce-ganadores-premios-vinari-verano\/"},"author":{"name":"11Onze","@id":"https:\/\/www.11onze.cat\/es\/#\/schema\/person\/a32976e87babd50a6f56f80b22767a7e"},"headline":"Los ganadores de los Premios Vinari de verano","datePublished":"2021-07-10T18:00:00+00:00","dateModified":"2021-10-05T10:38:33+00:00","mainEntityOfPage":{"@id":"https:\/\/www.11onze.cat\/es\/magazine\/conoce-ganadores-premios-vinari-verano\/"},"wordCount":8,"commentCount":0,"publisher":{"@id":"https:\/\/www.11onze.cat\/es\/#organization"},"image":{"@id":"https:\/\/www.11onze.cat\/es\/magazine\/conoce-ganadores-premios-vinari-verano\/#primaryimage"},"thumbnailUrl":"https:\/\/www.11onze.cat\/wp-content\/uploads\/2021\/07\/THUMBNAIL_ENTREGA_VINARI.jpg","keywords":["11Onze","Cultura"],"articleSection":["Sin categorizar"],"inLanguage":"es","potentialAction":[{"@type":"CommentAction","name":"Comment","target":["https:\/\/www.11onze.cat\/es\/magazine\/conoce-ganadores-premios-vinari-verano\/#respond"]}]},{"@type":"WebPage","@id":"https:\/\/www.11onze.cat\/es\/magazine\/conoce-ganadores-premios-vinari-verano\/","url":"https:\/\/www.11onze.cat\/es\/magazine\/conoce-ganadores-premios-vinari-verano\/","name":"Los ganadores de los Premios Vinari de verano - 11ONZE","isPartOf":{"@id":"https:\/\/www.11onze.cat\/es\/#website"},"primaryImageOfPage":{"@id":"https:\/\/www.11onze.cat\/es\/magazine\/conoce-ganadores-premios-vinari-verano\/#primaryimage"},"image":{"@id":"https:\/\/www.11onze.cat\/es\/magazine\/conoce-ganadores-premios-vinari-verano\/#primaryimage"},"thumbnailUrl":"https:\/\/www.11onze.cat\/wp-content\/uploads\/2021\/07\/THUMBNAIL_ENTREGA_VINARI.jpg","datePublished":"2021-07-10T18:00:00+00:00","dateModified":"2021-10-05T10:38:33+00:00","description":"El certamen patrocinado por 11Onze libra los premios a los mejores vinos j\u00f3venes y a las mejores propuestas enoturisticas, desc\u00fabrelos.","breadcrumb":{"@id":"https:\/\/www.11onze.cat\/es\/magazine\/conoce-ganadores-premios-vinari-verano\/#breadcrumb"},"inLanguage":"es","potentialAction":[{"@type":"ReadAction","target":["https:\/\/www.11onze.cat\/es\/magazine\/conoce-ganadores-premios-vinari-verano\/"]}]},{"@type":"ImageObject","inLanguage":"es","@id":"https:\/\/www.11onze.cat\/es\/magazine\/conoce-ganadores-premios-vinari-verano\/#primaryimage","url":"https:\/\/www.11onze.cat\/wp-content\/uploads\/2021\/07\/THUMBNAIL_ENTREGA_VINARI.jpg","contentUrl":"https:\/\/www.11onze.cat\/wp-content\/uploads\/2021\/07\/THUMBNAIL_ENTREGA_VINARI.jpg","width":1500,"height":957},{"@type":"BreadcrumbList","@id":"https:\/\/www.11onze.cat\/es\/magazine\/conoce-ganadores-premios-vinari-verano\/#breadcrumb","itemListElement":[{"@type":"ListItem","position":1,"name":"Home","item":"https:\/\/www.11onze.cat\/es\/"},{"@type":"ListItem","position":2,"name":"Los ganadores de los Premios Vinari de verano"}]},{"@type":"WebSite","@id":"https:\/\/www.11onze.cat\/es\/#website","url":"https:\/\/www.11onze.cat\/es\/","name":"11Onze","description":"Primera comunidad fintech digital en Catalu\u00f1a","publisher":{"@id":"https:\/\/www.11onze.cat\/es\/#organization"},"potentialAction":[{"@type":"SearchAction","target":{"@type":"EntryPoint","urlTemplate":"https:\/\/www.11onze.cat\/es\/?s={search_term_string}"},"query-input":{"@type":"PropertyValueSpecification","valueRequired":true,"valueName":"search_term_string"}}],"inLanguage":"es"},{"@type":"Organization","@id":"https:\/\/www.11onze.cat\/es\/#organization","name":"11Onze","url":"https:\/\/www.11onze.cat\/es\/","logo":{"@type":"ImageObject","inLanguage":"es","@id":"https:\/\/www.11onze.cat\/es\/#\/schema\/logo\/image\/","url":"https:\/\/www.11onze.cat\/wp-content\/uploads\/2021\/04\/512x512-11Onze.jpg","contentUrl":"https:\/\/www.11onze.cat\/wp-content\/uploads\/2021\/04\/512x512-11Onze.jpg","width":512,"height":512,"caption":"11Onze"},"image":{"@id":"https:\/\/www.11onze.cat\/es\/#\/schema\/logo\/image\/"},"sameAs":["https:\/\/www.facebook.com\/11OnzeComunitat","https:\/\/x.com\/11OnzeFintech","https:\/\/www.instagram.com\/11onzecat\/","https:\/\/www.linkedin.com\/company\/11onzebanc","https:\/\/www.youtube.com\/channel\/UCz63R8Byd_kBKtK2M4Qf_7w"]},{"@type":"Person","@id":"https:\/\/www.11onze.cat\/es\/#\/schema\/person\/a32976e87babd50a6f56f80b22767a7e","name":"11Onze","image":{"@type":"ImageObject","inLanguage":"es","@id":"https:\/\/www.11onze.cat\/wp-content\/uploads\/2021\/04\/512x512-11Onze-300x300.jpg","url":"https:\/\/www.11onze.cat\/wp-content\/uploads\/2021\/04\/512x512-11Onze-300x300.jpg","contentUrl":"https:\/\/www.11onze.cat\/wp-content\/uploads\/2021\/04\/512x512-11Onze-300x300.jpg","caption":"11Onze"},"url":"https:\/\/www.11onze.cat\/es\/magazine\/author\/11onze\/"}]}},"_links":{"self":[{"href":"https:\/\/www.11onze.cat\/es\/wp-json\/wp\/v2\/posts\/11971","targetHints":{"allow":["GET"]}}],"collection":[{"href":"https:\/\/www.11onze.cat\/es\/wp-json\/wp\/v2\/posts"}],"about":[{"href":"https:\/\/www.11onze.cat\/es\/wp-json\/wp\/v2\/types\/post"}],"author":[{"embeddable":true,"href":"https:\/\/www.11onze.cat\/es\/wp-json\/wp\/v2\/users\/69"}],"replies":[{"embeddable":true,"href":"https:\/\/www.11onze.cat\/es\/wp-json\/wp\/v2\/comments?post=11971"}],"version-history":[{"count":0,"href":"https:\/\/www.11onze.cat\/es\/wp-json\/wp\/v2\/posts\/11971\/revisions"}],"wp:featuredmedia":[{"embeddable":true,"href":"https:\/\/www.11onze.cat\/es\/wp-json\/wp\/v2\/media\/11966"}],"wp:attachment":[{"href":"https:\/\/www.11onze.cat\/es\/wp-json\/wp\/v2\/media?parent=11971"}],"wp:term":[{"taxonomy":"category","embeddable":true,"href":"https:\/\/www.11onze.cat\/es\/wp-json\/wp\/v2\/categories?post=11971"},{"taxonomy":"post_tag","embeddable":true,"href":"https:\/\/www.11onze.cat\/es\/wp-json\/wp\/v2\/tags?post=11971"}],"curies":[{"name":"wp","href":"https:\/\/api.w.org\/{rel}","templated":true}]}}