{"id":11306,"date":"2021-06-23T21:00:00","date_gmt":"2021-06-23T19:00:00","guid":{"rendered":"https:\/\/www.11onze.cat\/?p=11306"},"modified":"2021-06-28T10:28:04","modified_gmt":"2021-06-28T08:28:04","slug":"plan-moves-iii-comprar-coche","status":"publish","type":"post","link":"https:\/\/www.11onze.cat\/es\/magazine\/plan-moves-iii-comprar-coche\/","title":{"rendered":"\u00bfEl plan Moves III para comprar coche es para m\u00ed?"},"content":{"rendered":"<div class=\"component text\">\n  <div class=\"container\">\n\n\n    <div class=\"row\">\n      <div class=\"col  col-lg-8  offset-lg-2\">\n        <h3><b>Desde el 10 de abril de 2021 est\u00e1n disponibles las ayudas del Plan MOVES III (o Plan Moves 2021), que se extender\u00e1 hasta el a\u00f1o 2023. Este plan de ayuda a la compra de veh\u00edculos electrificados cuenta con un presupuesto inicial de 400 millones de euros, ampliables hasta 800 millones, si la demanda lo justifica.<\/b><\/h3>\n<p>&nbsp;<\/p>\n<p><span style=\"font-weight: 400;\">El presupuesto de las ayudas se dividir\u00e1 por comunidades aut\u00f3nomas, en funci\u00f3n de su poblaci\u00f3n. Teniendo esto en cuenta, Andaluc\u00eda ser\u00eda la m\u00e1s beneficiada con 71,35 M \u20ac; seguida de <\/span><a href=\"http:\/\/icaen.gencat.cat\/ca\/energia\/ajuts\/mobilitat\/pla-moves-iii\/index.html\"><span style=\"font-weight: 400;\">Catalu\u00f1a<\/span><\/a><span style=\"font-weight: 400;\">, con 65,79 M \u20ac; Comunidad de Madrid, con 57,15 M \u20ac; y Comunidad Valenciana, con 42,63 M \u20ac. Eso s\u00ed: <\/span><b>no es posible presentar solicitudes hasta que las comunidades aut\u00f3nomas activen sus planes<\/b><span style=\"font-weight: 400;\">.\u00a0<\/span><\/p>\n<p><span style=\"font-weight: 400;\">Hay dos tipos de ayuda:<\/span><\/p>\n<ul>\n<li style=\"font-weight: 400;\" aria-level=\"1\"><span style=\"font-weight: 400;\">Para la compra de veh\u00edculos el\u00e9ctricos e h\u00edbridos enchufables.<\/span><\/li>\n<li style=\"font-weight: 400;\" aria-level=\"1\"><span style=\"font-weight: 400;\">Para la instalaci\u00f3n y desarrollo de puntos de recarga en todo el territorio \u2014seg\u00fan la poblaci\u00f3n, se puede obtener hasta el 80\u2006% del coste total de la instalaci\u00f3n.<\/span><\/li>\n<\/ul>\n<p><span style=\"font-weight: 400;\">Adem\u00e1s de turismos, tambi\u00e9n se apoya la compra de furgonetas, motos y cuatriciclos. Al contrario que con el plan anterior, MOVES II, quedan fuera de este plan actual camiones y autobuses, coches de gas o bicicletas el\u00e9ctricas.<\/span><\/p>\n<h3><b>Ayudas para particulares<\/b><\/h3>\n<p><span style=\"font-weight: 400;\">Para los turismos, las ayudas pueden llegar hasta los 7.000 \u20ac, siempre que, a cambio, se entregue un coche para el desguace con una antig\u00fcedad superior a los siete a\u00f1os.<\/span><\/p>\n<p>&nbsp;<\/p>\n<p><span style=\"font-weight: 400;\">Los tipos de veh\u00edculos que se pueden beneficiar del Plan son:\u00a0<\/span><\/p>\n<ul>\n<li style=\"font-weight: 400;\" aria-level=\"1\"><span style=\"font-weight: 400;\">Turismos 100% el\u00e9ctricos (<\/span><b>EV<\/b><span style=\"font-weight: 400;\"> o <\/span><b>BEV<\/b><span style=\"font-weight: 400;\">) con autonom\u00eda el\u00e9ctrica superior a 90 kil\u00f3metros. Para estos, el importe m\u00e1ximo puede llegar a los 7.000 \u20ac. Los requisitos son:<\/span>\n<ul>\n<li style=\"font-weight: 400;\" aria-level=\"1\"><span style=\"font-weight: 400;\">Entregar un coche con m\u00e1s de siete a\u00f1os de antig\u00fcedad para desguazar. De lo contrario, el importe se reduce a 4.500 \u20ac.<\/span><\/li>\n<li style=\"font-weight: 400;\" aria-level=\"1\"><span style=\"font-weight: 400;\">El importe (sin IVA) de compra del nuevo coche el\u00e9ctrico no podr\u00e1 superar los 45.000 \u20ac, o 53.000 \u20ac si es de 8 o 9 plazas.<\/span><\/li>\n<li style=\"font-weight: 400;\" aria-level=\"1\"><span style=\"font-weight: 400;\">Estas mismas condiciones se aplican a h\u00edbridos enchufables (<\/span><b>PHEV<\/b><span style=\"font-weight: 400;\">) con m\u00e1s de 90 kil\u00f3metros de autonom\u00eda homologados (muy pocos los consiguen).<\/span><\/li>\n<\/ul>\n<\/li>\n<\/ul>\n<ul>\n<li style=\"list-style-type: none;\"><\/li>\n<\/ul>\n<ul>\n<li style=\"font-weight: 400;\" aria-level=\"1\"><span style=\"font-weight: 400;\">Turismos h\u00edbridos enchufables (<\/span><b>PHEV<\/b><span style=\"font-weight: 400;\">) con autonom\u00eda el\u00e9ctrica de entre 30 y 90 kil\u00f3metros.<\/span><\/li>\n<li style=\"font-weight: 400;\" aria-level=\"1\"><span style=\"font-weight: 400;\">Turismos con tecnolog\u00eda de pila de combustible (<\/span><b>FCV<\/b><span style=\"font-weight: 400;\"> o <\/span><b>FCHV<\/b><span style=\"font-weight: 400;\">). Los requisitos son:<\/span>\n<ul>\n<li style=\"font-weight: 400;\" aria-level=\"1\"><span style=\"font-weight: 400;\">La subvenci\u00f3n m\u00e1xima es de 5.000 \u20ac, a cambio de un coche con m\u00e1s de siete a\u00f1os de antig\u00fcedad para desguazar. De lo contrario, la ayuda ser\u00e1 la mitad, 2.500 \u20ac.<\/span><\/li>\n<li style=\"font-weight: 400;\" aria-level=\"1\"><span style=\"font-weight: 400;\">El precio de compra no puede superar los 45.000 \u20ac (sin IVA).<\/span><\/li>\n<\/ul>\n<\/li>\n<\/ul>\n<p>&nbsp;<\/p>\n<h3><b>S\u00edntesis del Plan para particulares, aut\u00f3nomos y administraciones p\u00fablicas<\/b><\/h3>\n\n      <\/div>\n    <\/div>\n  <\/div>\n<\/div>\n\n\n<div class=\"component gallery\">\n  <div class=\"container\">\n    <div class=\"row\">\n      <div class=\"col col-lg-10 offset-lg-1\">\n        <div id=\"slider_1\" class=\"carousel slide\" data-wrap=\"false\" data-interval=\"false\">\n          <div class=\"carousel-inner\">\n            <div class=\"carousel-item active\">\n              <img decoding=\"async\" class=\"d-block w-100\" src=\"https:\/\/www.11onze.cat\/wp-content\/uploads\/2021\/06\/GRAFICS_ARTICLES_MOVESIII_1.jpg\" alt=\"\">\n              <div class=\"carousel-caption\">\n                \n              <\/div>\n            <\/div>\n          <\/div>\n        <\/div>\n      <\/div>\n    <\/div>\n  <\/div>\n<\/div>\n\n<div class=\"component text\">\n  <div class=\"container\">\n\n\n    <div class=\"row\">\n      <div class=\"col  col-lg-8  offset-lg-2\">\n        <p><span style=\"font-weight: 400;\">Los turismos y SUV son de la categor\u00eda <\/span><b>M1<\/b><span style=\"font-weight: 400;\">. El <\/span><b>N1<\/b><span style=\"font-weight: 400;\"> incluye veh\u00edculos de mercanc\u00edas de peso inferior a 3,5 toneladas. Los <\/span><b>L6e<\/b><span style=\"font-weight: 400;\"> y <\/span><b>L7e<\/b><span style=\"font-weight: 400;\">, cuatriciclos y los <\/span><b>L3e<\/b><span style=\"font-weight: 400;\">, <\/span><b>L4e<\/b><span style=\"font-weight: 400;\"> y <\/span><b>L5e<\/b><span style=\"font-weight: 400;\"> son motocicletas y triciclos.<\/span><\/p>\n<p>&nbsp;<\/p>\n<h3><b>S\u00edntesis del Plan para PYMES<\/b><\/h3>\n\n      <\/div>\n    <\/div>\n  <\/div>\n<\/div>\n\n\n<div class=\"component gallery\">\n  <div class=\"container\">\n    <div class=\"row\">\n      <div class=\"col col-lg-10 offset-lg-1\">\n        <div id=\"slider_1\" class=\"carousel slide\" data-wrap=\"false\" data-interval=\"false\">\n          <div class=\"carousel-inner\">\n            <div class=\"carousel-item active\">\n              <img decoding=\"async\" class=\"d-block w-100\" src=\"https:\/\/www.11onze.cat\/wp-content\/uploads\/2021\/06\/GRAFICS_ARTICLES_MOVESIII_2.jpg\" alt=\"\">\n              <div class=\"carousel-caption\">\n                \n              <\/div>\n            <\/div>\n          <\/div>\n        <\/div>\n      <\/div>\n    <\/div>\n  <\/div>\n<\/div>\n\n<div class=\"component text\">\n  <div class=\"container\">\n\n\n    <div class=\"row\">\n      <div class=\"col  col-lg-8  offset-lg-2\">\n        <h3><b>S\u00edntesis del Plan para grandes empresas<\/b><\/h3>\n\n      <\/div>\n    <\/div>\n  <\/div>\n<\/div>\n\n\n<div class=\"component gallery\">\n  <div class=\"container\">\n    <div class=\"row\">\n      <div class=\"col col-lg-10 offset-lg-1\">\n        <div id=\"slider_1\" class=\"carousel slide\" data-wrap=\"false\" data-interval=\"false\">\n          <div class=\"carousel-inner\">\n            <div class=\"carousel-item active\">\n              <img decoding=\"async\" class=\"d-block w-100\" src=\"https:\/\/www.11onze.cat\/wp-content\/uploads\/2021\/06\/GRAFICS_ARTICLES_MOVESIII_3.jpg\" alt=\"\">\n              <div class=\"carousel-caption\">\n                \n              <\/div>\n            <\/div>\n          <\/div>\n        <\/div>\n      <\/div>\n    <\/div>\n  <\/div>\n<\/div>\n\n<div class=\"component text\">\n  <div class=\"container\">\n\n\n    <div class=\"row\">\n      <div class=\"col  col-lg-8  offset-lg-2\">\n        <p><span style=\"font-weight: 400;\">Para evitar que las ciudades concentren el grueso de las ayudas, el Gobierno ofrece ayudas m\u00e1s grandes a <\/span><b>municipios con menos de 5.000 habitantes<\/b><span style=\"font-weight: 400;\"> y a sus vecinos. En estos casos, es <\/span><b>un 10\u2006% m\u00e1s<\/b><span style=\"font-weight: 400;\"> del que se indica a las tablas superiores. Eso s\u00ed, se debe mantener el empadronamiento en este mismo municipio durante algunos a\u00f1os.<\/span><\/p>\n<p><span style=\"font-weight: 400;\">Tambi\u00e9n se establece un incremento del <\/span><b>10\u2006%<\/b><span style=\"font-weight: 400;\"> de la ayuda para servicios de VTC, taxis y para titulares con discapacidad.<\/span><\/p>\n<p><span style=\"font-weight: 400;\">El gobierno espa\u00f1ol<\/span> <span style=\"font-weight: 400;\">espera que, con estas ayudas, el 2023 haya, al menos, 250.000 veh\u00edculos el\u00e9ctricos en circulaci\u00f3n. Tambi\u00e9n un m\u00ednimo de 100.000 puntos de recarga (tanto p\u00fablicos como privados).<\/span><\/p>\n<p><span style=\"font-weight: 400;\">En el apartado econ\u00f3mico, los c\u00e1lculos gubernamentales prev\u00e9n que el Plan Moves III supondr\u00e1 una aportaci\u00f3n extra de 2.900 millones de euros al PIB espa\u00f1ol y que genere cerca de 40.000 puestos de trabajo a lo largo de toda la cadena de valor.<\/span><\/p>\n<p>&nbsp;<\/p>\n<p><b>\u00bfQuieres ser el primero en recibir las \u00faltimas noticias sobre 11Onze? Clica <\/b><a href=\"https:\/\/t.me\/ONZEbanc\"><b>aqu\u00ed<\/b><\/a><b> para suscribirte a nuestro canal de <\/b><a href=\"https:\/\/t.me\/ONZEbanc\"><b>Telegram<\/b><\/a><\/p>\n\n      <\/div>\n    <\/div>\n  <\/div>\n<\/div>\n\n\n<div class=\"component cards\">\n  <div class=\"container\">\n    <div class=\"row\">\n      <div class=\"col col-xl-8 offset-xl-2\">\n        <h1>Si te ha gustado este art\u00edculo, te recomendamos:<\/h1>\n        <div class=\"cards__wrapper\">\n          <div class=\"card\">\n            <a href=\"https:\/\/www.11onze.cat\/es\/magazine\/hasta-cuando-puedo-circular-zbe\/\" class=\"card-link\" target=\"_self\"><\/a>\n            <div class=\"card-img\">\n              <img decoding=\"async\" src=\"https:\/\/www.11onze.cat\/wp-content\/uploads\/2021\/06\/THUMBNAIL_DISTINTIU_COTXE-800x534.jpg\" class=\"card-img-top\" alt=\"\">\n                <span class=\"card-category\">Sostenibilidad<\/span>\n            <\/div>\n            <div class=\"card-body\">\n              <p class=\"card-title p2\"><strong>Circular por la ZBE<\/strong><\/p>\n              <span class=\"card-time\">4min lectura<\/span>\n              <p class=\"card-text small\">\u00bfHasta cuando puedo?<\/p>\n            <\/div>\n          <\/div>\n\n\n          <div class=\"card\">\n            <a href=\"https:\/\/www.11onze.cat\/es\/magazine\/micromovilidad-nueva-movilidad-urbana\/\" class=\"card-link\" target=\"_self\"><\/a>\n            <div class=\"card-img\">\n              <img decoding=\"async\" src=\"https:\/\/www.11onze.cat\/wp-content\/uploads\/2021\/06\/THUMBNAIL_MICROMOBILITAT-800x600.jpg\" class=\"card-img-top\" alt=\"\">\n                <span class=\"card-category\">Sostenibilidad<\/span>\n            <\/div>\n            <div class=\"card-body\">\n              <p class=\"card-title p2\"><strong>Micromobilidad<\/strong><\/p>\n              <span class=\"card-time\">5min lectura<\/span>\n              <p class=\"card-text small\">La nueva mobilidad urbana<\/p>\n            <\/div>\n          <\/div>\n\n\n          <div class=\"card\">\n            <a href=\"https:\/\/www.11onze.cat\/es\/magazine\/nueva-tarifa-electrica-como-afecta\/\" class=\"card-link\" target=\"_self\"><\/a>\n            <div class=\"card-img\">\n              <img decoding=\"async\" src=\"https:\/\/www.11onze.cat\/wp-content\/uploads\/2021\/05\/THUMBNAIL_NOVA_NORMATIVA-793x600.jpg\" class=\"card-img-top\" alt=\"\">\n                <span class=\"card-category\">Finanzas<\/span>\n            <\/div>\n            <div class=\"card-body\">\n              <p class=\"card-title p2\"><strong>Nueva tarifa el\u00e9ctrica<\/strong><\/p>\n              <span class=\"card-time\">4min lectura<\/span>\n              <p class=\"card-text small\">\u00bfC\u00f3mo te afecta?<\/p>\n            <\/div>\n          <\/div>\n\n              <\/div>\n              <br>\n              <br>\n              <div class=\"cards__wrapper\">\n\n        <\/div>\n      <\/div>\n    <\/div>\n  <\/div>\n<\/div>","protected":false},"excerpt":{"rendered":"","protected":false},"author":71,"featured_media":11304,"comment_status":"open","ping_status":"closed","sticky":false,"template":"","format":"standard","meta":{"_acf_changed":false,"content-type":"","footnotes":""},"categories":[28],"tags":[167],"class_list":["post-11306","post","type-post","status-publish","format-standard","has-post-thumbnail","hentry","category-sin-categorizar","tag-finanzas"],"acf":[],"yoast_head":"<!-- This site is optimized with the Yoast SEO plugin v27.4 - https:\/\/yoast.com\/product\/yoast-seo-wordpress\/ -->\n<title>El plan MOVES III para la compra de veh\u00edculos - 11ONZE<\/title>\n<meta name=\"description\" content=\"Este plan de ayuda a la compra de veh\u00edculos el\u00e9ctricos cuenta con un presupuesto de 400 millones de euros, ampliables hasta 800 millones.\" \/>\n<meta name=\"robots\" content=\"index, follow, max-snippet:-1, max-image-preview:large, max-video-preview:-1\" \/>\n<link rel=\"canonical\" href=\"https:\/\/www.11onze.cat\/es\/magazine\/plan-moves-iii-comprar-coche\/\" \/>\n<meta property=\"og:locale\" content=\"es_ES\" \/>\n<meta property=\"og:type\" content=\"article\" \/>\n<meta property=\"og:title\" content=\"El plan MOVES III para la compra de veh\u00edculos - 11ONZE\" \/>\n<meta property=\"og:description\" content=\"Este plan de ayuda a la compra de veh\u00edculos el\u00e9ctricos cuenta con un presupuesto de 400 millones de euros, ampliables hasta 800 millones.\" \/>\n<meta property=\"og:url\" content=\"https:\/\/www.11onze.cat\/es\/magazine\/plan-moves-iii-comprar-coche\/\" \/>\n<meta property=\"og:site_name\" content=\"11Onze\" \/>\n<meta property=\"article:publisher\" content=\"https:\/\/www.facebook.com\/11OnzeComunitat\" \/>\n<meta property=\"article:published_time\" content=\"2021-06-23T19:00:00+00:00\" \/>\n<meta property=\"article:modified_time\" content=\"2021-06-28T08:28:04+00:00\" \/>\n<meta property=\"og:image\" content=\"https:\/\/www.11onze.cat\/wp-content\/uploads\/2021\/06\/THUMBNAIL_MOVESIII.jpg\" \/>\n\t<meta property=\"og:image:width\" content=\"1500\" \/>\n\t<meta property=\"og:image:height\" content=\"844\" \/>\n\t<meta property=\"og:image:type\" content=\"image\/jpeg\" \/>\n<meta name=\"author\" content=\"Equip Editorial\" \/>\n<meta name=\"twitter:card\" content=\"summary_large_image\" \/>\n<meta name=\"twitter:creator\" content=\"@11OnzeFintech\" \/>\n<meta name=\"twitter:site\" content=\"@11OnzeFintech\" \/>\n<meta name=\"twitter:label1\" content=\"Escrito por\" \/>\n\t<meta name=\"twitter:data1\" content=\"Equip Editorial\" \/>\n<script type=\"application\/ld+json\" class=\"yoast-schema-graph\">{\"@context\":\"https:\\\/\\\/schema.org\",\"@graph\":[{\"@type\":\"Article\",\"@id\":\"https:\\\/\\\/www.11onze.cat\\\/es\\\/magazine\\\/plan-moves-iii-comprar-coche\\\/#article\",\"isPartOf\":{\"@id\":\"https:\\\/\\\/www.11onze.cat\\\/es\\\/magazine\\\/plan-moves-iii-comprar-coche\\\/\"},\"author\":{\"name\":\"Equip Editorial\",\"@id\":\"https:\\\/\\\/www.11onze.cat\\\/es\\\/#\\\/schema\\\/person\\\/636d99b4c82bb7178687ecd43c3a61bd\"},\"headline\":\"\u00bfEl plan Moves III para comprar coche es para m\u00ed?\",\"datePublished\":\"2021-06-23T19:00:00+00:00\",\"dateModified\":\"2021-06-28T08:28:04+00:00\",\"mainEntityOfPage\":{\"@id\":\"https:\\\/\\\/www.11onze.cat\\\/es\\\/magazine\\\/plan-moves-iii-comprar-coche\\\/\"},\"wordCount\":10,\"commentCount\":0,\"publisher\":{\"@id\":\"https:\\\/\\\/www.11onze.cat\\\/es\\\/#organization\"},\"image\":{\"@id\":\"https:\\\/\\\/www.11onze.cat\\\/es\\\/magazine\\\/plan-moves-iii-comprar-coche\\\/#primaryimage\"},\"thumbnailUrl\":\"https:\\\/\\\/www.11onze.cat\\\/wp-content\\\/uploads\\\/2021\\\/06\\\/THUMBNAIL_MOVESIII.jpg\",\"keywords\":[\"Finanzas\"],\"articleSection\":[\"Sin categorizar\"],\"inLanguage\":\"es\",\"potentialAction\":[{\"@type\":\"CommentAction\",\"name\":\"Comment\",\"target\":[\"https:\\\/\\\/www.11onze.cat\\\/es\\\/magazine\\\/plan-moves-iii-comprar-coche\\\/#respond\"]}]},{\"@type\":\"WebPage\",\"@id\":\"https:\\\/\\\/www.11onze.cat\\\/es\\\/magazine\\\/plan-moves-iii-comprar-coche\\\/\",\"url\":\"https:\\\/\\\/www.11onze.cat\\\/es\\\/magazine\\\/plan-moves-iii-comprar-coche\\\/\",\"name\":\"El plan MOVES III para la compra de veh\u00edculos - 11ONZE\",\"isPartOf\":{\"@id\":\"https:\\\/\\\/www.11onze.cat\\\/es\\\/#website\"},\"primaryImageOfPage\":{\"@id\":\"https:\\\/\\\/www.11onze.cat\\\/es\\\/magazine\\\/plan-moves-iii-comprar-coche\\\/#primaryimage\"},\"image\":{\"@id\":\"https:\\\/\\\/www.11onze.cat\\\/es\\\/magazine\\\/plan-moves-iii-comprar-coche\\\/#primaryimage\"},\"thumbnailUrl\":\"https:\\\/\\\/www.11onze.cat\\\/wp-content\\\/uploads\\\/2021\\\/06\\\/THUMBNAIL_MOVESIII.jpg\",\"datePublished\":\"2021-06-23T19:00:00+00:00\",\"dateModified\":\"2021-06-28T08:28:04+00:00\",\"description\":\"Este plan de ayuda a la compra de veh\u00edculos el\u00e9ctricos cuenta con un presupuesto de 400 millones de euros, ampliables hasta 800 millones.\",\"breadcrumb\":{\"@id\":\"https:\\\/\\\/www.11onze.cat\\\/es\\\/magazine\\\/plan-moves-iii-comprar-coche\\\/#breadcrumb\"},\"inLanguage\":\"es\",\"potentialAction\":[{\"@type\":\"ReadAction\",\"target\":[\"https:\\\/\\\/www.11onze.cat\\\/es\\\/magazine\\\/plan-moves-iii-comprar-coche\\\/\"]}]},{\"@type\":\"ImageObject\",\"inLanguage\":\"es\",\"@id\":\"https:\\\/\\\/www.11onze.cat\\\/es\\\/magazine\\\/plan-moves-iii-comprar-coche\\\/#primaryimage\",\"url\":\"https:\\\/\\\/www.11onze.cat\\\/wp-content\\\/uploads\\\/2021\\\/06\\\/THUMBNAIL_MOVESIII.jpg\",\"contentUrl\":\"https:\\\/\\\/www.11onze.cat\\\/wp-content\\\/uploads\\\/2021\\\/06\\\/THUMBNAIL_MOVESIII.jpg\",\"width\":1500,\"height\":844,\"caption\":\"Business concept, car insurance, sell and buy car, car financing, car key for Vehicle Sales Agreement. New carowners are taking keys from male salespeople.\"},{\"@type\":\"BreadcrumbList\",\"@id\":\"https:\\\/\\\/www.11onze.cat\\\/es\\\/magazine\\\/plan-moves-iii-comprar-coche\\\/#breadcrumb\",\"itemListElement\":[{\"@type\":\"ListItem\",\"position\":1,\"name\":\"Home\",\"item\":\"https:\\\/\\\/www.11onze.cat\\\/es\\\/\"},{\"@type\":\"ListItem\",\"position\":2,\"name\":\"\u00bfEl plan Moves III para comprar coche es para m\u00ed?\"}]},{\"@type\":\"WebSite\",\"@id\":\"https:\\\/\\\/www.11onze.cat\\\/es\\\/#website\",\"url\":\"https:\\\/\\\/www.11onze.cat\\\/es\\\/\",\"name\":\"11Onze\",\"description\":\"Primera comunidad fintech digital en Catalu\u00f1a\",\"publisher\":{\"@id\":\"https:\\\/\\\/www.11onze.cat\\\/es\\\/#organization\"},\"potentialAction\":[{\"@type\":\"SearchAction\",\"target\":{\"@type\":\"EntryPoint\",\"urlTemplate\":\"https:\\\/\\\/www.11onze.cat\\\/es\\\/?s={search_term_string}\"},\"query-input\":{\"@type\":\"PropertyValueSpecification\",\"valueRequired\":true,\"valueName\":\"search_term_string\"}}],\"inLanguage\":\"es\"},{\"@type\":\"Organization\",\"@id\":\"https:\\\/\\\/www.11onze.cat\\\/es\\\/#organization\",\"name\":\"11Onze\",\"url\":\"https:\\\/\\\/www.11onze.cat\\\/es\\\/\",\"logo\":{\"@type\":\"ImageObject\",\"inLanguage\":\"es\",\"@id\":\"https:\\\/\\\/www.11onze.cat\\\/es\\\/#\\\/schema\\\/logo\\\/image\\\/\",\"url\":\"https:\\\/\\\/www.11onze.cat\\\/wp-content\\\/uploads\\\/2021\\\/04\\\/512x512-11Onze.jpg\",\"contentUrl\":\"https:\\\/\\\/www.11onze.cat\\\/wp-content\\\/uploads\\\/2021\\\/04\\\/512x512-11Onze.jpg\",\"width\":512,\"height\":512,\"caption\":\"11Onze\"},\"image\":{\"@id\":\"https:\\\/\\\/www.11onze.cat\\\/es\\\/#\\\/schema\\\/logo\\\/image\\\/\"},\"sameAs\":[\"https:\\\/\\\/www.facebook.com\\\/11OnzeComunitat\",\"https:\\\/\\\/x.com\\\/11OnzeFintech\",\"https:\\\/\\\/www.instagram.com\\\/11onzecat\\\/\",\"https:\\\/\\\/www.linkedin.com\\\/company\\\/11onzebanc\",\"https:\\\/\\\/www.youtube.com\\\/channel\\\/UCz63R8Byd_kBKtK2M4Qf_7w\"]},{\"@type\":\"Person\",\"@id\":\"https:\\\/\\\/www.11onze.cat\\\/es\\\/#\\\/schema\\\/person\\\/636d99b4c82bb7178687ecd43c3a61bd\",\"name\":\"Equip Editorial\",\"image\":{\"@type\":\"ImageObject\",\"inLanguage\":\"es\",\"@id\":\"https:\\\/\\\/www.11onze.cat\\\/wp-content\\\/uploads\\\/2022\\\/05\\\/HEADER_AGENTS_DECK-300x300.jpg\",\"url\":\"https:\\\/\\\/www.11onze.cat\\\/wp-content\\\/uploads\\\/2022\\\/05\\\/HEADER_AGENTS_DECK-300x300.jpg\",\"contentUrl\":\"https:\\\/\\\/www.11onze.cat\\\/wp-content\\\/uploads\\\/2022\\\/05\\\/HEADER_AGENTS_DECK-300x300.jpg\",\"caption\":\"Equip Editorial\"},\"url\":\"https:\\\/\\\/www.11onze.cat\\\/es\\\/magazine\\\/author\\\/equip-editorial-11onze\\\/\"}]}<\/script>\n<!-- \/ Yoast SEO plugin. -->","yoast_head_json":{"title":"El plan MOVES III para la compra de veh\u00edculos - 11ONZE","description":"Este plan de ayuda a la compra de veh\u00edculos el\u00e9ctricos cuenta con un presupuesto de 400 millones de euros, ampliables hasta 800 millones.","robots":{"index":"index","follow":"follow","max-snippet":"max-snippet:-1","max-image-preview":"max-image-preview:large","max-video-preview":"max-video-preview:-1"},"canonical":"https:\/\/www.11onze.cat\/es\/magazine\/plan-moves-iii-comprar-coche\/","og_locale":"es_ES","og_type":"article","og_title":"El plan MOVES III para la compra de veh\u00edculos - 11ONZE","og_description":"Este plan de ayuda a la compra de veh\u00edculos el\u00e9ctricos cuenta con un presupuesto de 400 millones de euros, ampliables hasta 800 millones.","og_url":"https:\/\/www.11onze.cat\/es\/magazine\/plan-moves-iii-comprar-coche\/","og_site_name":"11Onze","article_publisher":"https:\/\/www.facebook.com\/11OnzeComunitat","article_published_time":"2021-06-23T19:00:00+00:00","article_modified_time":"2021-06-28T08:28:04+00:00","og_image":[{"width":1500,"height":844,"url":"https:\/\/www.11onze.cat\/wp-content\/uploads\/2021\/06\/THUMBNAIL_MOVESIII.jpg","type":"image\/jpeg"}],"author":"Equip Editorial","twitter_card":"summary_large_image","twitter_creator":"@11OnzeFintech","twitter_site":"@11OnzeFintech","twitter_misc":{"Escrito por":"Equip Editorial"},"schema":{"@context":"https:\/\/schema.org","@graph":[{"@type":"Article","@id":"https:\/\/www.11onze.cat\/es\/magazine\/plan-moves-iii-comprar-coche\/#article","isPartOf":{"@id":"https:\/\/www.11onze.cat\/es\/magazine\/plan-moves-iii-comprar-coche\/"},"author":{"name":"Equip Editorial","@id":"https:\/\/www.11onze.cat\/es\/#\/schema\/person\/636d99b4c82bb7178687ecd43c3a61bd"},"headline":"\u00bfEl plan Moves III para comprar coche es para m\u00ed?","datePublished":"2021-06-23T19:00:00+00:00","dateModified":"2021-06-28T08:28:04+00:00","mainEntityOfPage":{"@id":"https:\/\/www.11onze.cat\/es\/magazine\/plan-moves-iii-comprar-coche\/"},"wordCount":10,"commentCount":0,"publisher":{"@id":"https:\/\/www.11onze.cat\/es\/#organization"},"image":{"@id":"https:\/\/www.11onze.cat\/es\/magazine\/plan-moves-iii-comprar-coche\/#primaryimage"},"thumbnailUrl":"https:\/\/www.11onze.cat\/wp-content\/uploads\/2021\/06\/THUMBNAIL_MOVESIII.jpg","keywords":["Finanzas"],"articleSection":["Sin categorizar"],"inLanguage":"es","potentialAction":[{"@type":"CommentAction","name":"Comment","target":["https:\/\/www.11onze.cat\/es\/magazine\/plan-moves-iii-comprar-coche\/#respond"]}]},{"@type":"WebPage","@id":"https:\/\/www.11onze.cat\/es\/magazine\/plan-moves-iii-comprar-coche\/","url":"https:\/\/www.11onze.cat\/es\/magazine\/plan-moves-iii-comprar-coche\/","name":"El plan MOVES III para la compra de veh\u00edculos - 11ONZE","isPartOf":{"@id":"https:\/\/www.11onze.cat\/es\/#website"},"primaryImageOfPage":{"@id":"https:\/\/www.11onze.cat\/es\/magazine\/plan-moves-iii-comprar-coche\/#primaryimage"},"image":{"@id":"https:\/\/www.11onze.cat\/es\/magazine\/plan-moves-iii-comprar-coche\/#primaryimage"},"thumbnailUrl":"https:\/\/www.11onze.cat\/wp-content\/uploads\/2021\/06\/THUMBNAIL_MOVESIII.jpg","datePublished":"2021-06-23T19:00:00+00:00","dateModified":"2021-06-28T08:28:04+00:00","description":"Este plan de ayuda a la compra de veh\u00edculos el\u00e9ctricos cuenta con un presupuesto de 400 millones de euros, ampliables hasta 800 millones.","breadcrumb":{"@id":"https:\/\/www.11onze.cat\/es\/magazine\/plan-moves-iii-comprar-coche\/#breadcrumb"},"inLanguage":"es","potentialAction":[{"@type":"ReadAction","target":["https:\/\/www.11onze.cat\/es\/magazine\/plan-moves-iii-comprar-coche\/"]}]},{"@type":"ImageObject","inLanguage":"es","@id":"https:\/\/www.11onze.cat\/es\/magazine\/plan-moves-iii-comprar-coche\/#primaryimage","url":"https:\/\/www.11onze.cat\/wp-content\/uploads\/2021\/06\/THUMBNAIL_MOVESIII.jpg","contentUrl":"https:\/\/www.11onze.cat\/wp-content\/uploads\/2021\/06\/THUMBNAIL_MOVESIII.jpg","width":1500,"height":844,"caption":"Business concept, car insurance, sell and buy car, car financing, car key for Vehicle Sales Agreement. New carowners are taking keys from male salespeople."},{"@type":"BreadcrumbList","@id":"https:\/\/www.11onze.cat\/es\/magazine\/plan-moves-iii-comprar-coche\/#breadcrumb","itemListElement":[{"@type":"ListItem","position":1,"name":"Home","item":"https:\/\/www.11onze.cat\/es\/"},{"@type":"ListItem","position":2,"name":"\u00bfEl plan Moves III para comprar coche es para m\u00ed?"}]},{"@type":"WebSite","@id":"https:\/\/www.11onze.cat\/es\/#website","url":"https:\/\/www.11onze.cat\/es\/","name":"11Onze","description":"Primera comunidad fintech digital en Catalu\u00f1a","publisher":{"@id":"https:\/\/www.11onze.cat\/es\/#organization"},"potentialAction":[{"@type":"SearchAction","target":{"@type":"EntryPoint","urlTemplate":"https:\/\/www.11onze.cat\/es\/?s={search_term_string}"},"query-input":{"@type":"PropertyValueSpecification","valueRequired":true,"valueName":"search_term_string"}}],"inLanguage":"es"},{"@type":"Organization","@id":"https:\/\/www.11onze.cat\/es\/#organization","name":"11Onze","url":"https:\/\/www.11onze.cat\/es\/","logo":{"@type":"ImageObject","inLanguage":"es","@id":"https:\/\/www.11onze.cat\/es\/#\/schema\/logo\/image\/","url":"https:\/\/www.11onze.cat\/wp-content\/uploads\/2021\/04\/512x512-11Onze.jpg","contentUrl":"https:\/\/www.11onze.cat\/wp-content\/uploads\/2021\/04\/512x512-11Onze.jpg","width":512,"height":512,"caption":"11Onze"},"image":{"@id":"https:\/\/www.11onze.cat\/es\/#\/schema\/logo\/image\/"},"sameAs":["https:\/\/www.facebook.com\/11OnzeComunitat","https:\/\/x.com\/11OnzeFintech","https:\/\/www.instagram.com\/11onzecat\/","https:\/\/www.linkedin.com\/company\/11onzebanc","https:\/\/www.youtube.com\/channel\/UCz63R8Byd_kBKtK2M4Qf_7w"]},{"@type":"Person","@id":"https:\/\/www.11onze.cat\/es\/#\/schema\/person\/636d99b4c82bb7178687ecd43c3a61bd","name":"Equip Editorial","image":{"@type":"ImageObject","inLanguage":"es","@id":"https:\/\/www.11onze.cat\/wp-content\/uploads\/2022\/05\/HEADER_AGENTS_DECK-300x300.jpg","url":"https:\/\/www.11onze.cat\/wp-content\/uploads\/2022\/05\/HEADER_AGENTS_DECK-300x300.jpg","contentUrl":"https:\/\/www.11onze.cat\/wp-content\/uploads\/2022\/05\/HEADER_AGENTS_DECK-300x300.jpg","caption":"Equip Editorial"},"url":"https:\/\/www.11onze.cat\/es\/magazine\/author\/equip-editorial-11onze\/"}]}},"_links":{"self":[{"href":"https:\/\/www.11onze.cat\/es\/wp-json\/wp\/v2\/posts\/11306","targetHints":{"allow":["GET"]}}],"collection":[{"href":"https:\/\/www.11onze.cat\/es\/wp-json\/wp\/v2\/posts"}],"about":[{"href":"https:\/\/www.11onze.cat\/es\/wp-json\/wp\/v2\/types\/post"}],"author":[{"embeddable":true,"href":"https:\/\/www.11onze.cat\/es\/wp-json\/wp\/v2\/users\/71"}],"replies":[{"embeddable":true,"href":"https:\/\/www.11onze.cat\/es\/wp-json\/wp\/v2\/comments?post=11306"}],"version-history":[{"count":0,"href":"https:\/\/www.11onze.cat\/es\/wp-json\/wp\/v2\/posts\/11306\/revisions"}],"wp:featuredmedia":[{"embeddable":true,"href":"https:\/\/www.11onze.cat\/es\/wp-json\/wp\/v2\/media\/11304"}],"wp:attachment":[{"href":"https:\/\/www.11onze.cat\/es\/wp-json\/wp\/v2\/media?parent=11306"}],"wp:term":[{"taxonomy":"category","embeddable":true,"href":"https:\/\/www.11onze.cat\/es\/wp-json\/wp\/v2\/categories?post=11306"},{"taxonomy":"post_tag","embeddable":true,"href":"https:\/\/www.11onze.cat\/es\/wp-json\/wp\/v2\/tags?post=11306"}],"curies":[{"name":"wp","href":"https:\/\/api.w.org\/{rel}","templated":true}]}}