{"id":10811,"date":"2021-06-13T21:00:48","date_gmt":"2021-06-13T19:00:48","guid":{"rendered":"https:\/\/www.11onze.cat\/news\/postcovid-euforia-desenfrenada-o-prudencia\/"},"modified":"2021-11-17T10:47:47","modified_gmt":"2021-11-17T09:47:47","slug":"postcovid-euforia-desenfrenada-prudencia","status":"publish","type":"post","link":"https:\/\/www.11onze.cat\/es\/magazine\/postcovid-euforia-desenfrenada-prudencia\/","title":{"rendered":"Post-COVID: \u00bfeuforia desenfrenada o prudencia?"},"content":{"rendered":"<div class=\"component text\">\n  <div class=\"container\">\n\n\n    <div class=\"row\">\n      <div class=\"col  col-lg-8  offset-lg-2\">\n        <h3><strong>El final de las medidas restrictivas causadas por la pandemia se va acercando. El levantamiento gradual hace que las calles, restaurantes y espacios tur\u00edsticos vayan llen\u00e1ndose de gente. Las ganas de volver a hacer una vida como la anterior a la Covid-19 es palpable.<\/strong><\/h3>\n<p>&nbsp;<\/p>\n<p><span style=\"font-weight: 400;\">La llegada del buen tiempo y la gradual apertura de espacios compartidos y engrosamiento de los grupos de encuentro huelen a recuperaci\u00f3n de la vida que hac\u00edamos antes del estallido de la pandemia. Pero \u00bfc\u00f3mo ser\u00e1 esta vuelta? \u00bfSer\u00e1 un estallido de euforia o ser\u00e1 controlada?<\/span><\/p>\n<p>&nbsp;<\/p>\n<h3><b>\u00bfEuforia o prudencia?<\/b><\/h3>\n<p><span style=\"font-weight: 400;\">Estas son preguntas que todo el mundo se hace. Algunas personas las responden con m\u00e1s optimismo y creen que el final de las restricciones causar\u00e1n una euforia descontrolada y la mayor\u00eda de la gente saldr\u00e1 a las calles para recuperar los ratos de encuentro y ocio que ha tenido que sacrificar a ra\u00edz de la situaci\u00f3n sanitaria vivida. Otros, sin embargo, se lo miran con m\u00e1s prudencia y dicen que se debe aprender de la situaci\u00f3n vivida, que hay que tom\u00e1rselo con calma y, incluso, hacer un cambio de paradigma a la hora de plantearnos nuestros valores ante la vida. Ambas visiones tienen efectos sobre la evoluci\u00f3n econ\u00f3mica y social del mundo globalizado que hemos creado. Porque la sociedad se pregunta si la situaci\u00f3n ha sido consecuencia del estilo de vida y econ\u00f3mico hecho hasta ahora o ha sido el azar. Seg\u00fan la respuesta que se d\u00e9, lo celebraremos de una forma o de otra.<\/span><\/p>\n<p><span style=\"font-weight: 400;\">Es en este sentido que algunos de los sectores m\u00e1s afectados por las restricciones, como por ejemplo el turismo, el ocio y la restauraci\u00f3n, que tienen que ver con recuperar el estilo de vida pasado, miran el final con un doble sentimiento de euforia y de prudencia, porque no tienen clara cu\u00e1l ser\u00e1 la reacci\u00f3n de la sociedad. Y este sentimiento de incertidumbre se ve agravado, tambi\u00e9n, por el desconocimiento de cu\u00e1l ser\u00e1 la evoluci\u00f3n definitiva y final de la pandemia, porque tenemos que recordar que esta parece remitir, pero no est\u00e1 erradicada al 100%.<\/span><\/p>\n<p>que aquesta sembla remetre, per\u00f2 no est\u00e0 erradicada al 100%.<\/p>\n\n      <\/div>\n    <\/div>\n  <\/div>\n<\/div>\n\n\n<div class=\"component gallery\">\n  <div class=\"container\">\n    <div class=\"row\">\n      <div class=\"col col-lg-10 offset-lg-1\">\n        <div id=\"slider\" class=\"carousel slide\">\n          <div class=\"carousel-inner\">\n            <div class=\"carousel-item active video-player inline-player\" data-video-id=\"6253469603001\">\n              <img decoding=\"async\" class=\"d-block w-100\" src=\"\" alt=\"\">\n              <button type=\"button\" class=\"play\"><\/button>\n              <div class=\"carousel-caption\">\n                <p>La agente 11Onze Mireia Sitj\u00e0 nos habla del peso del sector tur\u00edstico en la econom\u00eda catalana<\/p>\n              <\/div>\n            <\/div>\n          <\/div>\n        <\/div>\n      <\/div>\n    <\/div>\n  <\/div>\n<\/div>\n\n<div class=\"component text\">\n  <div class=\"container\">\n\n\n    <div class=\"row\">\n      <div class=\"col  col-lg-8  offset-lg-2\">\n        <h3><b>Responsabilidad individual<\/b><\/h3>\n<p><span style=\"font-weight: 400;\">Est\u00e1 claro que los datos que van public\u00e1ndose sobre la evoluci\u00f3n de la enfermedad se\u00f1alan que se va por buen camino. La vacunaci\u00f3n y el comportamiento responsable de la mayor\u00eda de las personas que contin\u00faan cumpliendo las indicaciones de distancia, limpieza de manos y uso de la mascarilla est\u00e1n abriendo una visi\u00f3n de futuro esperanzadora.\u00a0<\/span><\/p>\n<p><span style=\"font-weight: 400;\">Como siempre, la responsabilidad individual es clave para hacer frente con \u00e9xito al ma\u00f1ana que nos espera. La incertidumbre planea todav\u00eda sobre nosotros y hace que no podamos discernir con claridad cu\u00e1l ser\u00e1 nuestra reacci\u00f3n como sociedad cuando se anuncie que esta pesadilla ha terminado. \u00bfReaccionaremos como la sociedad de los a\u00f1os veinte del siglo pasado, con una euforia desenfrenada para celebrar el fin de la Primera Guerra Mundial y la pandemia de la fiebre espa\u00f1ola? \u00bfTendremos la reacci\u00f3n de algunos ciudadanos de la Alemania del Este cuando cay\u00f3 el Muro de Berl\u00edn? Estos, primero, se lo tomaron con alegr\u00eda y euforia, pero despu\u00e9s cayeron en una especie de depresi\u00f3n por las consecuencias de haber estado tantos a\u00f1os bajo una dictadura que los ten\u00eda vigilados y dirigidos.\u00a0<\/span><\/p>\n<p><span style=\"font-weight: 400;\">La reacci\u00f3n de cada uno de nosotros ser\u00e1 la que determinar\u00e1 el estilo global de celebraci\u00f3n del final de una situaci\u00f3n que no esper\u00e1bamos ni hab\u00edamos previsto. Pero \u00bfc\u00f3mo lo haremos? \u00bfCon euforia desenfrenada o con euforia prudente?\u00a0<\/span><\/p>\n<p>&nbsp;<\/p>\n<p><b>\u00bfQuieres ser el primero en recibir las \u00faltimas noticias sobre 11Onze? Clica <\/b><a href=\"https:\/\/t.me\/ONZEbanc\"><b>aqu\u00ed<\/b><\/a><b> para suscribirte a nuestro canal de <\/b><a href=\"https:\/\/t.me\/ONZEbanc\"><b>Telegram<\/b><\/a><\/p>\n\n      <\/div>\n    <\/div>\n  <\/div>\n<\/div>\n\n\n<div class=\"component cards\">\n  <div class=\"container\">\n    <div class=\"row\">\n      <div class=\"col col-xl-8 offset-xl-2\">\n        <h1>Si te ha gustado este art\u00edculo, te recomendamos:<\/h1>\n        <div class=\"cards__wrapper\">\n          <div class=\"card\">\n            <a href=\"https:\/\/www.11onze.cat\/es\/magazine\/productos-proximidad-opcion-preferente-catalanes\/\" class=\"card-link\" target=\"_self\"><\/a>\n            <div class=\"card-img\">\n              <img decoding=\"async\" src=\"https:\/\/www.11onze.cat\/wp-content\/uploads\/2021\/04\/THUMBNAIL_POST_54.png\" class=\"card-img-top\" alt=\"\">\n                <span class=\"card-category\">Econom\u00eda<\/span>\n            <\/div>\n            <div class=\"card-body\">\n              <p class=\"card-title p2\"><strong>Productos de proximidad<\/strong><\/p>\n              <span class=\"card-time\">7min lectura<\/span>\n              <p class=\"card-text small\">La apuesta por la compra de proximidad es la primera pieza<\/p>\n            <\/div>\n          <\/div>\n\n\n          <div class=\"card\">\n            <a href=\"https:\/\/www.11onze.cat\/es\/magazine\/como-seran-proximas-rebajas\/\" class=\"card-link\" target=\"_self\"><\/a>\n            <div class=\"card-img\">\n              <img decoding=\"async\" src=\"https:\/\/www.11onze.cat\/wp-content\/uploads\/2021\/06\/THUMBNAIL_REBAIXES-800x534.jpg\" class=\"card-img-top\" alt=\"\">\n                <span class=\"card-category\">Comunidad<\/span>\n            <\/div>\n            <div class=\"card-body\">\n              <p class=\"card-title p2\"><strong>Pr\u00f3ximas rebajas<\/strong><\/p>\n              <span class=\"card-time\">5min lectura<\/span>\n              <p class=\"card-text small\">El mundo de la moda ha sufrido una de las ca\u00eddas m\u00e1s importantes de la historia.<\/p>\n            <\/div>\n          <\/div>\n\n\n          <div class=\"card\">\n            <a href=\"https:\/\/www.11onze.cat\/es\/magazine\/consejos-vacaciones-verano-sostenibles\/\" class=\"card-link\" target=\"_self\"><\/a>\n            <div class=\"card-img\">\n              <img decoding=\"async\" src=\"https:\/\/www.11onze.cat\/wp-content\/uploads\/2021\/04\/THUMBNAIL_POST_9-1.jpg\" class=\"card-img-top\" alt=\"\">\n                <span class=\"card-category\">Sostenibilidad<\/span>\n            <\/div>\n            <div class=\"card-body\">\n              <p class=\"card-title p2\"><strong>Alojamiento en vacaciones<\/strong><\/p>\n              <span class=\"card-time\">4min lectura<\/span>\n              <p class=\"card-text small\">Precio, sostenibilidad, ubicaci\u00f3n y conciencia. Factores que hay<\/p>\n            <\/div>\n          <\/div>\n\n              <\/div>\n              <br>\n              <br>\n              <div class=\"cards__wrapper\">\n\n        <\/div>\n      <\/div>\n    <\/div>\n  <\/div>\n<\/div>","protected":false},"excerpt":{"rendered":"","protected":false},"author":71,"featured_media":10846,"comment_status":"open","ping_status":"closed","sticky":false,"template":"","format":"standard","meta":{"_acf_changed":false,"content-type":"","footnotes":""},"categories":[28],"tags":[166],"class_list":["post-10811","post","type-post","status-publish","format-standard","has-post-thumbnail","hentry","category-sin-categorizar","tag-comunidad"],"acf":[],"yoast_head":"<!-- This site is optimized with the Yoast SEO plugin v27.5 - https:\/\/yoast.com\/product\/yoast-seo-wordpress\/ -->\n<title>Postcovid: euforia desenfrenada o prudencia - 11ONZE<\/title>\n<meta name=\"description\" content=\"El final de las medidas restrictivas causadas por la pandemia se acerca, como ser\u00e1 esta vuelta a la vida anterior a la covid-19.\" \/>\n<meta name=\"robots\" content=\"index, follow, max-snippet:-1, max-image-preview:large, max-video-preview:-1\" \/>\n<link rel=\"canonical\" href=\"https:\/\/www.11onze.cat\/es\/magazine\/postcovid-euforia-desenfrenada-prudencia\/\" \/>\n<meta property=\"og:locale\" content=\"es_ES\" \/>\n<meta property=\"og:type\" content=\"article\" \/>\n<meta property=\"og:title\" content=\"Postcovid: euforia desenfrenada o prudencia - 11ONZE\" \/>\n<meta property=\"og:description\" content=\"El final de las medidas restrictivas causadas por la pandemia se acerca, como ser\u00e1 esta vuelta a la vida anterior a la covid-19.\" \/>\n<meta property=\"og:url\" content=\"https:\/\/www.11onze.cat\/es\/magazine\/postcovid-euforia-desenfrenada-prudencia\/\" \/>\n<meta property=\"og:site_name\" content=\"11Onze\" \/>\n<meta property=\"article:publisher\" content=\"https:\/\/www.facebook.com\/11OnzeComunitat\" \/>\n<meta property=\"article:published_time\" content=\"2021-06-13T19:00:48+00:00\" \/>\n<meta property=\"article:modified_time\" content=\"2021-11-17T09:47:47+00:00\" \/>\n<meta property=\"og:image\" content=\"https:\/\/www.11onze.cat\/wp-content\/uploads\/2021\/06\/11ONZE_POSTCOVID_EUFORIA_DESENFRENADA_PRUDENCIA.jpg\" \/>\n\t<meta property=\"og:image:width\" content=\"1200\" \/>\n\t<meta property=\"og:image:height\" content=\"675\" \/>\n\t<meta property=\"og:image:type\" content=\"image\/jpeg\" \/>\n<meta name=\"author\" content=\"Equip Editorial\" \/>\n<meta name=\"twitter:card\" content=\"summary_large_image\" \/>\n<meta name=\"twitter:image\" content=\"https:\/\/www.11onze.cat\/wp-content\/uploads\/2021\/06\/11ONZE_POSTCOVID_EUFORIA_DESENFRENADA_PRUDENCIA.jpg\" \/>\n<meta name=\"twitter:creator\" content=\"@11OnzeFintech\" \/>\n<meta name=\"twitter:site\" content=\"@11OnzeFintech\" \/>\n<meta name=\"twitter:label1\" content=\"Escrito por\" \/>\n\t<meta name=\"twitter:data1\" content=\"Equip Editorial\" \/>\n<script type=\"application\/ld+json\" class=\"yoast-schema-graph\">{\"@context\":\"https:\\\/\\\/schema.org\",\"@graph\":[{\"@type\":\"Article\",\"@id\":\"https:\\\/\\\/www.11onze.cat\\\/es\\\/magazine\\\/postcovid-euforia-desenfrenada-prudencia\\\/#article\",\"isPartOf\":{\"@id\":\"https:\\\/\\\/www.11onze.cat\\\/es\\\/magazine\\\/postcovid-euforia-desenfrenada-prudencia\\\/\"},\"author\":{\"name\":\"Equip Editorial\",\"@id\":\"https:\\\/\\\/www.11onze.cat\\\/es\\\/#\\\/schema\\\/person\\\/636d99b4c82bb7178687ecd43c3a61bd\"},\"headline\":\"Post-COVID: \u00bfeuforia desenfrenada o prudencia?\",\"datePublished\":\"2021-06-13T19:00:48+00:00\",\"dateModified\":\"2021-11-17T09:47:47+00:00\",\"mainEntityOfPage\":{\"@id\":\"https:\\\/\\\/www.11onze.cat\\\/es\\\/magazine\\\/postcovid-euforia-desenfrenada-prudencia\\\/\"},\"wordCount\":5,\"commentCount\":2,\"publisher\":{\"@id\":\"https:\\\/\\\/www.11onze.cat\\\/es\\\/#organization\"},\"image\":{\"@id\":\"https:\\\/\\\/www.11onze.cat\\\/es\\\/magazine\\\/postcovid-euforia-desenfrenada-prudencia\\\/#primaryimage\"},\"thumbnailUrl\":\"https:\\\/\\\/www.11onze.cat\\\/wp-content\\\/uploads\\\/2021\\\/06\\\/THUMBNAIL_EUFORIA_POSTCOVID.jpg\",\"keywords\":[\"Comunidad\"],\"articleSection\":[\"Sin categorizar\"],\"inLanguage\":\"es\",\"potentialAction\":[{\"@type\":\"CommentAction\",\"name\":\"Comment\",\"target\":[\"https:\\\/\\\/www.11onze.cat\\\/es\\\/magazine\\\/postcovid-euforia-desenfrenada-prudencia\\\/#respond\"]}]},{\"@type\":\"WebPage\",\"@id\":\"https:\\\/\\\/www.11onze.cat\\\/es\\\/magazine\\\/postcovid-euforia-desenfrenada-prudencia\\\/\",\"url\":\"https:\\\/\\\/www.11onze.cat\\\/es\\\/magazine\\\/postcovid-euforia-desenfrenada-prudencia\\\/\",\"name\":\"Postcovid: euforia desenfrenada o prudencia - 11ONZE\",\"isPartOf\":{\"@id\":\"https:\\\/\\\/www.11onze.cat\\\/es\\\/#website\"},\"primaryImageOfPage\":{\"@id\":\"https:\\\/\\\/www.11onze.cat\\\/es\\\/magazine\\\/postcovid-euforia-desenfrenada-prudencia\\\/#primaryimage\"},\"image\":{\"@id\":\"https:\\\/\\\/www.11onze.cat\\\/es\\\/magazine\\\/postcovid-euforia-desenfrenada-prudencia\\\/#primaryimage\"},\"thumbnailUrl\":\"https:\\\/\\\/www.11onze.cat\\\/wp-content\\\/uploads\\\/2021\\\/06\\\/THUMBNAIL_EUFORIA_POSTCOVID.jpg\",\"datePublished\":\"2021-06-13T19:00:48+00:00\",\"dateModified\":\"2021-11-17T09:47:47+00:00\",\"description\":\"El final de las medidas restrictivas causadas por la pandemia se acerca, como ser\u00e1 esta vuelta a la vida anterior a la covid-19.\",\"breadcrumb\":{\"@id\":\"https:\\\/\\\/www.11onze.cat\\\/es\\\/magazine\\\/postcovid-euforia-desenfrenada-prudencia\\\/#breadcrumb\"},\"inLanguage\":\"es\",\"potentialAction\":[{\"@type\":\"ReadAction\",\"target\":[\"https:\\\/\\\/www.11onze.cat\\\/es\\\/magazine\\\/postcovid-euforia-desenfrenada-prudencia\\\/\"]}]},{\"@type\":\"ImageObject\",\"inLanguage\":\"es\",\"@id\":\"https:\\\/\\\/www.11onze.cat\\\/es\\\/magazine\\\/postcovid-euforia-desenfrenada-prudencia\\\/#primaryimage\",\"url\":\"https:\\\/\\\/www.11onze.cat\\\/wp-content\\\/uploads\\\/2021\\\/06\\\/THUMBNAIL_EUFORIA_POSTCOVID.jpg\",\"contentUrl\":\"https:\\\/\\\/www.11onze.cat\\\/wp-content\\\/uploads\\\/2021\\\/06\\\/THUMBNAIL_EUFORIA_POSTCOVID.jpg\",\"width\":1500,\"height\":1000},{\"@type\":\"BreadcrumbList\",\"@id\":\"https:\\\/\\\/www.11onze.cat\\\/es\\\/magazine\\\/postcovid-euforia-desenfrenada-prudencia\\\/#breadcrumb\",\"itemListElement\":[{\"@type\":\"ListItem\",\"position\":1,\"name\":\"Home\",\"item\":\"https:\\\/\\\/www.11onze.cat\\\/es\\\/\"},{\"@type\":\"ListItem\",\"position\":2,\"name\":\"Post-COVID: \u00bfeuforia desenfrenada o prudencia?\"}]},{\"@type\":\"WebSite\",\"@id\":\"https:\\\/\\\/www.11onze.cat\\\/es\\\/#website\",\"url\":\"https:\\\/\\\/www.11onze.cat\\\/es\\\/\",\"name\":\"11Onze\",\"description\":\"Primera comunidad fintech digital en Catalu\u00f1a\",\"publisher\":{\"@id\":\"https:\\\/\\\/www.11onze.cat\\\/es\\\/#organization\"},\"potentialAction\":[{\"@type\":\"SearchAction\",\"target\":{\"@type\":\"EntryPoint\",\"urlTemplate\":\"https:\\\/\\\/www.11onze.cat\\\/es\\\/?s={search_term_string}\"},\"query-input\":{\"@type\":\"PropertyValueSpecification\",\"valueRequired\":true,\"valueName\":\"search_term_string\"}}],\"inLanguage\":\"es\"},{\"@type\":\"Organization\",\"@id\":\"https:\\\/\\\/www.11onze.cat\\\/es\\\/#organization\",\"name\":\"11Onze\",\"url\":\"https:\\\/\\\/www.11onze.cat\\\/es\\\/\",\"logo\":{\"@type\":\"ImageObject\",\"inLanguage\":\"es\",\"@id\":\"https:\\\/\\\/www.11onze.cat\\\/es\\\/#\\\/schema\\\/logo\\\/image\\\/\",\"url\":\"https:\\\/\\\/www.11onze.cat\\\/wp-content\\\/uploads\\\/2021\\\/04\\\/512x512-11Onze.jpg\",\"contentUrl\":\"https:\\\/\\\/www.11onze.cat\\\/wp-content\\\/uploads\\\/2021\\\/04\\\/512x512-11Onze.jpg\",\"width\":512,\"height\":512,\"caption\":\"11Onze\"},\"image\":{\"@id\":\"https:\\\/\\\/www.11onze.cat\\\/es\\\/#\\\/schema\\\/logo\\\/image\\\/\"},\"sameAs\":[\"https:\\\/\\\/www.facebook.com\\\/11OnzeComunitat\",\"https:\\\/\\\/x.com\\\/11OnzeFintech\",\"https:\\\/\\\/www.instagram.com\\\/11onzecat\\\/\",\"https:\\\/\\\/www.linkedin.com\\\/company\\\/11onzebanc\",\"https:\\\/\\\/www.youtube.com\\\/channel\\\/UCz63R8Byd_kBKtK2M4Qf_7w\"]},{\"@type\":\"Person\",\"@id\":\"https:\\\/\\\/www.11onze.cat\\\/es\\\/#\\\/schema\\\/person\\\/636d99b4c82bb7178687ecd43c3a61bd\",\"name\":\"Equip Editorial\",\"image\":{\"@type\":\"ImageObject\",\"inLanguage\":\"es\",\"@id\":\"https:\\\/\\\/www.11onze.cat\\\/wp-content\\\/uploads\\\/2022\\\/05\\\/HEADER_AGENTS_DECK-300x300.jpg\",\"url\":\"https:\\\/\\\/www.11onze.cat\\\/wp-content\\\/uploads\\\/2022\\\/05\\\/HEADER_AGENTS_DECK-300x300.jpg\",\"contentUrl\":\"https:\\\/\\\/www.11onze.cat\\\/wp-content\\\/uploads\\\/2022\\\/05\\\/HEADER_AGENTS_DECK-300x300.jpg\",\"caption\":\"Equip Editorial\"},\"url\":\"https:\\\/\\\/www.11onze.cat\\\/es\\\/magazine\\\/author\\\/equip-editorial-11onze\\\/\"}]}<\/script>\n<!-- \/ Yoast SEO plugin. -->","yoast_head_json":{"title":"Postcovid: euforia desenfrenada o prudencia - 11ONZE","description":"El final de las medidas restrictivas causadas por la pandemia se acerca, como ser\u00e1 esta vuelta a la vida anterior a la covid-19.","robots":{"index":"index","follow":"follow","max-snippet":"max-snippet:-1","max-image-preview":"max-image-preview:large","max-video-preview":"max-video-preview:-1"},"canonical":"https:\/\/www.11onze.cat\/es\/magazine\/postcovid-euforia-desenfrenada-prudencia\/","og_locale":"es_ES","og_type":"article","og_title":"Postcovid: euforia desenfrenada o prudencia - 11ONZE","og_description":"El final de las medidas restrictivas causadas por la pandemia se acerca, como ser\u00e1 esta vuelta a la vida anterior a la covid-19.","og_url":"https:\/\/www.11onze.cat\/es\/magazine\/postcovid-euforia-desenfrenada-prudencia\/","og_site_name":"11Onze","article_publisher":"https:\/\/www.facebook.com\/11OnzeComunitat","article_published_time":"2021-06-13T19:00:48+00:00","article_modified_time":"2021-11-17T09:47:47+00:00","og_image":[{"width":1200,"height":675,"url":"https:\/\/www.11onze.cat\/wp-content\/uploads\/2021\/06\/11ONZE_POSTCOVID_EUFORIA_DESENFRENADA_PRUDENCIA.jpg","type":"image\/jpeg"}],"author":"Equip Editorial","twitter_card":"summary_large_image","twitter_image":"https:\/\/www.11onze.cat\/wp-content\/uploads\/2021\/06\/11ONZE_POSTCOVID_EUFORIA_DESENFRENADA_PRUDENCIA.jpg","twitter_creator":"@11OnzeFintech","twitter_site":"@11OnzeFintech","twitter_misc":{"Escrito por":"Equip Editorial"},"schema":{"@context":"https:\/\/schema.org","@graph":[{"@type":"Article","@id":"https:\/\/www.11onze.cat\/es\/magazine\/postcovid-euforia-desenfrenada-prudencia\/#article","isPartOf":{"@id":"https:\/\/www.11onze.cat\/es\/magazine\/postcovid-euforia-desenfrenada-prudencia\/"},"author":{"name":"Equip Editorial","@id":"https:\/\/www.11onze.cat\/es\/#\/schema\/person\/636d99b4c82bb7178687ecd43c3a61bd"},"headline":"Post-COVID: \u00bfeuforia desenfrenada o prudencia?","datePublished":"2021-06-13T19:00:48+00:00","dateModified":"2021-11-17T09:47:47+00:00","mainEntityOfPage":{"@id":"https:\/\/www.11onze.cat\/es\/magazine\/postcovid-euforia-desenfrenada-prudencia\/"},"wordCount":5,"commentCount":2,"publisher":{"@id":"https:\/\/www.11onze.cat\/es\/#organization"},"image":{"@id":"https:\/\/www.11onze.cat\/es\/magazine\/postcovid-euforia-desenfrenada-prudencia\/#primaryimage"},"thumbnailUrl":"https:\/\/www.11onze.cat\/wp-content\/uploads\/2021\/06\/THUMBNAIL_EUFORIA_POSTCOVID.jpg","keywords":["Comunidad"],"articleSection":["Sin categorizar"],"inLanguage":"es","potentialAction":[{"@type":"CommentAction","name":"Comment","target":["https:\/\/www.11onze.cat\/es\/magazine\/postcovid-euforia-desenfrenada-prudencia\/#respond"]}]},{"@type":"WebPage","@id":"https:\/\/www.11onze.cat\/es\/magazine\/postcovid-euforia-desenfrenada-prudencia\/","url":"https:\/\/www.11onze.cat\/es\/magazine\/postcovid-euforia-desenfrenada-prudencia\/","name":"Postcovid: euforia desenfrenada o prudencia - 11ONZE","isPartOf":{"@id":"https:\/\/www.11onze.cat\/es\/#website"},"primaryImageOfPage":{"@id":"https:\/\/www.11onze.cat\/es\/magazine\/postcovid-euforia-desenfrenada-prudencia\/#primaryimage"},"image":{"@id":"https:\/\/www.11onze.cat\/es\/magazine\/postcovid-euforia-desenfrenada-prudencia\/#primaryimage"},"thumbnailUrl":"https:\/\/www.11onze.cat\/wp-content\/uploads\/2021\/06\/THUMBNAIL_EUFORIA_POSTCOVID.jpg","datePublished":"2021-06-13T19:00:48+00:00","dateModified":"2021-11-17T09:47:47+00:00","description":"El final de las medidas restrictivas causadas por la pandemia se acerca, como ser\u00e1 esta vuelta a la vida anterior a la covid-19.","breadcrumb":{"@id":"https:\/\/www.11onze.cat\/es\/magazine\/postcovid-euforia-desenfrenada-prudencia\/#breadcrumb"},"inLanguage":"es","potentialAction":[{"@type":"ReadAction","target":["https:\/\/www.11onze.cat\/es\/magazine\/postcovid-euforia-desenfrenada-prudencia\/"]}]},{"@type":"ImageObject","inLanguage":"es","@id":"https:\/\/www.11onze.cat\/es\/magazine\/postcovid-euforia-desenfrenada-prudencia\/#primaryimage","url":"https:\/\/www.11onze.cat\/wp-content\/uploads\/2021\/06\/THUMBNAIL_EUFORIA_POSTCOVID.jpg","contentUrl":"https:\/\/www.11onze.cat\/wp-content\/uploads\/2021\/06\/THUMBNAIL_EUFORIA_POSTCOVID.jpg","width":1500,"height":1000},{"@type":"BreadcrumbList","@id":"https:\/\/www.11onze.cat\/es\/magazine\/postcovid-euforia-desenfrenada-prudencia\/#breadcrumb","itemListElement":[{"@type":"ListItem","position":1,"name":"Home","item":"https:\/\/www.11onze.cat\/es\/"},{"@type":"ListItem","position":2,"name":"Post-COVID: \u00bfeuforia desenfrenada o prudencia?"}]},{"@type":"WebSite","@id":"https:\/\/www.11onze.cat\/es\/#website","url":"https:\/\/www.11onze.cat\/es\/","name":"11Onze","description":"Primera comunidad fintech digital en Catalu\u00f1a","publisher":{"@id":"https:\/\/www.11onze.cat\/es\/#organization"},"potentialAction":[{"@type":"SearchAction","target":{"@type":"EntryPoint","urlTemplate":"https:\/\/www.11onze.cat\/es\/?s={search_term_string}"},"query-input":{"@type":"PropertyValueSpecification","valueRequired":true,"valueName":"search_term_string"}}],"inLanguage":"es"},{"@type":"Organization","@id":"https:\/\/www.11onze.cat\/es\/#organization","name":"11Onze","url":"https:\/\/www.11onze.cat\/es\/","logo":{"@type":"ImageObject","inLanguage":"es","@id":"https:\/\/www.11onze.cat\/es\/#\/schema\/logo\/image\/","url":"https:\/\/www.11onze.cat\/wp-content\/uploads\/2021\/04\/512x512-11Onze.jpg","contentUrl":"https:\/\/www.11onze.cat\/wp-content\/uploads\/2021\/04\/512x512-11Onze.jpg","width":512,"height":512,"caption":"11Onze"},"image":{"@id":"https:\/\/www.11onze.cat\/es\/#\/schema\/logo\/image\/"},"sameAs":["https:\/\/www.facebook.com\/11OnzeComunitat","https:\/\/x.com\/11OnzeFintech","https:\/\/www.instagram.com\/11onzecat\/","https:\/\/www.linkedin.com\/company\/11onzebanc","https:\/\/www.youtube.com\/channel\/UCz63R8Byd_kBKtK2M4Qf_7w"]},{"@type":"Person","@id":"https:\/\/www.11onze.cat\/es\/#\/schema\/person\/636d99b4c82bb7178687ecd43c3a61bd","name":"Equip Editorial","image":{"@type":"ImageObject","inLanguage":"es","@id":"https:\/\/www.11onze.cat\/wp-content\/uploads\/2022\/05\/HEADER_AGENTS_DECK-300x300.jpg","url":"https:\/\/www.11onze.cat\/wp-content\/uploads\/2022\/05\/HEADER_AGENTS_DECK-300x300.jpg","contentUrl":"https:\/\/www.11onze.cat\/wp-content\/uploads\/2022\/05\/HEADER_AGENTS_DECK-300x300.jpg","caption":"Equip Editorial"},"url":"https:\/\/www.11onze.cat\/es\/magazine\/author\/equip-editorial-11onze\/"}]}},"_links":{"self":[{"href":"https:\/\/www.11onze.cat\/es\/wp-json\/wp\/v2\/posts\/10811","targetHints":{"allow":["GET"]}}],"collection":[{"href":"https:\/\/www.11onze.cat\/es\/wp-json\/wp\/v2\/posts"}],"about":[{"href":"https:\/\/www.11onze.cat\/es\/wp-json\/wp\/v2\/types\/post"}],"author":[{"embeddable":true,"href":"https:\/\/www.11onze.cat\/es\/wp-json\/wp\/v2\/users\/71"}],"replies":[{"embeddable":true,"href":"https:\/\/www.11onze.cat\/es\/wp-json\/wp\/v2\/comments?post=10811"}],"version-history":[{"count":0,"href":"https:\/\/www.11onze.cat\/es\/wp-json\/wp\/v2\/posts\/10811\/revisions"}],"wp:featuredmedia":[{"embeddable":true,"href":"https:\/\/www.11onze.cat\/es\/wp-json\/wp\/v2\/media\/10846"}],"wp:attachment":[{"href":"https:\/\/www.11onze.cat\/es\/wp-json\/wp\/v2\/media?parent=10811"}],"wp:term":[{"taxonomy":"category","embeddable":true,"href":"https:\/\/www.11onze.cat\/es\/wp-json\/wp\/v2\/categories?post=10811"},{"taxonomy":"post_tag","embeddable":true,"href":"https:\/\/www.11onze.cat\/es\/wp-json\/wp\/v2\/tags?post=10811"}],"curies":[{"name":"wp","href":"https:\/\/api.w.org\/{rel}","templated":true}]}}