{"id":10194,"date":"2021-05-31T19:55:44","date_gmt":"2021-05-31T17:55:44","guid":{"rendered":"https:\/\/www.11onze.cat\/?p=10194"},"modified":"2021-06-02T13:12:55","modified_gmt":"2021-06-02T11:12:55","slug":"nueva-tarifa-electrica-como-afecta","status":"publish","type":"post","link":"https:\/\/www.11onze.cat\/es\/magazine\/nueva-tarifa-electrica-como-afecta\/","title":{"rendered":"Nueva tarifa el\u00e9ctrica: \u00bfc\u00f3mo te afecta?"},"content":{"rendered":"<div class=\"component text\">\n  <div class=\"container\">\n\n\n    <div class=\"row\">\n      <div class=\"col  col-lg-8  offset-lg-2\">\n        <h3><b>La nueva factura de la luz entra en vigor a partir del 1 de junio. Se aplicar\u00e1n cambios en los tramos horarios de consumo y se introduce la posibilidad de contratar dos potencias de suministro diferentes por un mismo d\u00eda.<\/b><\/h3>\n<p>&nbsp;<\/p>\n<p><span style=\"font-weight: 400;\">Esta nueva factura \u00abfomentar\u00e1 el ahorro energ\u00e9tico, la eficiencia, el autoconsumo, y el despliegue del veh\u00edculo el\u00e9ctrico\u00bb. O al menos esto nos dicen desde <\/span><a href=\"https:\/\/www.miteco.gob.es\/es\/prensa\/ultimas-noticias\/la-nueva-factura-el%C3%A9ctrica-que-entrar%C3%A1-en-vigor-el-pr%C3%B3ximo-1-de-junio-fomentar%C3%A1-el-ahorro-energ%C3%A9tico-la-eficiencia-el-autoconsumo-y-el-despliegu\/tcm:30-525865\"><span style=\"font-weight: 400;\">El Ministerio para la Transici\u00f3n Ecol\u00f3gica y lo Reto Demogr\u00e1fico<\/span><\/a><span style=\"font-weight: 400;\">.<\/span><\/p>\n<p><span style=\"font-weight: 400;\">Est\u00e1 pensada para modificar nuestros h\u00e1bitos de consumo y aplicar\u00e1 diferentes precios basados en tres tramos horarios y en funci\u00f3n de si se trata de d\u00edas laborables, fin de semana o festivos. Eso s\u00ed, solo afectar\u00e1 a los consumidores dom\u00e9sticos y peque\u00f1os negocios del mercado regulado, el llamado Precio Voluntario al Peque\u00f1o Consumidor (<\/span><a href=\"https:\/\/www.ree.es\/es\/actividades\/operacion-del-sistema-electrico\/precio-voluntario-pequeno-consumidor-pvpc\"><span style=\"font-weight: 400;\">PVPC<\/span><\/a><span style=\"font-weight: 400;\">), y que tengan una potencia contratada inferior a los 15 kW.<\/span><\/p>\n<p><b>Tres franjas de consumo<\/b><\/p>\n<p><span style=\"font-weight: 400;\">Se establecen tres franjas horarias con diferentes peajes y cargos. El coste de la luz en el tramo Valle ser\u00e1 hasta un 95% m\u00e1s barata que en el tramo Punta, y es por eso que se recomienda intentar concentrar la mayor parte de nuestro consumo el\u00e9ctrico en esta franja horaria entre la medianoche y las 8:00 de la ma\u00f1ana.<\/span><\/p>\n\n      <\/div>\n    <\/div>\n  <\/div>\n<\/div>\n\n\n<div class=\"component gallery\">\n  <div class=\"container\">\n    <div class=\"row\">\n      <div class=\"col col-lg-10 offset-lg-1\">\n        <div id=\"slider_1\" class=\"carousel slide\" data-wrap=\"false\" data-interval=\"false\">\n          <div class=\"carousel-inner\">\n            <div class=\"carousel-item active\">\n              <img decoding=\"async\" class=\"d-block w-100\" src=\"https:\/\/www.11onze.cat\/wp-content\/uploads\/2021\/05\/IMAGE_FRANJA_ELECTRICA_HORARIS-copia-1.jpg\" alt=\"\">\n              <div class=\"carousel-caption\">\n                \n              <\/div>\n            <\/div>\n          <\/div>\n        <\/div>\n      <\/div>\n    <\/div>\n  <\/div>\n<\/div>\n\n<div class=\"component text\">\n  <div class=\"container\">\n\n\n    <div class=\"row\">\n      <div class=\"col  col-lg-8  offset-lg-2\">\n        <ul>\n<li><b>Punta<\/b><span style=\"font-weight: 400;\">, la m\u00e1s cara. D\u00edas laborables de las 10\u202fh a las 14\u202fh y de las 18\u202fh a las 22\u202fh.<\/span><\/li>\n<li><b>Plana<\/b><span style=\"font-weight: 400;\">, la de precio mediano. D\u00edas laborables de las 8\u202fh a las 10\u202fh, de las 14\u202fh a las 18\u202fh y de las 22\u202fh a medianoche.<\/span><\/li>\n<li><b>Valle<\/b><span>, la m\u00e1s barata. D\u00edas laborables desde medianoche hasta las 8.00 y tambi\u00e9n todos los fines de semana y festivos estatales.<\/span><\/li>\n<\/ul>\n\n      <\/div>\n    <\/div>\n  <\/div>\n<\/div>\n\n\n<div class=\"component text\">\n  <div class=\"container\">\n\n\n    <div class=\"row\">\n      <div class=\"col  col-lg-8  offset-lg-2\">\n        <p><b>Dos potencias diferentes<\/b><\/p>\n<p><span style=\"font-weight: 400;\">Hasta ahora solo pod\u00edamos contratar una potencia, pero con la nueva tarifa podemos contratar dos diferentes, a pesar de que si no especificamos lo contrario ser\u00e1n de la misma potencia.<\/span><\/p>\n<p><span style=\"font-weight: 400;\">Un cambio interesante para los consumidores que tengan un coche el\u00e9ctrico con punto de carga a casa, y que podr\u00e1n contratar la potencia m\u00e1s alta en el tramo m\u00e1s barato y as\u00ed aprovechar para cargar las bater\u00edas a un precio casi simb\u00f3lico de 1,42 \u20ac por kW contratado (<\/span><a href=\"https:\/\/www.ocu.org\/organizacion\/prensa\/notas-de-prensa\/2021\/nuevatarifaelectrica170521\"><span style=\"font-weight: 400;\">OCU<\/span><\/a><span style=\"font-weight: 400;\">). De igual manera, los consumidores que tienen calefacci\u00f3n por acumuladores de calor, y que se beneficiar\u00e1n de la posibilidad de cargar las reservas de calor en el periodo de potencia m\u00e1s alta con la tarifa m\u00e1s baja.<\/span><\/p>\n<p><b>\u00bfQuiere esto decir qu\u00e9 pagar\u00e9 m\u00e1s, o menos?<\/b><\/p>\n<p><span style=\"font-weight: 400;\">Pues depender\u00e1 de cada hogar y de la distribuci\u00f3n del consumo que haga. Si ya ten\u00edamos contratada una discriminaci\u00f3n horaria que inclu\u00eda horas de la ma\u00f1ana, nos tendremos que adaptar a las nuevas franjas si no queremos que aumente el recibo de la luz, puesto que una buena parte de estas horas, que hasta ahora ten\u00edan la tarifa m\u00e1s barata, pasan a tener la m\u00e1s cara.<\/span><\/p>\n<p><span style=\"font-weight: 400;\">Por otro lado, si ajustamos la potencia contratada y cogemos la costumbre de poner lavadoras y secadoras el fin de semana o durante la noche, nos compensar\u00e1 con facturas anuales m\u00e1s reducidas.<\/span><\/p>\n<p><b>Entonces, \u00bfestos cambios no afectan los consumidores que est\u00e9n al mercado libre?<\/b><\/p>\n<p><span style=\"font-weight: 400;\">Indirectamente posiblemente s\u00ed, puesto que independientemente del contrato que hayamos firmado, es habitual que las comercializadoras se reserven el derecho de trasladar a los clientes cualquier cambio legislativo en referencia a peajes o cargos, y por eso hay que estar atento a cualquier carta que recibamos por parte de nuestra comercializadora indicando cambios en el contrato.<\/span><\/p>\n<p><b>Una factura m\u00e1s simplificada, o no<\/b><\/p>\n<p><span style=\"font-weight: 400;\">A pesar de que ser\u00e1 m\u00e1s corta, solo dos hojas, tendr\u00e1 m\u00e1s informaci\u00f3n, como las dos nuevas potencias y las tres franjas de energ\u00eda. Y tambi\u00e9n se incluye un c\u00f3digo QR con el cual podremos acceder al comparador de ofertas disponibles de la Comisi\u00f3n Nacional de los Mercados y la Competencia (<\/span><a href=\"https:\/\/comparador.cnmc.gob.es\/\"><span style=\"font-weight: 400;\">CNMC<\/span><\/a><span style=\"font-weight: 400;\">).<\/span><\/p>\n<p><span style=\"font-weight: 400;\">Evidentemente, ninguno de estos cambios afectan al oligopolio que las grandes el\u00e9ctricas todav\u00eda tienen en nuestro mercado nacional, todo y la relativa fragmentaci\u00f3n de las comercializadoras alternativas, y que garantiza que una bajada significativa de los precios de la luz siga siendo, desgraciadamente, una utop\u00eda. Pero en cualquier caso ya tenemos deberes pendientes, cuando menos, para evitar que nos aumente el recibo de la luz.<\/span><\/p>\n<p>&nbsp;<\/p>\n<p><b>\u00bfQuieres ser el primero en recibir las \u00faltimas noticias sobre 11Onze? Clica <\/b><a href=\"https:\/\/t.me\/ONZEbanc\"><b>aqu\u00ed<\/b><\/a><b> para suscribirte a nuestro canal de <\/b><a href=\"https:\/\/t.me\/ONZEbanc\"><b>Telegram<\/b><\/a><\/p>\n\n      <\/div>\n    <\/div>\n  <\/div>\n<\/div>\n\n\n<div class=\"component gallery\">\n  <div class=\"container\">\n    <div class=\"row\">\n      <div class=\"col col-lg-10 offset-lg-1\">\n        <div id=\"slider\" class=\"carousel slide\">\n          <div class=\"carousel-inner\">\n            <div class=\"carousel-item active video-player inline-player\" data-video-id=\"6249156057001\">\n              <img decoding=\"async\" class=\"d-block w-100\" src=\"https:\/\/www.11onze.cat\/wp-content\/uploads\/2021\/05\/THUMBNAIL_SILVIA_VIDEO.jpg\" alt=\"\">\n              <button type=\"button\" class=\"play\"><\/button>\n              <div class=\"carousel-caption\">\n                <p>Silvia nos habla de la instalaci\u00f3n de energ\u00edas renovables en el hogar<\/p>\n              <\/div>\n            <\/div>\n          <\/div>\n        <\/div>\n      <\/div>\n    <\/div>\n  <\/div>\n<\/div>\n\n<div class=\"component cards\">\n  <div class=\"container\">\n    <div class=\"row\">\n      <div class=\"col col-xl-8 offset-xl-2\">\n        <h1>Si te ha gustado la not\u00edcia, recomendamos:<\/h1>\n        <div class=\"cards__wrapper\">\n          <div class=\"card\">\n            <a href=\"https:\/\/www.11onze.cat\/es\/magazine\/autoconsumo-fotovoltaico\/\" class=\"card-link\" target=\"_self\"><\/a>\n            <div class=\"card-img\">\n              <img decoding=\"async\" src=\"https:\/\/www.11onze.cat\/wp-content\/uploads\/2021\/05\/THUMBNAIL_POST_PLAQUES_SOLARS_LLAR-800x535.jpg\" class=\"card-img-top\" alt=\"\">\n                <span class=\"card-category\">Sostenibilidad<\/span>\n            <\/div>\n            <div class=\"card-body\">\n              <p class=\"card-title p2\"><strong>Autoconsumo fotovoltaico<\/strong><\/p>\n              <span class=\"card-time\">4min lectura<\/span>\n              <p class=\"card-text small\">Tendencia tras el adi\u00f3s al impuesto al sol<\/p>\n            <\/div>\n          <\/div>\n\n\n        <\/div>\n      <\/div>\n    <\/div>\n  <\/div>\n<\/div>","protected":false},"excerpt":{"rendered":"","protected":false},"author":71,"featured_media":10192,"comment_status":"open","ping_status":"closed","sticky":false,"template":"","format":"standard","meta":{"_acf_changed":false,"content-type":"","footnotes":""},"categories":[28],"tags":[167],"class_list":["post-10194","post","type-post","status-publish","format-standard","has-post-thumbnail","hentry","category-sin-categorizar","tag-finanzas"],"acf":[],"yoast_head":"<!-- This site is optimized with the Yoast SEO plugin v27.4 - https:\/\/yoast.com\/product\/yoast-seo-wordpress\/ -->\n<title>Nuevas tarifas el\u00e9ctricas 2021 - 11ONZE<\/title>\n<meta name=\"description\" content=\"El 1 de junio entra en vigor la nueva tarifa y normativa el\u00e9ctrica. Nuevos tres tramos horarios y dos potencias contratadas el mismo d\u00eda.\" \/>\n<meta name=\"robots\" content=\"index, follow, max-snippet:-1, max-image-preview:large, max-video-preview:-1\" \/>\n<link rel=\"canonical\" href=\"https:\/\/www.11onze.cat\/es\/magazine\/nueva-tarifa-electrica-como-afecta\/\" \/>\n<meta property=\"og:locale\" content=\"es_ES\" \/>\n<meta property=\"og:type\" content=\"article\" \/>\n<meta property=\"og:title\" content=\"Nuevas tarifas el\u00e9ctricas 2021 - 11ONZE\" \/>\n<meta property=\"og:description\" content=\"El 1 de junio entra en vigor la nueva tarifa y normativa el\u00e9ctrica. Nuevos tres tramos horarios y dos potencias contratadas el mismo d\u00eda.\" \/>\n<meta property=\"og:url\" content=\"https:\/\/www.11onze.cat\/es\/magazine\/nueva-tarifa-electrica-como-afecta\/\" \/>\n<meta property=\"og:site_name\" content=\"11Onze\" \/>\n<meta property=\"article:publisher\" content=\"https:\/\/www.facebook.com\/11OnzeComunitat\" \/>\n<meta property=\"article:published_time\" content=\"2021-05-31T17:55:44+00:00\" \/>\n<meta property=\"article:modified_time\" content=\"2021-06-02T11:12:55+00:00\" \/>\n<meta property=\"og:image\" content=\"https:\/\/www.11onze.cat\/wp-content\/uploads\/2021\/05\/THUMBNAIL_NOVA_NORMATIVA.jpg\" \/>\n\t<meta property=\"og:image:width\" content=\"1500\" \/>\n\t<meta property=\"og:image:height\" content=\"1135\" \/>\n\t<meta property=\"og:image:type\" content=\"image\/jpeg\" \/>\n<meta name=\"author\" content=\"Equip Editorial\" \/>\n<meta name=\"twitter:card\" content=\"summary_large_image\" \/>\n<meta name=\"twitter:creator\" content=\"@11OnzeFintech\" \/>\n<meta name=\"twitter:site\" content=\"@11OnzeFintech\" \/>\n<meta name=\"twitter:label1\" content=\"Escrito por\" \/>\n\t<meta name=\"twitter:data1\" content=\"Equip Editorial\" \/>\n<script type=\"application\/ld+json\" class=\"yoast-schema-graph\">{\"@context\":\"https:\\\/\\\/schema.org\",\"@graph\":[{\"@type\":\"Article\",\"@id\":\"https:\\\/\\\/www.11onze.cat\\\/es\\\/magazine\\\/nueva-tarifa-electrica-como-afecta\\\/#article\",\"isPartOf\":{\"@id\":\"https:\\\/\\\/www.11onze.cat\\\/es\\\/magazine\\\/nueva-tarifa-electrica-como-afecta\\\/\"},\"author\":{\"name\":\"Equip Editorial\",\"@id\":\"https:\\\/\\\/www.11onze.cat\\\/es\\\/#\\\/schema\\\/person\\\/636d99b4c82bb7178687ecd43c3a61bd\"},\"headline\":\"Nueva tarifa el\u00e9ctrica: \u00bfc\u00f3mo te afecta?\",\"datePublished\":\"2021-05-31T17:55:44+00:00\",\"dateModified\":\"2021-06-02T11:12:55+00:00\",\"mainEntityOfPage\":{\"@id\":\"https:\\\/\\\/www.11onze.cat\\\/es\\\/magazine\\\/nueva-tarifa-electrica-como-afecta\\\/\"},\"wordCount\":8,\"commentCount\":0,\"publisher\":{\"@id\":\"https:\\\/\\\/www.11onze.cat\\\/es\\\/#organization\"},\"image\":{\"@id\":\"https:\\\/\\\/www.11onze.cat\\\/es\\\/magazine\\\/nueva-tarifa-electrica-como-afecta\\\/#primaryimage\"},\"thumbnailUrl\":\"https:\\\/\\\/www.11onze.cat\\\/wp-content\\\/uploads\\\/2021\\\/05\\\/THUMBNAIL_NOVA_NORMATIVA.jpg\",\"keywords\":[\"Finanzas\"],\"articleSection\":[\"Sin categorizar\"],\"inLanguage\":\"es\",\"potentialAction\":[{\"@type\":\"CommentAction\",\"name\":\"Comment\",\"target\":[\"https:\\\/\\\/www.11onze.cat\\\/es\\\/magazine\\\/nueva-tarifa-electrica-como-afecta\\\/#respond\"]}]},{\"@type\":\"WebPage\",\"@id\":\"https:\\\/\\\/www.11onze.cat\\\/es\\\/magazine\\\/nueva-tarifa-electrica-como-afecta\\\/\",\"url\":\"https:\\\/\\\/www.11onze.cat\\\/es\\\/magazine\\\/nueva-tarifa-electrica-como-afecta\\\/\",\"name\":\"Nuevas tarifas el\u00e9ctricas 2021 - 11ONZE\",\"isPartOf\":{\"@id\":\"https:\\\/\\\/www.11onze.cat\\\/es\\\/#website\"},\"primaryImageOfPage\":{\"@id\":\"https:\\\/\\\/www.11onze.cat\\\/es\\\/magazine\\\/nueva-tarifa-electrica-como-afecta\\\/#primaryimage\"},\"image\":{\"@id\":\"https:\\\/\\\/www.11onze.cat\\\/es\\\/magazine\\\/nueva-tarifa-electrica-como-afecta\\\/#primaryimage\"},\"thumbnailUrl\":\"https:\\\/\\\/www.11onze.cat\\\/wp-content\\\/uploads\\\/2021\\\/05\\\/THUMBNAIL_NOVA_NORMATIVA.jpg\",\"datePublished\":\"2021-05-31T17:55:44+00:00\",\"dateModified\":\"2021-06-02T11:12:55+00:00\",\"description\":\"El 1 de junio entra en vigor la nueva tarifa y normativa el\u00e9ctrica. Nuevos tres tramos horarios y dos potencias contratadas el mismo d\u00eda.\",\"breadcrumb\":{\"@id\":\"https:\\\/\\\/www.11onze.cat\\\/es\\\/magazine\\\/nueva-tarifa-electrica-como-afecta\\\/#breadcrumb\"},\"inLanguage\":\"es\",\"potentialAction\":[{\"@type\":\"ReadAction\",\"target\":[\"https:\\\/\\\/www.11onze.cat\\\/es\\\/magazine\\\/nueva-tarifa-electrica-como-afecta\\\/\"]}]},{\"@type\":\"ImageObject\",\"inLanguage\":\"es\",\"@id\":\"https:\\\/\\\/www.11onze.cat\\\/es\\\/magazine\\\/nueva-tarifa-electrica-como-afecta\\\/#primaryimage\",\"url\":\"https:\\\/\\\/www.11onze.cat\\\/wp-content\\\/uploads\\\/2021\\\/05\\\/THUMBNAIL_NOVA_NORMATIVA.jpg\",\"contentUrl\":\"https:\\\/\\\/www.11onze.cat\\\/wp-content\\\/uploads\\\/2021\\\/05\\\/THUMBNAIL_NOVA_NORMATIVA.jpg\",\"width\":1500,\"height\":1135,\"caption\":\"Beautiful Female is Loading Dirty Plates into a Dishwasher Machine in a Bright Sunny Kitchen. Girl in Wearing an Apron. Young Housewife Uses Modern Appliance to Keep the Home Clean.\"},{\"@type\":\"BreadcrumbList\",\"@id\":\"https:\\\/\\\/www.11onze.cat\\\/es\\\/magazine\\\/nueva-tarifa-electrica-como-afecta\\\/#breadcrumb\",\"itemListElement\":[{\"@type\":\"ListItem\",\"position\":1,\"name\":\"Home\",\"item\":\"https:\\\/\\\/www.11onze.cat\\\/es\\\/\"},{\"@type\":\"ListItem\",\"position\":2,\"name\":\"Nueva tarifa el\u00e9ctrica: \u00bfc\u00f3mo te afecta?\"}]},{\"@type\":\"WebSite\",\"@id\":\"https:\\\/\\\/www.11onze.cat\\\/es\\\/#website\",\"url\":\"https:\\\/\\\/www.11onze.cat\\\/es\\\/\",\"name\":\"11Onze\",\"description\":\"Primera comunidad fintech digital en Catalu\u00f1a\",\"publisher\":{\"@id\":\"https:\\\/\\\/www.11onze.cat\\\/es\\\/#organization\"},\"potentialAction\":[{\"@type\":\"SearchAction\",\"target\":{\"@type\":\"EntryPoint\",\"urlTemplate\":\"https:\\\/\\\/www.11onze.cat\\\/es\\\/?s={search_term_string}\"},\"query-input\":{\"@type\":\"PropertyValueSpecification\",\"valueRequired\":true,\"valueName\":\"search_term_string\"}}],\"inLanguage\":\"es\"},{\"@type\":\"Organization\",\"@id\":\"https:\\\/\\\/www.11onze.cat\\\/es\\\/#organization\",\"name\":\"11Onze\",\"url\":\"https:\\\/\\\/www.11onze.cat\\\/es\\\/\",\"logo\":{\"@type\":\"ImageObject\",\"inLanguage\":\"es\",\"@id\":\"https:\\\/\\\/www.11onze.cat\\\/es\\\/#\\\/schema\\\/logo\\\/image\\\/\",\"url\":\"https:\\\/\\\/www.11onze.cat\\\/wp-content\\\/uploads\\\/2021\\\/04\\\/512x512-11Onze.jpg\",\"contentUrl\":\"https:\\\/\\\/www.11onze.cat\\\/wp-content\\\/uploads\\\/2021\\\/04\\\/512x512-11Onze.jpg\",\"width\":512,\"height\":512,\"caption\":\"11Onze\"},\"image\":{\"@id\":\"https:\\\/\\\/www.11onze.cat\\\/es\\\/#\\\/schema\\\/logo\\\/image\\\/\"},\"sameAs\":[\"https:\\\/\\\/www.facebook.com\\\/11OnzeComunitat\",\"https:\\\/\\\/x.com\\\/11OnzeFintech\",\"https:\\\/\\\/www.instagram.com\\\/11onzecat\\\/\",\"https:\\\/\\\/www.linkedin.com\\\/company\\\/11onzebanc\",\"https:\\\/\\\/www.youtube.com\\\/channel\\\/UCz63R8Byd_kBKtK2M4Qf_7w\"]},{\"@type\":\"Person\",\"@id\":\"https:\\\/\\\/www.11onze.cat\\\/es\\\/#\\\/schema\\\/person\\\/636d99b4c82bb7178687ecd43c3a61bd\",\"name\":\"Equip Editorial\",\"image\":{\"@type\":\"ImageObject\",\"inLanguage\":\"es\",\"@id\":\"https:\\\/\\\/www.11onze.cat\\\/wp-content\\\/uploads\\\/2022\\\/05\\\/HEADER_AGENTS_DECK-300x300.jpg\",\"url\":\"https:\\\/\\\/www.11onze.cat\\\/wp-content\\\/uploads\\\/2022\\\/05\\\/HEADER_AGENTS_DECK-300x300.jpg\",\"contentUrl\":\"https:\\\/\\\/www.11onze.cat\\\/wp-content\\\/uploads\\\/2022\\\/05\\\/HEADER_AGENTS_DECK-300x300.jpg\",\"caption\":\"Equip Editorial\"},\"url\":\"https:\\\/\\\/www.11onze.cat\\\/es\\\/magazine\\\/author\\\/equip-editorial-11onze\\\/\"}]}<\/script>\n<!-- \/ Yoast SEO plugin. -->","yoast_head_json":{"title":"Nuevas tarifas el\u00e9ctricas 2021 - 11ONZE","description":"El 1 de junio entra en vigor la nueva tarifa y normativa el\u00e9ctrica. Nuevos tres tramos horarios y dos potencias contratadas el mismo d\u00eda.","robots":{"index":"index","follow":"follow","max-snippet":"max-snippet:-1","max-image-preview":"max-image-preview:large","max-video-preview":"max-video-preview:-1"},"canonical":"https:\/\/www.11onze.cat\/es\/magazine\/nueva-tarifa-electrica-como-afecta\/","og_locale":"es_ES","og_type":"article","og_title":"Nuevas tarifas el\u00e9ctricas 2021 - 11ONZE","og_description":"El 1 de junio entra en vigor la nueva tarifa y normativa el\u00e9ctrica. Nuevos tres tramos horarios y dos potencias contratadas el mismo d\u00eda.","og_url":"https:\/\/www.11onze.cat\/es\/magazine\/nueva-tarifa-electrica-como-afecta\/","og_site_name":"11Onze","article_publisher":"https:\/\/www.facebook.com\/11OnzeComunitat","article_published_time":"2021-05-31T17:55:44+00:00","article_modified_time":"2021-06-02T11:12:55+00:00","og_image":[{"width":1500,"height":1135,"url":"https:\/\/www.11onze.cat\/wp-content\/uploads\/2021\/05\/THUMBNAIL_NOVA_NORMATIVA.jpg","type":"image\/jpeg"}],"author":"Equip Editorial","twitter_card":"summary_large_image","twitter_creator":"@11OnzeFintech","twitter_site":"@11OnzeFintech","twitter_misc":{"Escrito por":"Equip Editorial"},"schema":{"@context":"https:\/\/schema.org","@graph":[{"@type":"Article","@id":"https:\/\/www.11onze.cat\/es\/magazine\/nueva-tarifa-electrica-como-afecta\/#article","isPartOf":{"@id":"https:\/\/www.11onze.cat\/es\/magazine\/nueva-tarifa-electrica-como-afecta\/"},"author":{"name":"Equip Editorial","@id":"https:\/\/www.11onze.cat\/es\/#\/schema\/person\/636d99b4c82bb7178687ecd43c3a61bd"},"headline":"Nueva tarifa el\u00e9ctrica: \u00bfc\u00f3mo te afecta?","datePublished":"2021-05-31T17:55:44+00:00","dateModified":"2021-06-02T11:12:55+00:00","mainEntityOfPage":{"@id":"https:\/\/www.11onze.cat\/es\/magazine\/nueva-tarifa-electrica-como-afecta\/"},"wordCount":8,"commentCount":0,"publisher":{"@id":"https:\/\/www.11onze.cat\/es\/#organization"},"image":{"@id":"https:\/\/www.11onze.cat\/es\/magazine\/nueva-tarifa-electrica-como-afecta\/#primaryimage"},"thumbnailUrl":"https:\/\/www.11onze.cat\/wp-content\/uploads\/2021\/05\/THUMBNAIL_NOVA_NORMATIVA.jpg","keywords":["Finanzas"],"articleSection":["Sin categorizar"],"inLanguage":"es","potentialAction":[{"@type":"CommentAction","name":"Comment","target":["https:\/\/www.11onze.cat\/es\/magazine\/nueva-tarifa-electrica-como-afecta\/#respond"]}]},{"@type":"WebPage","@id":"https:\/\/www.11onze.cat\/es\/magazine\/nueva-tarifa-electrica-como-afecta\/","url":"https:\/\/www.11onze.cat\/es\/magazine\/nueva-tarifa-electrica-como-afecta\/","name":"Nuevas tarifas el\u00e9ctricas 2021 - 11ONZE","isPartOf":{"@id":"https:\/\/www.11onze.cat\/es\/#website"},"primaryImageOfPage":{"@id":"https:\/\/www.11onze.cat\/es\/magazine\/nueva-tarifa-electrica-como-afecta\/#primaryimage"},"image":{"@id":"https:\/\/www.11onze.cat\/es\/magazine\/nueva-tarifa-electrica-como-afecta\/#primaryimage"},"thumbnailUrl":"https:\/\/www.11onze.cat\/wp-content\/uploads\/2021\/05\/THUMBNAIL_NOVA_NORMATIVA.jpg","datePublished":"2021-05-31T17:55:44+00:00","dateModified":"2021-06-02T11:12:55+00:00","description":"El 1 de junio entra en vigor la nueva tarifa y normativa el\u00e9ctrica. Nuevos tres tramos horarios y dos potencias contratadas el mismo d\u00eda.","breadcrumb":{"@id":"https:\/\/www.11onze.cat\/es\/magazine\/nueva-tarifa-electrica-como-afecta\/#breadcrumb"},"inLanguage":"es","potentialAction":[{"@type":"ReadAction","target":["https:\/\/www.11onze.cat\/es\/magazine\/nueva-tarifa-electrica-como-afecta\/"]}]},{"@type":"ImageObject","inLanguage":"es","@id":"https:\/\/www.11onze.cat\/es\/magazine\/nueva-tarifa-electrica-como-afecta\/#primaryimage","url":"https:\/\/www.11onze.cat\/wp-content\/uploads\/2021\/05\/THUMBNAIL_NOVA_NORMATIVA.jpg","contentUrl":"https:\/\/www.11onze.cat\/wp-content\/uploads\/2021\/05\/THUMBNAIL_NOVA_NORMATIVA.jpg","width":1500,"height":1135,"caption":"Beautiful Female is Loading Dirty Plates into a Dishwasher Machine in a Bright Sunny Kitchen. Girl in Wearing an Apron. Young Housewife Uses Modern Appliance to Keep the Home Clean."},{"@type":"BreadcrumbList","@id":"https:\/\/www.11onze.cat\/es\/magazine\/nueva-tarifa-electrica-como-afecta\/#breadcrumb","itemListElement":[{"@type":"ListItem","position":1,"name":"Home","item":"https:\/\/www.11onze.cat\/es\/"},{"@type":"ListItem","position":2,"name":"Nueva tarifa el\u00e9ctrica: \u00bfc\u00f3mo te afecta?"}]},{"@type":"WebSite","@id":"https:\/\/www.11onze.cat\/es\/#website","url":"https:\/\/www.11onze.cat\/es\/","name":"11Onze","description":"Primera comunidad fintech digital en Catalu\u00f1a","publisher":{"@id":"https:\/\/www.11onze.cat\/es\/#organization"},"potentialAction":[{"@type":"SearchAction","target":{"@type":"EntryPoint","urlTemplate":"https:\/\/www.11onze.cat\/es\/?s={search_term_string}"},"query-input":{"@type":"PropertyValueSpecification","valueRequired":true,"valueName":"search_term_string"}}],"inLanguage":"es"},{"@type":"Organization","@id":"https:\/\/www.11onze.cat\/es\/#organization","name":"11Onze","url":"https:\/\/www.11onze.cat\/es\/","logo":{"@type":"ImageObject","inLanguage":"es","@id":"https:\/\/www.11onze.cat\/es\/#\/schema\/logo\/image\/","url":"https:\/\/www.11onze.cat\/wp-content\/uploads\/2021\/04\/512x512-11Onze.jpg","contentUrl":"https:\/\/www.11onze.cat\/wp-content\/uploads\/2021\/04\/512x512-11Onze.jpg","width":512,"height":512,"caption":"11Onze"},"image":{"@id":"https:\/\/www.11onze.cat\/es\/#\/schema\/logo\/image\/"},"sameAs":["https:\/\/www.facebook.com\/11OnzeComunitat","https:\/\/x.com\/11OnzeFintech","https:\/\/www.instagram.com\/11onzecat\/","https:\/\/www.linkedin.com\/company\/11onzebanc","https:\/\/www.youtube.com\/channel\/UCz63R8Byd_kBKtK2M4Qf_7w"]},{"@type":"Person","@id":"https:\/\/www.11onze.cat\/es\/#\/schema\/person\/636d99b4c82bb7178687ecd43c3a61bd","name":"Equip Editorial","image":{"@type":"ImageObject","inLanguage":"es","@id":"https:\/\/www.11onze.cat\/wp-content\/uploads\/2022\/05\/HEADER_AGENTS_DECK-300x300.jpg","url":"https:\/\/www.11onze.cat\/wp-content\/uploads\/2022\/05\/HEADER_AGENTS_DECK-300x300.jpg","contentUrl":"https:\/\/www.11onze.cat\/wp-content\/uploads\/2022\/05\/HEADER_AGENTS_DECK-300x300.jpg","caption":"Equip Editorial"},"url":"https:\/\/www.11onze.cat\/es\/magazine\/author\/equip-editorial-11onze\/"}]}},"_links":{"self":[{"href":"https:\/\/www.11onze.cat\/es\/wp-json\/wp\/v2\/posts\/10194","targetHints":{"allow":["GET"]}}],"collection":[{"href":"https:\/\/www.11onze.cat\/es\/wp-json\/wp\/v2\/posts"}],"about":[{"href":"https:\/\/www.11onze.cat\/es\/wp-json\/wp\/v2\/types\/post"}],"author":[{"embeddable":true,"href":"https:\/\/www.11onze.cat\/es\/wp-json\/wp\/v2\/users\/71"}],"replies":[{"embeddable":true,"href":"https:\/\/www.11onze.cat\/es\/wp-json\/wp\/v2\/comments?post=10194"}],"version-history":[{"count":0,"href":"https:\/\/www.11onze.cat\/es\/wp-json\/wp\/v2\/posts\/10194\/revisions"}],"wp:featuredmedia":[{"embeddable":true,"href":"https:\/\/www.11onze.cat\/es\/wp-json\/wp\/v2\/media\/10192"}],"wp:attachment":[{"href":"https:\/\/www.11onze.cat\/es\/wp-json\/wp\/v2\/media?parent=10194"}],"wp:term":[{"taxonomy":"category","embeddable":true,"href":"https:\/\/www.11onze.cat\/es\/wp-json\/wp\/v2\/categories?post=10194"},{"taxonomy":"post_tag","embeddable":true,"href":"https:\/\/www.11onze.cat\/es\/wp-json\/wp\/v2\/tags?post=10194"}],"curies":[{"name":"wp","href":"https:\/\/api.w.org\/{rel}","templated":true}]}}