{"id":45879,"date":"2025-09-13T20:00:00","date_gmt":"2025-09-13T18:00:00","guid":{"rendered":"https:\/\/www.11onze.cat\/?p=45879"},"modified":"2025-07-31T16:24:59","modified_gmt":"2025-07-31T14:24:59","slug":"us-them","status":"publish","type":"post","link":"https:\/\/www.11onze.cat\/en\/magazine\/us-them\/","title":{"rendered":"Us [and them]"},"content":{"rendered":"<div class=\"component text\">\n  <div class=\"container\">\n\n\n    <div class=\"row\">\n      <div class=\"col  col-lg-8  offset-lg-2\">\n        <h3><b>Des de temps immemorials, all\u00f2 que els ge\u00f2grafs grecs van definir com a Pen\u00ednsula Ib\u00e8rica, ha esdevingut el solar on s\u2019ha constru\u00eft una Hist\u00f2ria, la qual ha anat forjant diferents realitats i maneres de ser. Per\u00f2 amb <\/b><b>l\u2019esdevenir d\u2019Espanya <\/b><b>\u2014a principis del XIX\u2014 diferents concepcions pol\u00edtiques han cercat la manera de vertebrar-la a qualsevol preu. Per aquest motiu, alguns s\u2019han entestat a demostrar una fict\u00edcia uniformitat hist\u00f2rica i territorial, pel simple fet de compartir una mateixa geografia. Catalunya ha compartit aquest solar, per\u00f2 la seva realitat hist\u00f2rica \u00e9s una altra i \u00e9s bo recordar-ho, ara que el debat torna a estar obert.\u00a0\u00a0<\/b><\/h3>\n<p>&nbsp;<\/p>\n<p><span style=\"font-weight: 400\">La hist\u00f2ria tradicional d\u2019<strong>Espanya s\u2019ha constru\u00eft d&#8217;acord amb la premissa d\u2019atorgar un protagonisme \u00fanic a Castella<\/strong> \u2014<\/span><span style=\"font-weight: 400\">perllongada <\/span><span style=\"font-weight: 400\">amb Andalusia i Extremadura\u2014 la qual ha estat exclusivament identificada amb Espanya. A la perif\u00e8ria, especialment el llevant mediterrani i el nord-oest peninsular, se li ha perm\u00e8s tenir o b\u00e9 un paper secundari o b\u00e9 adquirir una certa rellev\u00e0ncia de manera puntual, sobretot en els moments on la decad\u00e8ncia castellana es feia m\u00e9s palesa.\u00a0 <\/span><span style=\"font-weight: 400\"><br \/>\n<\/span><span style=\"font-weight: 400\"><br \/>\n<\/span><span style=\"font-weight: 400\">Aix\u00ed doncs, <\/span><b>Castella \u2014sempre sota una \u00f2ptica negacionista\u2014 ha fet creure que existeix una \u201cnaci\u00f3 espanyola\u201d i unes identitats \u201cperif\u00e8riques\u201d que les ha autodefinit com a nacionalitats<\/b><span style=\"font-weight: 400\">. Per\u00f2 la realitat \u00e9s una altra. La naci\u00f3 espanyola com la naci\u00f3 catalana o la naci\u00f3 basca s\u00f3n, existeixen, perqu\u00e8 s\u00f3n viscudes i percebudes pels qui aix\u00ed mateix diuen formar-ne part. Per tant, es torna a fer \u00fas de la banalitzaci\u00f3 per tal de confondre l\u2019opini\u00f3 p\u00fablica i intentar evitar qualsevol proc\u00e9s d\u2019autodeterminaci\u00f3 leg\u00edtim. En aquest sentit, la construcci\u00f3 identit\u00e0ria de la naci\u00f3 espanyola es torna ben sovint una destrucci\u00f3 sistem\u00e0tica de les \u201cperif\u00e8ries\u201d, \u00e9s a dir, l&#8217;espanyolisme acaba construint la seva identitat a c\u00f2pia de reprimir les difer\u00e8ncies del territori que considera nacional.\u00a0<\/span><\/p>\n<p><span style=\"font-weight: 400\">Aquesta visi\u00f3 ha posat de manifest el greu problema sobre la realitat hist\u00f2rica d\u2019Espanya. En primer lloc, <\/span><b>ha evidenciat la imperfecci\u00f3 d\u2019Espanya com a projecte pol\u00edtic at\u00e8s que ha mostrat reiteradament els continus problemes d\u2019adaptabilitat a l\u2019est\u00e0ndard occidental, <\/b><span style=\"font-weight: 400\">sobretot pel que fa a din\u00e0miques d\u2019adopci\u00f3 del capitalisme, el liberalisme i el racionalisme en el triple aspecte de l&#8217;econ\u00f2mic, el pol\u00edtic i el cultural. I, en segon lloc, i encara m\u00e9s important, el frac\u00e0s m\u00e9s absolut de Castella en la seva tasca de fer d\u2019Espanya una comunitat harm\u00f2nica, plenament satisfeta amb ella mateixa i tolerant amb la resta de territoris que la componen. Si s\u2019amaga la plurinacionalitat de l\u2019estat, es deforma el passat.<\/span><\/p>\n\n      <\/div>\n    <\/div>\n  <\/div>\n<\/div>\n<div class=\"component quote\">\n  <div class=\"container\">\n    <div class=\"row\">\n      <div class=\"quote__content col col-lg-8 offset-lg-2\">\n        <div class=\"quote__content__img\">\n          <img decoding=\"async\" src=\"https:\/\/www.11onze.cat\/wp-content\/uploads\/2021\/09\/GARCIA-ORIOL2-1-768x793.png\" alt=\"\">\n        <\/div>\n        <div class=\"quote__wrapper\">\n          <div class=\"row\">\n            <div class=\"col col-lg-10 offset-lg-1\">\n              <blockquote>\n                <p><b>S\u2019<\/b><b>ha evidenciat la imperfecci\u00f3 d\u2019Espanya com a projecte pol\u00edtic at\u00e8s que ha mostrat reiteradament els continus problemes d\u2019adaptabilitat a l\u2019est\u00e0ndard occidental<\/b><span style=\"font-weight: 400\">.<\/span><\/p>\n\n                <span class=\"quote__content__author\">Oriol Garcia Farr\u00e9, historiador i agent 11Onze<\/span>\n              <\/blockquote>\n            <\/div>\n          <\/div>\n        <\/div>\n      <\/div>\n    <\/div>\n  <\/div>\n<\/div><div class=\"component text\">\n  <div class=\"container\">\n\n\n    <div class=\"row\">\n      <div class=\"col  col-lg-8  offset-lg-2\">\n        <h3><b>Esmicolant \u201cla unitat de dest\u00ed en el fet universal\u201d<\/b><\/h3>\n<p><span style=\"font-weight: 400\">Dins del sistema escolar franquista, <\/span><b>la historiografia es va articular en funci\u00f3 del concepte de \u201cReconquesta\u201d, el qual es tracta d\u2019un concepte historiogr\u00e0fic<\/b><span style=\"font-weight: 400\"> \u2014emprat encara en els curr\u00edculums de secund\u00e0ria de Castella\u2014 que descriu el proc\u00e9s de recuperaci\u00f3 \u2014puix els musulmans no eren leg\u00edtims propietaris de la geografia hisp\u00e0nica\u2014 del m\u00f3n feudal per sobre del m\u00f3n musulm\u00e0 i jueu. Aquest proc\u00e9s arrencaria poc despr\u00e9s de l\u2019arribada dels \u00e0rabs a la pen\u00ednsula Ib\u00e8rica (segle VIII) i finalitzaria amb els Reis Cat\u00f2lics (segle XV), els quals acabarien unificant \u201cEspanya\u201d com un Estat integral. Aquesta Reconquesta acabaria forjant \u201cl\u2019esperit espanyol\u201d.\u00a0<\/span><\/p>\n<p><span style=\"font-weight: 400\">A mitjan segle passat, un conjunt d\u2019historiadors \u2014a fi de legitimar els vencedors de la Guerra Civil\u2014 emprengueren la tasca de construir els arguments hist\u00f2rics on se sustent\u00e9s el nou r\u00e8gim. <\/span><b>El corpus te\u00f2ric es va basar a trobar \u201cl\u2019ess\u00e8ncia d\u2019Espanya\u201d<\/b><span style=\"font-weight: 400\">. Per tant, la historiografia espanyolista va arribar a \u201cdemostrar\u201d que realment existien uns trets distintius de continu\u00eftat entre el passat prehist\u00f2ric fins a l\u2019actualitat els quals defineixen aquest \u201cesperit espanyol\u201d.\u00a0\u00a0<\/span><\/p>\n<p><span style=\"font-weight: 400\">Actualment, <\/span><b>les investigacions tendeixen a trencar l\u2019homogene\u00eftat territorial de les prov\u00edncies i mostren una predisposici\u00f3 cada vegada m\u00e9s clara a realitzar recerques que subratllin m\u00e9s les difer\u00e8ncies socials i territorials<\/b><span style=\"font-weight: 400\">, com per exemple els darrers estudis sobre els <\/span><span style=\"font-weight: 400\">hispanogots<\/span><span style=\"font-weight: 400\"> del segle VIII, on es constaten difer\u00e8ncies significatives entre les societats peninsulars, principalment condicionades pels h\u00e0bitats on desenvolupen les seves activitats. Les evid\u00e8ncies arqueol\u00f2giques \u2014sense defugir de les fonts documentals\u2014 demostren fefaentment que el proc\u00e9s de romanitzaci\u00f3 les va afectar de manera molt diferent.\u00a0\u00a0<\/span><\/p>\n<p><span style=\"font-weight: 400\">Per tant, les crisis de l\u2019antiguitat tardana dels segles III al VIII provocarien canvis molt m\u00e9s profunds, els quals afectarien de manera desigual als diferents territoris peninsulars. En conseq\u00fc\u00e8ncia, <\/span><b>l\u2019arribada dels \u00e0rabs a la pen\u00ednsula Ib\u00e8rica tamb\u00e9 afectaria aquestes societats de diferent manera<\/b><span style=\"font-weight: 400\">, per la qual cosa, la idea de la continu\u00eftat entre el regne visigot i les conseg\u00fcents formacions pol\u00edtiques es diluiria com el sucre.<\/span><\/p>\n<p><span style=\"font-weight: 400\">L\u2019arqueologia ha confirmat que la penetraci\u00f3 del m\u00f3n musulm\u00e0 dins el territori peninsular no va ser tan traum\u00e0tic com s\u2019ha volgut fer creure. Les restes arqueol\u00f2giques revelen que, despr\u00e9s de la conquesta, el territori peninsular mai va ser abandonat. Per tant, tot aix\u00f2 demostraria que molts <\/span><b>hispanogots van professar la nova fe musulmana, no tant per convicci\u00f3 com per mantenir la propietat de la terra<\/b><span style=\"font-weight: 400\">. I aquesta terra es veur\u00e0 transformada per la introducci\u00f3 de nous sistemes de producci\u00f3 agr\u00e0ria, basats principalment en la gesti\u00f3 i la for\u00e7a de l\u2019aigua. <\/span><\/p>\n\n      <\/div>\n    <\/div>\n  <\/div>\n<\/div>\n<div class=\"component quote\">\n  <div class=\"container\">\n    <div class=\"row\">\n      <div class=\"quote__content col col-lg-8 offset-lg-2\">\n        <div class=\"quote__content__img\">\n          <img decoding=\"async\" src=\"https:\/\/www.11onze.cat\/wp-content\/uploads\/2021\/09\/GARCIA-ORIOL2-1-768x793.png\" alt=\"\">\n        <\/div>\n        <div class=\"quote__wrapper\">\n          <div class=\"row\">\n            <div class=\"col col-lg-10 offset-lg-1\">\n              <blockquote>\n                <p><b>Les investigacions tendeixen a trencar l\u2019homogene\u00eftat territorial de les prov\u00edncies i mostren una predisposici\u00f3 cada vegada m\u00e9s clara a realitzar recerques que subratllin m\u00e9s les difer\u00e8ncies socials i territorials<\/b><span style=\"font-weight: 400\">.<\/span><\/p>\n\n                <span class=\"quote__content__author\">Oriol Garcia Farr\u00e9, historiador i agent 11Onze<\/span>\n              <\/blockquote>\n            <\/div>\n          <\/div>\n        <\/div>\n      <\/div>\n    <\/div>\n  <\/div>\n<\/div><div class=\"component text\">\n  <div class=\"container\">\n\n\n    <div class=\"row\">\n      <div class=\"col  col-lg-8  offset-lg-2\">\n        <h3><b>Deslegitimar l\u2019origen per anul\u00b7lar la difer\u00e8ncia\u00a0<\/b><\/h3>\n<p><span style=\"font-weight: 400\">A partir del segle IX, la majoria dels territoris peninsulars s\u2019organitzaran com a regnes, i el rei esdevindr\u00e0 el seu m\u00e0xim representant. En canvi, <\/span><b>als territoris del nord-est peninsular <\/b><b>el comtat ser\u00e0 l\u2019estructura administrativa que s\u2019implementar\u00e0<\/b><span style=\"font-weight: 400\">, i el comte \u2014imposat des d\u2019Aquisgr\u00e0\u2014 s\u2019encarregar\u00e0 d\u2019administrar just\u00edcia, garantir l&#8217;ordre p\u00fablic i gestionar la fiscalitat.<\/span><\/p>\n<p><span style=\"font-weight: 400\">Aquest element diferenciador \u2014com fou l\u2019organitzaci\u00f3 carol\u00edngia del territori catal\u00e0\u2014 <\/span><b>ser\u00e0 \u00e0mpliament combatut per la historiografia franquista a trav\u00e9s d\u2019una pol\u00edtica de disminuci\u00f3 de la seva rellev\u00e0ncia<\/b><span style=\"font-weight: 400\">. Per aquest motiu, se la considerar\u00e0 una estructura de govern amb poca rellev\u00e0ncia hist\u00f2rica i, per aix\u00f2 es dur\u00e0 a terme una nul\u00b7la voluntat de difusi\u00f3 \u2014tant en els cercles acad\u00e8mics com en els curr\u00edculums escolars\u2014 la qual cosa afectar\u00e0 el seu coneixement.\u00a0<\/span><\/p>\n<p><span style=\"font-weight: 400\">Per tant, no ens ha de resultar estrany que aquests d\u2019historiadors no vulguin entendre que la nostra singularitat \u00e9s el resultat d\u2019un enquadrament jur\u00eddic diferent de la matriu hisp\u00e0nica. <\/span><b>El territori catal\u00e0 ser\u00e0 adscrit seguint la pol\u00edtica carol\u00edngia de la Renovatio Imperii<\/b><span style=\"font-weight: 400\">. Segurament, fou per aquest motiu la seva nul\u00b7la difusi\u00f3, at\u00e8s que l\u2019ess\u00e8ncia d\u2019Espanya quedava molt llunyana!\u00a0<\/span><\/p>\n<p><span style=\"font-weight: 400\">Certament, el t\u00edtol de rei \u00e9s un dels c\u00e0rrecs pol\u00edtics m\u00e9s antics i coneguts. L&#8217;arrel m\u00e9s antiga de la paraula la trobem a l&#8217;indoeuropeu REG (regir\/governar) la qual evolucionar\u00e0 al llat\u00ed com a REX. En el context de les transformacions pol\u00edtiques que es van succeir a partir del segle IV a l\u2019occident europeu,<\/span><b> amplis territoris seran governats per l\u00edders militars d&#8217;origen germ\u00e0nic, els quals progressivament s\u2019alliberaran del domini de Roma i s\u2019organitzaran com a regnes<\/b><span style=\"font-weight: 400\">. Els nous cabdills territorials \u2014siguin gots, francs o sueus\u2014 seguiran la seva tradici\u00f3 jur\u00eddica i adoptaran el t\u00edtol de rex com a m\u00e0xima figura pol\u00edtica.\u00a0<\/span><\/p>\n<p><span style=\"font-weight: 400\">Per tant, tots els <\/span><span style=\"font-weight: 400\">sobirans peninsulars seran continuadors de la seva legalitat jur\u00eddica. Mentre que les dinasties astur-lleonesa o na\u00advarresa o castellana continuaran utilitzant el t\u00edtol de rei, el sobir\u00e0 catal\u00e0 utilitzar\u00e0 el t\u00edtol de comte, at\u00e8s que legalment continuar\u00e0 lligat a la dinastia francesa \u2014hereva de la legalitat carol\u00edngia a trav\u00e9s de la fam\u00edlia Capeta\u2014 i legitimada pel Papa, fins a la signatura del Tractat de Corbeil i ratificat al Tractat d&#8217;Anagni de mitjan segle XIII. <\/span><b>A la pr\u00e0c\u00adtica, tots seran sobirans amb la mateixa potestat, tant si s\u00f3n reis com si som comtes<\/b><span style=\"font-weight: 400\">.<\/span><\/p>\n<p><span style=\"font-weight: 400\">El fet m\u00e9s paradoxal sobre la hist\u00f2ria d\u2019Espanya \u2014edificada a partir del concepte historiogr\u00e0fic de la Reconquesta\u2014 \u00e9s que es construeix a partir d\u2019una falsa premissa com \u00e9s la d\u2019assignar una legitimitat continuadora del regne visigot vers el regne astur.\u00a0<\/span><\/p>\n<p><span style=\"font-weight: 400\">Est\u00e0 \u00e0mpliament estudiada que aquesta m\u00e0xima no \u00e9s certa. Els experts han demostrat que les poblacions ind\u00edgenes cant\u00e0briques \u2014siguin asturs, c\u00e0ntabres o vascons\u2014 sempre van mantenir una relaci\u00f3 molt distant i b\u00e8l\u00b7lica amb el m\u00f3n rom\u00e0, visigot, \u00e0rab o carolingi. Per tant, el seu a\u00efllament es deuria m\u00e9s per un problema d\u2019esc\u00e0s enquadrament administratiu que no pas per una resist\u00e8ncia ferotge contra uns conqueridors romans, visigots, \u00e0rabs o carolingis. En conseq\u00fc\u00e8ncia, <\/span><b>el pamflet propagand\u00edstic que suposen les tres cr\u00f2niques d\u2019Alfons III d\u2019Ast\u00faries \u2014sobretot l\u2019<\/b><b><i>Albeldense, <\/i><\/b><b>que de fet \u00e9s <\/b><b>d\u2019on surt el fam\u00f3s concepte de Reconquesta\u2014<\/b><span style=\"font-weight: 400\"> s\u2019han de llegir com all\u00f2 que s\u00f3n: una legitimaci\u00f3 jur\u00eddica davant l\u2019opini\u00f3 p\u00fablica (i D\u00e9u) de l\u2019agressi\u00f3 efectuada contra una part de la poblaci\u00f3 hisp\u00e0nica que l&#8217;\u00fanica cosa que tenen de diferent \u2014respecte a la resta de la poblaci\u00f3\u2014 \u00e9s que professen una religi\u00f3 diferent.<\/span><\/p>\n\n      <\/div>\n    <\/div>\n  <\/div>\n<\/div>\n<div class=\"component quote\">\n  <div class=\"container\">\n    <div class=\"row\">\n      <div class=\"quote__content col col-lg-8 offset-lg-2\">\n        <div class=\"quote__content__img\">\n          <img decoding=\"async\" src=\"https:\/\/www.11onze.cat\/wp-content\/uploads\/2021\/09\/GARCIA-ORIOL2-1-768x793.png\" alt=\"\">\n        <\/div>\n        <div class=\"quote__wrapper\">\n          <div class=\"row\">\n            <div class=\"col col-lg-10 offset-lg-1\">\n              <blockquote>\n                <p><b>La<\/b> <b>hist\u00f2ria d\u2019Espanya \u2014edificada a partir del concepte historiogr\u00e0fic de la Reconquesta\u2014 es construeix a partir d\u2019una falsa premissa.<\/b><\/p>\n\n                <span class=\"quote__content__author\">Oriol Garcia Farr\u00e9, historiador i agent 11Onze<\/span>\n              <\/blockquote>\n            <\/div>\n          <\/div>\n        <\/div>\n      <\/div>\n    <\/div>\n  <\/div>\n<\/div><div class=\"component text\">\n  <div class=\"container\">\n\n\n    <div class=\"row\">\n      <div class=\"col  col-lg-8  offset-lg-2\">\n        <h3><b>La voluntat d\u2019alterar la realitat<\/b><\/h3>\n<p><i><span style=\"font-weight: 400\">\u201c<\/span><\/i><i><span style=\"font-weight: 400\">In Dei nomine. Ego Ramirus, Dei gratia rex aragonensis, dono tibi, Raimundo [Berengario], barchinonensium comes et marchio, filiam meam in uxorem, cum tocius regni aragonensis integritate, sicut pater meus Sancius, rex, vel fratres mei, Petrus et Ildefonsus<\/span><\/i><i><span style=\"font-weight: 400\">\u2026<\/span><\/i><i><span style=\"font-weight: 400\">\u201d<\/span><\/i><i><span style=\"font-weight: 400\"> \u00e9s, <\/span><\/i><span style=\"font-weight: 400\">sens dubte, un dels fragments claus de la hist\u00f2ria de Catalunya que ha suscitat major bel\u00b7liger\u00e0ncia historiogr\u00e0fica, sobretot per la part aragonesa.\u00a0<\/span><\/p>\n<p><span style=\"font-weight: 400\">Aquest fragment correspon a les famoses \u201cCapitulacions Matrimonials de Barbastre\u201d, les quals van ser ratificades amb la \u201c<\/span><span style=\"font-weight: 400\">Ren\u00fancia de Saragossa\u201d<\/span><span style=\"font-weight: 400\"> \u2014ambdues de l\u2019any 1137\u2014 per la qual el rei Ramir II d&#8217;Arag\u00f3, el Monjo, <\/span><b>comunicava p\u00fablicament als seus s\u00fabdits que donava la seva filla, el seu regne i els seus honors al comte Ramon Berenguer IV<\/b><span style=\"font-weight: 400\">, comte de Barcelona, i que aquesta donaci\u00f3 se segellar\u00e0 a trav\u00e9s del matrimoni <\/span><span style=\"font-weight: 400\">entre el comte de Barcelona i la seva filla, Peronella.\u00a0\u00a0<\/span><\/p>\n<p><span style=\"font-weight: 400\">En conseq\u00fc\u00e8ncia, el comte de Barcelona ser\u00e0 nomenat pr\u00edncep hereu d&#8217;Arag\u00f3, i Ramir \u2014tot i mantenir el t\u00edtol\u2014 retornar\u00e0 al monestir de Sant Pere el Vell d\u2019Osca, d\u2019on va sortir a correcuita per ser coronat rei. Per la seva banda,<\/span><b> Peronella \u2014amb tan sols un any\u2014 ser\u00e0 enviada a Barcelona per ser educada com a futura comtessa consort de Barcelona i reina d\u2019Arag\u00f3<\/b><span style=\"font-weight: 400\">. Tretze anys m\u00e9s tard, el comte Ramon Berenguer es casar\u00e0 amb ella a Lleida, un cop va tenir l\u2019edat legal per fer-ho, o sigui, catorze anys. Aleshores, ser\u00e0 el primog\u00e8nit d\u2019aquesta uni\u00f3 \u2014Alfons el Trobador\u2014 qui esdevindr\u00e0 la primera persona que ostentar\u00e0 els dos t\u00edtols \u2014el de comte i el de rei\u2014 la qual cosa legitimar\u00e0 la nova concepci\u00f3 pol\u00edtica sorgida d\u2019aquella donaci\u00f3.\u00a0<\/span><\/p>\n<p><span style=\"font-weight: 400\">La realitat hist\u00f2rica no manipulada referma el fet que<\/span><b> despr\u00e9s de la \u201cRen\u00fancia p\u00fablica de Saragossa\u201d el regne d\u2019Arag\u00f3 qued\u00e0 en un segon pla pol\u00edtic, at\u00e8s que volunt\u00e0riament s\u2019havia desposse\u00eft del seu valor successori, element clau al segle XII<\/b><span style=\"font-weight: 400\">. Malgrat aix\u00f2, els successius comtes de Barcelona respectaran i mantindran sempre totes les institucions aragoneses, marcant l\u2019inici de la Confederaci\u00f3 Catalanoaragonesa.\u00a0<\/span><\/p>\n<p><span style=\"font-weight: 400\">Per tant, \u00e9s b\u00e0sic no caure en el parany pol\u00edtic que circula entre certs cercles espanyolistes, els quals argumenten que Peronella d\u2019Arag\u00f3 fou l\u2019element clau que va permetre annexionar els comtats catalans al regne d\u2019Arag\u00f3. <\/span><b>Voler fer creure que una princesa d\u2019un any enamori a un comte de Barcelona de vint-i-quatre anys, i que aquest \u2014en plena expansi\u00f3 dels seus dominis\u2014 ofereixi els seus territoris a Arag\u00f3 a canvi d\u2019obtenir \u201cun t\u00edtol de m\u00e9s prestigi\u201d, \u00e9s ser un neci!<\/b><span style=\"font-weight: 400\"> I per reblar el clau, el fet de construir dues genealogies paral\u00b7leles \u2014Alfons I de Catalunya \u00e9s el mateix que Alfons II d\u2019Arag\u00f3\u2014 demostra que existeix maldat i voluntat de tergiversar la realitat.\u00a0<\/span><\/p>\n<p><span style=\"font-weight: 400\">La veritable problem\u00e0tica a la qual s\u2019enfronta Arag\u00f3 a principis del segle XII \u00e9s la de trobar una soluci\u00f3 jur\u00eddica al testament del rei <\/span><b>Alfons I el Batallador, el qual havent mort sense descend\u00e8ncia, havia donat tots els seus territoris als Ordes militars, i aix\u00f2 va provocar un terrabastall institucional<\/b><span style=\"font-weight: 400\">. Els castellans \u2014aprofitant aquest buit de poder i legitimats per la repudiada exmuller del rei\u2014 iniciaren la invasi\u00f3 de Saragossa, seguida per la desconnexi\u00f3 de Navarra a trav\u00e9s de la figura de <\/span><span style=\"font-weight: 400\">Garcia Ram\u00edrez, conegut com el Restaurador<\/span><span style=\"font-weight: 400\">. D\u2019aquesta manera, Arag\u00f3 quedava molt debilitada econ\u00f2micament amb el conseg\u00fcent risc de desapar\u00e8ixer.\u00a0<\/span><\/p>\n<p><span style=\"font-weight: 400\">En contra del que han dif\u00f3s els extremistes aragonesos,<\/span><b> la uni\u00f3 d\u2019Arag\u00f3 amb<\/b> <b>els comtats catalans va ser l\u2019\u00fanica sortida viable per a l\u2019oligarquia aragonesa<\/b><span style=\"font-weight: 400\">. Va ser l\u2019\u00fanica forma per frenar la pressi\u00f3 exercida, tant per castellans com per navarresos, i aix\u00ed poder potenciar la seva economia agr\u00e0ria i ramadera amb una sortida clara als mercats mediterranis.<\/span><\/p>\n\n      <\/div>\n    <\/div>\n  <\/div>\n<\/div>\n<div class=\"component quote\">\n  <div class=\"container\">\n    <div class=\"row\">\n      <div class=\"quote__content col col-lg-8 offset-lg-2\">\n        <div class=\"quote__content__img\">\n          <img decoding=\"async\" src=\"https:\/\/www.11onze.cat\/wp-content\/uploads\/2021\/09\/GARCIA-ORIOL2-1-768x793.png\" alt=\"\">\n        <\/div>\n        <div class=\"quote__wrapper\">\n          <div class=\"row\">\n            <div class=\"col col-lg-10 offset-lg-1\">\n              <blockquote>\n                <p><b>Voler fer creure que una princesa d\u2019un any enamori a un comte de Barcelona de vint-i-quatre anys, i que aquest \u2014en plena expansi\u00f3 dels seus dominis\u2014 ofereixi els seus territoris a Arag\u00f3 a canvi d\u2019obtenir \u201cun t\u00edtol de m\u00e9s prestigi\u201d, \u00e9s ser un neci!<\/b><\/p>\n\n                <span class=\"quote__content__author\">Oriol Garcia Farr\u00e9, historiador i agent 11Onze<\/span>\n              <\/blockquote>\n            <\/div>\n          <\/div>\n        <\/div>\n      <\/div>\n    <\/div>\n  <\/div>\n<\/div><div class=\"component text\">\n  <div class=\"container\">\n\n\n    <div class=\"row\">\n      <div class=\"col  col-lg-8  offset-lg-2\">\n        <h3><b>Posar els l\u00edmits al poder<\/b><\/h3>\n<p><span style=\"font-weight: 400\">A finals del segle XI, una nova <\/span><span style=\"font-weight: 400\">mentalitat aparegu\u00e9 dins la societat barcelonina, la qual es bas\u00e0 en el treball, la moral empresarial i l\u2019amistat. Per aquest motiu, <\/span><b>Barcelona va poder desenvolupar una forma pr\u00f2pia d\u2019acumulaci\u00f3 de capitals, assentada en l\u2019augment i la millora de la producci\u00f3 agr\u00edcola del seu territori<\/b><span style=\"font-weight: 400\">, cosa que li permet\u00e9 esdevenir l\u2019epicentre administratiu dels comtats catalans. Les nocions de benefici, d\u2019inversi\u00f3 i de capital cristal\u00b7litzen al llarg del segle XII i condueixen als comtes de Barcelona a la conquesta de les ciutats de Tortosa, Lleida i Balaguer, i a l\u2019intent frustrat de conquerir Mallorca.\u00a0<\/span><\/p>\n<p><span style=\"font-weight: 400\">I tot plegat ser\u00e0 possible gr\u00e0cies a un clima d\u2019estabilitat social que d<\/span><span style=\"font-weight: 400\">espr\u00e9s del terrabastall pol\u00edtic que havien suposat les revoltes feudals, es van acabar imposant les <\/span><span style=\"font-weight: 400\">convenientiae o pactes feudals entre iguals. A partir d\u2019aleshores, <\/span><b>la cultura del pacte es va anar generalitzant per tots els comtats catalans i esdevindr\u00e0 una de les particularitats de la nostra manera de ser<\/b><span style=\"font-weight: 400\">. Fruit d\u2019aquell pacte, es redactaria la primera versi\u00f3 dels Usatges de Barcelona, base del dret consuetudinari catal\u00e0.\u00a0<\/span><\/p>\n<p><span style=\"font-weight: 400\">De manera gradual, la sobirania catalana s\u2019anir\u00e0 repartint entre els diferents bra\u00e7os \u2014comte, noblesa, clergat i ciutadans honrats\u2014 que representaran gran part de la societat. Per tant, aquesta pol\u00edtica constitucionalista ser\u00e0 un dels trets distintius de la Corona que a partir del segle XIII s\u2019anir\u00e0 ampliant a mesura que es continu\u00efn executant les pol\u00edtiques expansionistes comtals. Aquests nous territoris seran configurats com a Estats, on la Corona vetllar\u00e0 per a mantenir les particularitats de cada territori. Aleshores, <\/span><b>Catalunya passar\u00e0 a definir-se com a Principat, at\u00e8s que la seva m\u00e0xima autoritat ser\u00e0 la figura d\u2019un pr\u00edncep o el primer entre iguals<\/b><span style=\"font-weight: 400\">.\u00a0<\/span><\/p>\n<p><span style=\"font-weight: 400\">A difer\u00e8ncia de la resta de territoris peninsulars \u2014on la problem\u00e0tica del poder se centrar\u00e0 sobre la sacralitzaci\u00f3\u2014 a Catalunya, el conflicte se situar\u00e0 sobre el seu \u00fas. <\/span><b>La constant evoluci\u00f3 del dret catal\u00e0 acabar\u00e0 atorgant poder al comte per cessi\u00f3 (entre iguals)<\/b><span style=\"font-weight: 400\">. Per tant, se l\u2019obligar\u00e0 a gestionar correctament la seva despesa i a respectar els diferents furs, costums, privilegis o usatges dels seus territoris. D\u2019aquesta manera, es fomentar\u00e0 el pactisme entre iguals, amb la finalitat d\u2019equilibrar els interessos econ\u00f2mics entre la noblesa, el clergat i la burgesia, a fi de mantenir l\u2019estabilitat social.\u00a0\u00a0<\/span><\/p>\n<p><span style=\"font-weight: 400\">Com a resultat \u2014i molt abans que els anglesos\u2014 <\/span><b>les Corts Catalanes esdevindran el model perfecte de parlamentarisme, les quals constituiran el nucli de la tradici\u00f3 pactista catalana que ha arribat fins als nostres dies<\/b><span style=\"font-weight: 400\">. Malauradament, amb la derrota del 1714 i la implantaci\u00f3 del Decret de Nova Planta, la Confederaci\u00f3 Catalanoaragonesa va ser fulminada i esmicolada en diferents prov\u00edncies d\u2019una nova monarquia centralitzada que governaria per a tota la pen\u00ednsula Ib\u00e8rica sense difer\u00e8ncies legals.\u00a0\u00a0<\/span><\/p>\n<p><b>11Onze \u00e9s la fintech comunit\u00e0ria de Catalunya. Obre un compte descarregant l&#8217;app El Canut per <\/b><a href=\"https:\/\/play.google.com\/store\/apps\/details?id=com.e11onze.app&amp;utm_source=emailing&amp;utm_campaign=CANUT+launch\"><b>Android<\/b><\/a><b> o <\/b><a href=\"https:\/\/apps.apple.com\/us\/app\/11onze\/id1566129237?utm_campaign=El+Canut\"><b>iOS<\/b><\/a><b>. Uneix-te a la revoluci\u00f3!<\/b><\/p>\n\n      <\/div>\n    <\/div>\n  <\/div>\n<\/div>\n<div class=\"component cards\">\n  <div class=\"container\">\n    <div class=\"row\">\n      <div class=\"col col-xl-8 offset-xl-2\">\n        <h1>Si t&#8217;ha agradat aquest article, et recomanem:<\/h1>\n        <div class=\"cards__wrapper\">\n          <div class=\"card\">\n            <a href=\"https:\/\/www.11onze.cat\/magazine\/desencontres-catalunya-espanya\/\" class=\"card-link\" target=\"_self\"><\/a>\n            <div class=\"card-img\">\n              <img decoding=\"async\" src=\"https:\/\/www.11onze.cat\/wp-content\/uploads\/2021\/09\/THUMBNAIL_HISTORIA_CATALUNYA-800x533.jpg\" class=\"card-img-top\" alt=\"\">\n                <span class=\"card-category\">Cultura<\/span>\n            <\/div>\n            <div class=\"card-body\">\n              <p class=\"card-title p2\"><strong>Desencontres hist\u00f2rics Catalunya-Espanya<\/strong><\/p>\n              <span class=\"card-time\">10 min read<\/span>\n              <p class=\"card-text small\">L\u2019economia ha estat una de les grans protagonistes&#8230;<\/p>\n            <\/div>\n          <\/div>\n\n\n          <div class=\"card\">\n            <a href=\"https:\/\/www.11onze.cat\/magazine\/guanyar-11-setembre-1714\/\" class=\"card-link\" target=\"_self\"><\/a>\n            <div class=\"card-img\">\n              <img decoding=\"async\" src=\"https:\/\/www.11onze.cat\/wp-content\/uploads\/2022\/09\/THUMBNAIL_11_SETEMBRE.jpg\" class=\"card-img-top\" alt=\"\">\n                <span class=\"card-category\">Comunitat<\/span>\n            <\/div>\n            <div class=\"card-body\">\n              <p class=\"card-title p2\"><strong>Qui va guanyar amb l\u201911 de setembre de 1714?<\/strong><\/p>\n              <span class=\"card-time\">8 min read<\/span>\n              <p class=\"card-text small\">I l\u2019endem\u00e0, res va tornar a ser igual. L\u2019estat catal\u00e0&#8230;<\/p>\n            <\/div>\n          <\/div>\n\n\n          <div class=\"card\">\n            <a href=\"https:\/\/www.11onze.cat\/magazine\/constitucio-explica-espanya\/\" class=\"card-link\" target=\"_self\"><\/a>\n            <div class=\"card-img\">\n              <img decoding=\"async\" src=\"https:\/\/www.11onze.cat\/wp-content\/uploads\/2023\/12\/THUMBNAIL_COM_CONTRUEIX_IDEA_ESPANYA2-800x533.jpg\" class=\"card-img-top\" alt=\"\">\n                <span class=\"card-category\">Cultura<\/span>\n            <\/div>\n            <div class=\"card-body\">\n              <p class=\"card-title p2\"><strong>La Constituci\u00f3 explica qu\u00e8 \u00e9s Espanya?<\/strong><\/p>\n              <span class=\"card-time\">8 min read<\/span>\n              <p class=\"card-text small\">Des de fa temps, la hist\u00f2ria ens retorna a un vell&#8230;<\/p>\n            <\/div>\n          <\/div>\n\n              <\/div>\n              <br>\n              <br>\n              <div class=\"cards__wrapper\">\n\n        <\/div>\n      <\/div>\n    <\/div>\n  <\/div>\n<\/div>","protected":false},"excerpt":{"rendered":"","protected":false},"author":57,"featured_media":45871,"comment_status":"open","ping_status":"closed","sticky":false,"template":"","format":"standard","meta":{"_acf_changed":true,"content-type":"","footnotes":""},"categories":[1],"tags":[178],"class_list":["post-45879","post","type-post","status-publish","format-standard","has-post-thumbnail","hentry","category-uncategorized","tag-cultue"],"acf":[],"yoast_head":"<!-- This site is optimized with the Yoast SEO plugin v27.5 - https:\/\/yoast.com\/product\/yoast-seo-wordpress\/ -->\n<title>Us [and them] - 11Onze<\/title>\n<meta name=\"description\" content=\"The history of Spain - built on the historiographical concept of the Reconquest - is construed on the basis of a false premise.\" \/>\n<meta name=\"robots\" content=\"index, follow, max-snippet:-1, max-image-preview:large, max-video-preview:-1\" \/>\n<link rel=\"canonical\" href=\"https:\/\/www.11onze.cat\/en\/magazine\/us-them\/\" \/>\n<meta property=\"og:locale\" content=\"en_US\" \/>\n<meta property=\"og:type\" content=\"article\" \/>\n<meta property=\"og:title\" content=\"Us [and them] - 11Onze\" \/>\n<meta property=\"og:description\" content=\"The history of Spain - built on the historiographical concept of the Reconquest - is construed on the basis of a false premise.\" \/>\n<meta property=\"og:url\" content=\"https:\/\/www.11onze.cat\/en\/magazine\/us-them\/\" \/>\n<meta property=\"og:site_name\" content=\"11Onze Comunitat Fintech\" \/>\n<meta property=\"article:publisher\" content=\"https:\/\/www.facebook.com\/11OnzeComunitat\" \/>\n<meta property=\"article:published_time\" content=\"2025-09-13T18:00:00+00:00\" \/>\n<meta property=\"og:image\" content=\"https:\/\/www.11onze.cat\/wp-content\/uploads\/2023\/09\/11ONZE_SHARE_NOSALTRES_ELLS.jpg\" \/>\n\t<meta property=\"og:image:width\" content=\"1200\" \/>\n\t<meta property=\"og:image:height\" content=\"675\" \/>\n\t<meta property=\"og:image:type\" content=\"image\/jpeg\" \/>\n<meta name=\"author\" content=\"Oriol Garcia Farr\u00e9\" \/>\n<meta name=\"twitter:card\" content=\"summary_large_image\" \/>\n<meta name=\"twitter:image\" content=\"https:\/\/www.11onze.cat\/wp-content\/uploads\/2023\/09\/11ONZE_SHARE_NOSALTRES_ELLS.jpg\" \/>\n<meta name=\"twitter:creator\" content=\"@11OnzeFintech\" \/>\n<meta name=\"twitter:site\" content=\"@11OnzeFintech\" \/>\n<meta name=\"twitter:label1\" content=\"Written by\" \/>\n\t<meta name=\"twitter:data1\" content=\"Oriol Garcia Farr\u00e9\" \/>\n\t<meta name=\"twitter:label2\" content=\"Est. reading time\" \/>\n\t<meta name=\"twitter:data2\" content=\"1 minute\" \/>\n<script type=\"application\/ld+json\" class=\"yoast-schema-graph\">{\"@context\":\"https:\\\/\\\/schema.org\",\"@graph\":[{\"@type\":\"Article\",\"@id\":\"https:\\\/\\\/www.11onze.cat\\\/en\\\/magazine\\\/us-them\\\/#article\",\"isPartOf\":{\"@id\":\"https:\\\/\\\/www.11onze.cat\\\/en\\\/magazine\\\/us-them\\\/\"},\"author\":{\"name\":\"Oriol Garcia Farr\u00e9\",\"@id\":\"https:\\\/\\\/www.11onze.cat\\\/en\\\/#\\\/schema\\\/person\\\/feeb305690af76e807b5432984ef10cc\"},\"headline\":\"Us [and them]\",\"datePublished\":\"2025-09-13T18:00:00+00:00\",\"mainEntityOfPage\":{\"@id\":\"https:\\\/\\\/www.11onze.cat\\\/en\\\/magazine\\\/us-them\\\/\"},\"wordCount\":3,\"commentCount\":0,\"publisher\":{\"@id\":\"https:\\\/\\\/www.11onze.cat\\\/en\\\/#organization\"},\"image\":{\"@id\":\"https:\\\/\\\/www.11onze.cat\\\/en\\\/magazine\\\/us-them\\\/#primaryimage\"},\"thumbnailUrl\":\"https:\\\/\\\/www.11onze.cat\\\/wp-content\\\/uploads\\\/2023\\\/09\\\/THUMBNAIL_NOSALTRES_ELLS.jpg\",\"keywords\":[\"Culture\"],\"inLanguage\":\"en-US\",\"potentialAction\":[{\"@type\":\"CommentAction\",\"name\":\"Comment\",\"target\":[\"https:\\\/\\\/www.11onze.cat\\\/en\\\/magazine\\\/us-them\\\/#respond\"]}]},{\"@type\":\"WebPage\",\"@id\":\"https:\\\/\\\/www.11onze.cat\\\/en\\\/magazine\\\/us-them\\\/\",\"url\":\"https:\\\/\\\/www.11onze.cat\\\/en\\\/magazine\\\/us-them\\\/\",\"name\":\"Us [and them] - 11Onze\",\"isPartOf\":{\"@id\":\"https:\\\/\\\/www.11onze.cat\\\/en\\\/#website\"},\"primaryImageOfPage\":{\"@id\":\"https:\\\/\\\/www.11onze.cat\\\/en\\\/magazine\\\/us-them\\\/#primaryimage\"},\"image\":{\"@id\":\"https:\\\/\\\/www.11onze.cat\\\/en\\\/magazine\\\/us-them\\\/#primaryimage\"},\"thumbnailUrl\":\"https:\\\/\\\/www.11onze.cat\\\/wp-content\\\/uploads\\\/2023\\\/09\\\/THUMBNAIL_NOSALTRES_ELLS.jpg\",\"datePublished\":\"2025-09-13T18:00:00+00:00\",\"description\":\"The history of Spain - built on the historiographical concept of the Reconquest - is construed on the basis of a false premise.\",\"breadcrumb\":{\"@id\":\"https:\\\/\\\/www.11onze.cat\\\/en\\\/magazine\\\/us-them\\\/#breadcrumb\"},\"inLanguage\":\"en-US\",\"potentialAction\":[{\"@type\":\"ReadAction\",\"target\":[\"https:\\\/\\\/www.11onze.cat\\\/en\\\/magazine\\\/us-them\\\/\"]}]},{\"@type\":\"ImageObject\",\"inLanguage\":\"en-US\",\"@id\":\"https:\\\/\\\/www.11onze.cat\\\/en\\\/magazine\\\/us-them\\\/#primaryimage\",\"url\":\"https:\\\/\\\/www.11onze.cat\\\/wp-content\\\/uploads\\\/2023\\\/09\\\/THUMBNAIL_NOSALTRES_ELLS.jpg\",\"contentUrl\":\"https:\\\/\\\/www.11onze.cat\\\/wp-content\\\/uploads\\\/2023\\\/09\\\/THUMBNAIL_NOSALTRES_ELLS.jpg\",\"width\":1200,\"height\":800},{\"@type\":\"BreadcrumbList\",\"@id\":\"https:\\\/\\\/www.11onze.cat\\\/en\\\/magazine\\\/us-them\\\/#breadcrumb\",\"itemListElement\":[{\"@type\":\"ListItem\",\"position\":1,\"name\":\"Home\",\"item\":\"https:\\\/\\\/www.11onze.cat\\\/en\\\/\"},{\"@type\":\"ListItem\",\"position\":2,\"name\":\"Us [and them]\"}]},{\"@type\":\"WebSite\",\"@id\":\"https:\\\/\\\/www.11onze.cat\\\/en\\\/#website\",\"url\":\"https:\\\/\\\/www.11onze.cat\\\/en\\\/\",\"name\":\"11Onze Comunitat Fintech\",\"description\":\"First digital fintech community in Catalonia\",\"publisher\":{\"@id\":\"https:\\\/\\\/www.11onze.cat\\\/en\\\/#organization\"},\"potentialAction\":[{\"@type\":\"SearchAction\",\"target\":{\"@type\":\"EntryPoint\",\"urlTemplate\":\"https:\\\/\\\/www.11onze.cat\\\/en\\\/?s={search_term_string}\"},\"query-input\":{\"@type\":\"PropertyValueSpecification\",\"valueRequired\":true,\"valueName\":\"search_term_string\"}}],\"inLanguage\":\"en-US\"},{\"@type\":\"Organization\",\"@id\":\"https:\\\/\\\/www.11onze.cat\\\/en\\\/#organization\",\"name\":\"11Onze Comunitat Fintech\",\"url\":\"https:\\\/\\\/www.11onze.cat\\\/en\\\/\",\"logo\":{\"@type\":\"ImageObject\",\"inLanguage\":\"en-US\",\"@id\":\"https:\\\/\\\/www.11onze.cat\\\/en\\\/#\\\/schema\\\/logo\\\/image\\\/\",\"url\":\"https:\\\/\\\/www.11onze.cat\\\/wp-content\\\/uploads\\\/2021\\\/04\\\/512x512-11Onze.jpg\",\"contentUrl\":\"https:\\\/\\\/www.11onze.cat\\\/wp-content\\\/uploads\\\/2021\\\/04\\\/512x512-11Onze.jpg\",\"width\":512,\"height\":512,\"caption\":\"11Onze Comunitat Fintech\"},\"image\":{\"@id\":\"https:\\\/\\\/www.11onze.cat\\\/en\\\/#\\\/schema\\\/logo\\\/image\\\/\"},\"sameAs\":[\"https:\\\/\\\/www.facebook.com\\\/11OnzeComunitat\",\"https:\\\/\\\/x.com\\\/11OnzeFintech\",\"https:\\\/\\\/www.instagram.com\\\/11onzecat\\\/\",\"https:\\\/\\\/www.linkedin.com\\\/company\\\/11onzebanc\",\"https:\\\/\\\/www.youtube.com\\\/channel\\\/UCz63R8Byd_kBKtK2M4Qf_7w\"]},{\"@type\":\"Person\",\"@id\":\"https:\\\/\\\/www.11onze.cat\\\/en\\\/#\\\/schema\\\/person\\\/feeb305690af76e807b5432984ef10cc\",\"name\":\"Oriol Garcia Farr\u00e9\",\"image\":{\"@type\":\"ImageObject\",\"inLanguage\":\"en-US\",\"@id\":\"https:\\\/\\\/secure.gravatar.com\\\/avatar\\\/738c3e19c6e12cfa4f74722807bb280f0d7ca2cf03b265e0524c345dd5917961?s=96&d=mm&r=g\",\"url\":\"https:\\\/\\\/secure.gravatar.com\\\/avatar\\\/738c3e19c6e12cfa4f74722807bb280f0d7ca2cf03b265e0524c345dd5917961?s=96&d=mm&r=g\",\"contentUrl\":\"https:\\\/\\\/secure.gravatar.com\\\/avatar\\\/738c3e19c6e12cfa4f74722807bb280f0d7ca2cf03b265e0524c345dd5917961?s=96&d=mm&r=g\",\"caption\":\"Oriol Garcia Farr\u00e9\"},\"url\":\"https:\\\/\\\/www.11onze.cat\\\/en\\\/magazine\\\/author\\\/oriol-gf11onze-cat\\\/\"}]}<\/script>\n<!-- \/ Yoast SEO plugin. -->","yoast_head_json":{"title":"Us [and them] - 11Onze","description":"The history of Spain - built on the historiographical concept of the Reconquest - is construed on the basis of a false premise.","robots":{"index":"index","follow":"follow","max-snippet":"max-snippet:-1","max-image-preview":"max-image-preview:large","max-video-preview":"max-video-preview:-1"},"canonical":"https:\/\/www.11onze.cat\/en\/magazine\/us-them\/","og_locale":"en_US","og_type":"article","og_title":"Us [and them] - 11Onze","og_description":"The history of Spain - built on the historiographical concept of the Reconquest - is construed on the basis of a false premise.","og_url":"https:\/\/www.11onze.cat\/en\/magazine\/us-them\/","og_site_name":"11Onze Comunitat Fintech","article_publisher":"https:\/\/www.facebook.com\/11OnzeComunitat","article_published_time":"2025-09-13T18:00:00+00:00","og_image":[{"width":1200,"height":675,"url":"https:\/\/www.11onze.cat\/wp-content\/uploads\/2023\/09\/11ONZE_SHARE_NOSALTRES_ELLS.jpg","type":"image\/jpeg"}],"author":"Oriol Garcia Farr\u00e9","twitter_card":"summary_large_image","twitter_image":"https:\/\/www.11onze.cat\/wp-content\/uploads\/2023\/09\/11ONZE_SHARE_NOSALTRES_ELLS.jpg","twitter_creator":"@11OnzeFintech","twitter_site":"@11OnzeFintech","twitter_misc":{"Written by":"Oriol Garcia Farr\u00e9","Est. reading time":"1 minute"},"schema":{"@context":"https:\/\/schema.org","@graph":[{"@type":"Article","@id":"https:\/\/www.11onze.cat\/en\/magazine\/us-them\/#article","isPartOf":{"@id":"https:\/\/www.11onze.cat\/en\/magazine\/us-them\/"},"author":{"name":"Oriol Garcia Farr\u00e9","@id":"https:\/\/www.11onze.cat\/en\/#\/schema\/person\/feeb305690af76e807b5432984ef10cc"},"headline":"Us [and them]","datePublished":"2025-09-13T18:00:00+00:00","mainEntityOfPage":{"@id":"https:\/\/www.11onze.cat\/en\/magazine\/us-them\/"},"wordCount":3,"commentCount":0,"publisher":{"@id":"https:\/\/www.11onze.cat\/en\/#organization"},"image":{"@id":"https:\/\/www.11onze.cat\/en\/magazine\/us-them\/#primaryimage"},"thumbnailUrl":"https:\/\/www.11onze.cat\/wp-content\/uploads\/2023\/09\/THUMBNAIL_NOSALTRES_ELLS.jpg","keywords":["Culture"],"inLanguage":"en-US","potentialAction":[{"@type":"CommentAction","name":"Comment","target":["https:\/\/www.11onze.cat\/en\/magazine\/us-them\/#respond"]}]},{"@type":"WebPage","@id":"https:\/\/www.11onze.cat\/en\/magazine\/us-them\/","url":"https:\/\/www.11onze.cat\/en\/magazine\/us-them\/","name":"Us [and them] - 11Onze","isPartOf":{"@id":"https:\/\/www.11onze.cat\/en\/#website"},"primaryImageOfPage":{"@id":"https:\/\/www.11onze.cat\/en\/magazine\/us-them\/#primaryimage"},"image":{"@id":"https:\/\/www.11onze.cat\/en\/magazine\/us-them\/#primaryimage"},"thumbnailUrl":"https:\/\/www.11onze.cat\/wp-content\/uploads\/2023\/09\/THUMBNAIL_NOSALTRES_ELLS.jpg","datePublished":"2025-09-13T18:00:00+00:00","description":"The history of Spain - built on the historiographical concept of the Reconquest - is construed on the basis of a false premise.","breadcrumb":{"@id":"https:\/\/www.11onze.cat\/en\/magazine\/us-them\/#breadcrumb"},"inLanguage":"en-US","potentialAction":[{"@type":"ReadAction","target":["https:\/\/www.11onze.cat\/en\/magazine\/us-them\/"]}]},{"@type":"ImageObject","inLanguage":"en-US","@id":"https:\/\/www.11onze.cat\/en\/magazine\/us-them\/#primaryimage","url":"https:\/\/www.11onze.cat\/wp-content\/uploads\/2023\/09\/THUMBNAIL_NOSALTRES_ELLS.jpg","contentUrl":"https:\/\/www.11onze.cat\/wp-content\/uploads\/2023\/09\/THUMBNAIL_NOSALTRES_ELLS.jpg","width":1200,"height":800},{"@type":"BreadcrumbList","@id":"https:\/\/www.11onze.cat\/en\/magazine\/us-them\/#breadcrumb","itemListElement":[{"@type":"ListItem","position":1,"name":"Home","item":"https:\/\/www.11onze.cat\/en\/"},{"@type":"ListItem","position":2,"name":"Us [and them]"}]},{"@type":"WebSite","@id":"https:\/\/www.11onze.cat\/en\/#website","url":"https:\/\/www.11onze.cat\/en\/","name":"11Onze Comunitat Fintech","description":"First digital fintech community in Catalonia","publisher":{"@id":"https:\/\/www.11onze.cat\/en\/#organization"},"potentialAction":[{"@type":"SearchAction","target":{"@type":"EntryPoint","urlTemplate":"https:\/\/www.11onze.cat\/en\/?s={search_term_string}"},"query-input":{"@type":"PropertyValueSpecification","valueRequired":true,"valueName":"search_term_string"}}],"inLanguage":"en-US"},{"@type":"Organization","@id":"https:\/\/www.11onze.cat\/en\/#organization","name":"11Onze Comunitat Fintech","url":"https:\/\/www.11onze.cat\/en\/","logo":{"@type":"ImageObject","inLanguage":"en-US","@id":"https:\/\/www.11onze.cat\/en\/#\/schema\/logo\/image\/","url":"https:\/\/www.11onze.cat\/wp-content\/uploads\/2021\/04\/512x512-11Onze.jpg","contentUrl":"https:\/\/www.11onze.cat\/wp-content\/uploads\/2021\/04\/512x512-11Onze.jpg","width":512,"height":512,"caption":"11Onze Comunitat Fintech"},"image":{"@id":"https:\/\/www.11onze.cat\/en\/#\/schema\/logo\/image\/"},"sameAs":["https:\/\/www.facebook.com\/11OnzeComunitat","https:\/\/x.com\/11OnzeFintech","https:\/\/www.instagram.com\/11onzecat\/","https:\/\/www.linkedin.com\/company\/11onzebanc","https:\/\/www.youtube.com\/channel\/UCz63R8Byd_kBKtK2M4Qf_7w"]},{"@type":"Person","@id":"https:\/\/www.11onze.cat\/en\/#\/schema\/person\/feeb305690af76e807b5432984ef10cc","name":"Oriol Garcia Farr\u00e9","image":{"@type":"ImageObject","inLanguage":"en-US","@id":"https:\/\/secure.gravatar.com\/avatar\/738c3e19c6e12cfa4f74722807bb280f0d7ca2cf03b265e0524c345dd5917961?s=96&d=mm&r=g","url":"https:\/\/secure.gravatar.com\/avatar\/738c3e19c6e12cfa4f74722807bb280f0d7ca2cf03b265e0524c345dd5917961?s=96&d=mm&r=g","contentUrl":"https:\/\/secure.gravatar.com\/avatar\/738c3e19c6e12cfa4f74722807bb280f0d7ca2cf03b265e0524c345dd5917961?s=96&d=mm&r=g","caption":"Oriol Garcia Farr\u00e9"},"url":"https:\/\/www.11onze.cat\/en\/magazine\/author\/oriol-gf11onze-cat\/"}]}},"_links":{"self":[{"href":"https:\/\/www.11onze.cat\/en\/wp-json\/wp\/v2\/posts\/45879","targetHints":{"allow":["GET"]}}],"collection":[{"href":"https:\/\/www.11onze.cat\/en\/wp-json\/wp\/v2\/posts"}],"about":[{"href":"https:\/\/www.11onze.cat\/en\/wp-json\/wp\/v2\/types\/post"}],"author":[{"embeddable":true,"href":"https:\/\/www.11onze.cat\/en\/wp-json\/wp\/v2\/users\/57"}],"replies":[{"embeddable":true,"href":"https:\/\/www.11onze.cat\/en\/wp-json\/wp\/v2\/comments?post=45879"}],"version-history":[{"count":0,"href":"https:\/\/www.11onze.cat\/en\/wp-json\/wp\/v2\/posts\/45879\/revisions"}],"wp:featuredmedia":[{"embeddable":true,"href":"https:\/\/www.11onze.cat\/en\/wp-json\/wp\/v2\/media\/45871"}],"wp:attachment":[{"href":"https:\/\/www.11onze.cat\/en\/wp-json\/wp\/v2\/media?parent=45879"}],"wp:term":[{"taxonomy":"category","embeddable":true,"href":"https:\/\/www.11onze.cat\/en\/wp-json\/wp\/v2\/categories?post=45879"},{"taxonomy":"post_tag","embeddable":true,"href":"https:\/\/www.11onze.cat\/en\/wp-json\/wp\/v2\/tags?post=45879"}],"curies":[{"name":"wp","href":"https:\/\/api.w.org\/{rel}","templated":true}]}}