{"id":40860,"date":"2022-12-21T21:00:00","date_gmt":"2022-12-21T20:00:00","guid":{"rendered":"https:\/\/www.11onze.cat\/?p=40860"},"modified":"2022-12-21T15:40:25","modified_gmt":"2022-12-21T14:40:25","slug":"christmas-cooking-chef-adria-subirana","status":"publish","type":"post","link":"https:\/\/www.11onze.cat\/en\/magazine\/christmas-cooking-chef-adria-subirana\/","title":{"rendered":"Christmas cooking with chef Adri\u00e0 Subirana"},"content":{"rendered":"<div class=\"component text\">\n  <div class=\"container\">\n\n\n    <div class=\"row\">\n      <div class=\"col  col-lg-8  offset-lg-2\">\n        <h3><b>Christmas meals often end up taking their toll on our wallets and digestive system. In a new episode of La Pla\u00e7a, Adri\u00e0 Subirana, executive chef of Oyatsu Lap, explains how we can improve our Christmas meals with a more balanced and economical cuisine.<\/b><\/h3>\n<p>&nbsp;<\/p>\n<p><span style=\"font-weight: 400;\">According to a <\/span><a href=\"https:\/\/www2.deloitte.com\/es\/es\/pages\/consumer-business\/articles\/informe-consumo-navidad.html\" target=\"_blank\" rel=\"noopener\"><b>report<\/b><\/a> <span style=\"font-weight: 400;\">by the consultancy Deloitte, this year<\/span><b> the average family will spend \u20ac165 on food and drink during the Christmas holidays<\/b><span style=\"font-weight: 400;\">. A considerable expenditure, given the current economic situation of many families.<\/span><\/p>\n<p><span style=\"font-weight: 400;\">But to enjoy a good Christmas meal it is not necessary to spend large sums of money, <\/span><b>reused leftovers, vegetables and common sense are our allies.<\/b><span style=\"font-weight: 400;\"> We must avoid overeating, as Subirana explains, &#8220;we have a bad tendency to prepare food for twenty people when there are only five of us&#8221;, and he also recommends &#8220;introducing seasonal vegetables that can reduce the cost considerably&#8221;.<\/span><\/p>\n\n      <\/div>\n    <\/div>\n  <\/div>\n<\/div>\n\n\n<div class=\"component gallery\">\n  <div class=\"container\">\n    <div class=\"row\">\n      <div class=\"col col-lg-10 offset-lg-1\">\n        <div id=\"slider\" class=\"carousel slide\">\n          <div class=\"carousel-inner\">\n            <div class=\"carousel-item active video-player inline-player\" data-video-id=\"6317592326112\">\n              <img decoding=\"async\" class=\"d-block w-100\" src=\"https:\/\/www.11onze.cat\/wp-content\/uploads\/2022\/12\/VISUALS_PODCAST_RADIO_IMAGE_VIDEO_BLOCK_PSN_PRESS-2-scaled.jpg\" alt=\"\">\n              <button type=\"button\" class=\"play\"><\/button>\n              <div class=\"carousel-caption\">\n                <p>La Pla\u00e7a | Territori 17: Christmas meals<\/p>\n              <\/div>\n            <\/div>\n          <\/div>\n        <\/div>\n      <\/div>\n    <\/div>\n  <\/div>\n<\/div>\n\n<div class=\"component text\">\n  <div class=\"container\">\n\n\n    <div class=\"row\">\n      <div class=\"col  col-lg-8  offset-lg-2\">\n        <h3><b>The importance of a good chicken<\/b><\/h3>\n<p><span style=\"font-weight: 400;\">The Christmas roast is a well-established dish in Catalan culinary culture that no home is complete without during the festive season. Chicken with plums and pine nuts is the basis of a very simple recipe with many possible variations, but as the chef of Oyatsu Lab points out, &#8220;<\/span><b>we buy a good chicken that has a small breast and a fat thigh!<\/b><span style=\"font-weight: 400;\">&#8220;, chickens don&#8217;t fly, they walk, so &#8220;if it has a small thigh, this chicken didn&#8217;t move!\u201d.<\/span><\/p>\n<p><span style=\"font-weight: 400;\">And for dessert, nougat? Not everyone is a fan of nougat, so Subirana offers us a good option to maintain the nougat tradition, but adapted to lighter tastes, preparing &#8220;<\/span><b>a nougat mousse with yoghurt, cream and mascarpone&#8221;<\/b><span style=\"font-weight: 400;\"> which can be decorated with a biscuit or a bit of fruit.<\/span><\/p>\n<p>&nbsp;<\/p>\n<p><b>11Onze is the community fintech of Catalonia. Open an account by downloading the super app El Canut for <\/b><a href=\"https:\/\/play.google.com\/store\/apps\/details?id=com.e11onze.app&amp;utm_source=emailing&amp;utm_campaign=CANUT+launch\" target=\"_blank\" rel=\"noopener\"><b>Android<\/b><\/a><b> or <\/b><a href=\"https:\/\/apps.apple.com\/us\/app\/11onze\/id1566129237?utm_campaign=El+Canut\" target=\"_blank\" rel=\"noopener\"><b>iOS<\/b><\/a><b> and join the revolution!<\/b><\/p>\n\n      <\/div>\n    <\/div>\n  <\/div>\n<\/div>\n\n\n<div class=\"component cards\">\n  <div class=\"container\">\n    <div class=\"row\">\n      <div class=\"col col-xl-8 offset-xl-2\">\n        <h1>If you liked this article, we recommend you read:<\/h1>\n        <div class=\"cards__wrapper\">\n          <div class=\"card\">\n            <a href=\"https:\/\/www.11onze.cat\/en\/magazine\/ten-tips-organising-christmas-shopping\/\" class=\"card-link\" target=\"_self\"><\/a>\n            <div class=\"card-img\">\n              <img decoding=\"async\" src=\"https:\/\/www.11onze.cat\/wp-content\/uploads\/2021\/12\/THUMBNAIL_ORGANITZAR_COMPRES_NADAL-800x533.jpg\" class=\"card-img-top\" alt=\"\">\n                <span class=\"card-category\">Culture<\/span>\n            <\/div>\n            <div class=\"card-body\">\n              <p class=\"card-title p2\"><strong>Ten tips for organising Christmas shopping<\/strong><\/p>\n              <span class=\"card-time\">4 min read<\/span>\n              <p class=\"card-text small\">At 11Onze we have given you ideas on how to avoid impulse<\/p>\n            <\/div>\n          <\/div>\n\n\n          <div class=\"card\">\n            <a href=\"https:\/\/www.11onze.cat\/en\/magazine\/11-gifts-sustainable-christmas\/\" class=\"card-link\" target=\"_self\"><\/a>\n            <div class=\"card-img\">\n              <img decoding=\"async\" src=\"https:\/\/www.11onze.cat\/wp-content\/uploads\/2022\/12\/THUMBNAIL_REGALS_NADAL.jpg\" class=\"card-img-top\" alt=\"\">\n                <span class=\"card-category\">Culture<\/span>\n            <\/div>\n            <div class=\"card-body\">\n              <p class=\"card-title p2\"><strong>11 gifts for a more sustainable Christmas<\/strong><\/p>\n              <span class=\"card-time\">5 min read<\/span>\n              <p class=\"card-text small\">Christmas is coming and we are all racking our brains to find the<\/p>\n            <\/div>\n          <\/div>\n\n\n          <div class=\"card\">\n            <a href=\"https:\/\/www.11onze.cat\/en\/magazine\/energia-conscious-christmas\/\" class=\"card-link\" target=\"_self\"><\/a>\n            <div class=\"card-img\">\n              <img decoding=\"async\" src=\"https:\/\/www.11onze.cat\/wp-content\/uploads\/2022\/12\/THUMBNAIL_ENERGIA_7.jpg\" class=\"card-img-top\" alt=\"\">\n                <span class=\"card-category\">Sustainability<\/span>\n            <\/div>\n            <div class=\"card-body\">\n              <p class=\"card-title p2\"><strong>Energia: for a conscious Christmas<\/strong><\/p>\n              <span class=\"card-time\">3 min read<\/span>\n              <p class=\"card-text small\">At this time of year, the consumerist excess of Black<\/p>\n            <\/div>\n          <\/div>\n\n              <\/div>\n              <br>\n              <br>\n              <div class=\"cards__wrapper\">\n\n        <\/div>\n      <\/div>\n    <\/div>\n  <\/div>\n<\/div>","protected":false},"excerpt":{"rendered":"","protected":false},"author":71,"featured_media":40845,"comment_status":"open","ping_status":"closed","sticky":false,"template":"","format":"standard","meta":{"_acf_changed":false,"content-type":"","footnotes":""},"categories":[1],"tags":[19],"class_list":["post-40860","post","type-post","status-publish","format-standard","has-post-thumbnail","hentry","category-uncategorized","tag-sustainability"],"acf":[],"yoast_head":"<!-- This site is optimized with the Yoast SEO plugin v27.4 - https:\/\/yoast.com\/product\/yoast-seo-wordpress\/ -->\n<title>Christmas cooking with chef Adri\u00e0 Subirana - 11Onze<\/title>\n<meta name=\"description\" content=\"In a new La Pla\u00e7a podcast, Adri\u00e0 Subirana, Executive Chef of Oyatsu Lab, and Gemma Vallet, Director of 11Onze District, explain how we can enjoy more balanced Christmas meals.\" \/>\n<meta name=\"robots\" content=\"index, follow, max-snippet:-1, max-image-preview:large, max-video-preview:-1\" \/>\n<link rel=\"canonical\" href=\"https:\/\/www.11onze.cat\/en\/magazine\/christmas-cooking-chef-adria-subirana\/\" \/>\n<meta property=\"og:locale\" content=\"en_US\" \/>\n<meta property=\"og:type\" content=\"article\" \/>\n<meta property=\"og:title\" content=\"Christmas cooking with chef Adri\u00e0 Subirana - 11Onze\" \/>\n<meta property=\"og:description\" content=\"In a new La Pla\u00e7a podcast, Adri\u00e0 Subirana, Executive Chef of Oyatsu Lab, and Gemma Vallet, Director of 11Onze District, explain how we can enjoy more balanced Christmas meals.\" \/>\n<meta property=\"og:url\" content=\"https:\/\/www.11onze.cat\/en\/magazine\/christmas-cooking-chef-adria-subirana\/\" \/>\n<meta property=\"og:site_name\" content=\"11Onze Comunitat Fintech\" \/>\n<meta property=\"article:publisher\" content=\"https:\/\/www.facebook.com\/11OnzeComunitat\" \/>\n<meta property=\"article:published_time\" content=\"2022-12-21T20:00:00+00:00\" \/>\n<meta property=\"og:image\" content=\"https:\/\/www.11onze.cat\/wp-content\/uploads\/2022\/12\/VISUALS_PODCAST_RADIO_SHARE_IMAGE_PRESS-2-scaled.jpg\" \/>\n\t<meta property=\"og:image:width\" content=\"2560\" \/>\n\t<meta property=\"og:image:height\" content=\"1440\" \/>\n\t<meta property=\"og:image:type\" content=\"image\/jpeg\" \/>\n<meta name=\"author\" content=\"Equip Editorial\" \/>\n<meta name=\"twitter:card\" content=\"summary_large_image\" \/>\n<meta name=\"twitter:title\" content=\"Christmas cooking with chef Adri\u00e0 Subirana - 11Onze\" \/>\n<meta name=\"twitter:description\" content=\"In a new La Pla\u00e7a podcast, Adri\u00e0 Subirana, Executive Chef of Oyatsu Lab, and Gemma Vallet, Director of 11Onze District, explain how we can enjoy more balanced Christmas meals.\" \/>\n<meta name=\"twitter:image\" content=\"https:\/\/www.11onze.cat\/wp-content\/uploads\/2022\/12\/VISUALS_PODCAST_RADIO_SHARE_IMAGE_PRESS-2-scaled.jpg\" \/>\n<meta name=\"twitter:creator\" content=\"@11OnzeFintech\" \/>\n<meta name=\"twitter:site\" content=\"@11OnzeFintech\" \/>\n<meta name=\"twitter:label1\" content=\"Written by\" \/>\n\t<meta name=\"twitter:data1\" content=\"Equip Editorial\" \/>\n<script type=\"application\/ld+json\" class=\"yoast-schema-graph\">{\"@context\":\"https:\\\/\\\/schema.org\",\"@graph\":[{\"@type\":\"Article\",\"@id\":\"https:\\\/\\\/www.11onze.cat\\\/en\\\/magazine\\\/christmas-cooking-chef-adria-subirana\\\/#article\",\"isPartOf\":{\"@id\":\"https:\\\/\\\/www.11onze.cat\\\/en\\\/magazine\\\/christmas-cooking-chef-adria-subirana\\\/\"},\"author\":{\"name\":\"Equip Editorial\",\"@id\":\"https:\\\/\\\/www.11onze.cat\\\/en\\\/#\\\/schema\\\/person\\\/636d99b4c82bb7178687ecd43c3a61bd\"},\"headline\":\"Christmas cooking with chef Adri\u00e0 Subirana\",\"datePublished\":\"2022-12-21T20:00:00+00:00\",\"mainEntityOfPage\":{\"@id\":\"https:\\\/\\\/www.11onze.cat\\\/en\\\/magazine\\\/christmas-cooking-chef-adria-subirana\\\/\"},\"wordCount\":6,\"commentCount\":0,\"publisher\":{\"@id\":\"https:\\\/\\\/www.11onze.cat\\\/en\\\/#organization\"},\"image\":{\"@id\":\"https:\\\/\\\/www.11onze.cat\\\/en\\\/magazine\\\/christmas-cooking-chef-adria-subirana\\\/#primaryimage\"},\"thumbnailUrl\":\"https:\\\/\\\/www.11onze.cat\\\/wp-content\\\/uploads\\\/2022\\\/12\\\/VISUALS_PODCAST_RADIO_THUMBNAIL_PSN_PRESS.jpg\",\"keywords\":[\"Sustainability\"],\"inLanguage\":\"en-US\",\"potentialAction\":[{\"@type\":\"CommentAction\",\"name\":\"Comment\",\"target\":[\"https:\\\/\\\/www.11onze.cat\\\/en\\\/magazine\\\/christmas-cooking-chef-adria-subirana\\\/#respond\"]}]},{\"@type\":\"WebPage\",\"@id\":\"https:\\\/\\\/www.11onze.cat\\\/en\\\/magazine\\\/christmas-cooking-chef-adria-subirana\\\/\",\"url\":\"https:\\\/\\\/www.11onze.cat\\\/en\\\/magazine\\\/christmas-cooking-chef-adria-subirana\\\/\",\"name\":\"Christmas cooking with chef Adri\u00e0 Subirana - 11Onze\",\"isPartOf\":{\"@id\":\"https:\\\/\\\/www.11onze.cat\\\/en\\\/#website\"},\"primaryImageOfPage\":{\"@id\":\"https:\\\/\\\/www.11onze.cat\\\/en\\\/magazine\\\/christmas-cooking-chef-adria-subirana\\\/#primaryimage\"},\"image\":{\"@id\":\"https:\\\/\\\/www.11onze.cat\\\/en\\\/magazine\\\/christmas-cooking-chef-adria-subirana\\\/#primaryimage\"},\"thumbnailUrl\":\"https:\\\/\\\/www.11onze.cat\\\/wp-content\\\/uploads\\\/2022\\\/12\\\/VISUALS_PODCAST_RADIO_THUMBNAIL_PSN_PRESS.jpg\",\"datePublished\":\"2022-12-21T20:00:00+00:00\",\"description\":\"In a new La Pla\u00e7a podcast, Adri\u00e0 Subirana, Executive Chef of Oyatsu Lab, and Gemma Vallet, Director of 11Onze District, explain how we can enjoy more balanced Christmas meals.\",\"breadcrumb\":{\"@id\":\"https:\\\/\\\/www.11onze.cat\\\/en\\\/magazine\\\/christmas-cooking-chef-adria-subirana\\\/#breadcrumb\"},\"inLanguage\":\"en-US\",\"potentialAction\":[{\"@type\":\"ReadAction\",\"target\":[\"https:\\\/\\\/www.11onze.cat\\\/en\\\/magazine\\\/christmas-cooking-chef-adria-subirana\\\/\"]}]},{\"@type\":\"ImageObject\",\"inLanguage\":\"en-US\",\"@id\":\"https:\\\/\\\/www.11onze.cat\\\/en\\\/magazine\\\/christmas-cooking-chef-adria-subirana\\\/#primaryimage\",\"url\":\"https:\\\/\\\/www.11onze.cat\\\/wp-content\\\/uploads\\\/2022\\\/12\\\/VISUALS_PODCAST_RADIO_THUMBNAIL_PSN_PRESS.jpg\",\"contentUrl\":\"https:\\\/\\\/www.11onze.cat\\\/wp-content\\\/uploads\\\/2022\\\/12\\\/VISUALS_PODCAST_RADIO_THUMBNAIL_PSN_PRESS.jpg\",\"width\":1564,\"height\":1051},{\"@type\":\"BreadcrumbList\",\"@id\":\"https:\\\/\\\/www.11onze.cat\\\/en\\\/magazine\\\/christmas-cooking-chef-adria-subirana\\\/#breadcrumb\",\"itemListElement\":[{\"@type\":\"ListItem\",\"position\":1,\"name\":\"Home\",\"item\":\"https:\\\/\\\/www.11onze.cat\\\/en\\\/\"},{\"@type\":\"ListItem\",\"position\":2,\"name\":\"Christmas cooking with chef Adri\u00e0 Subirana\"}]},{\"@type\":\"WebSite\",\"@id\":\"https:\\\/\\\/www.11onze.cat\\\/en\\\/#website\",\"url\":\"https:\\\/\\\/www.11onze.cat\\\/en\\\/\",\"name\":\"11Onze Comunitat Fintech\",\"description\":\"First digital fintech community in Catalonia\",\"publisher\":{\"@id\":\"https:\\\/\\\/www.11onze.cat\\\/en\\\/#organization\"},\"potentialAction\":[{\"@type\":\"SearchAction\",\"target\":{\"@type\":\"EntryPoint\",\"urlTemplate\":\"https:\\\/\\\/www.11onze.cat\\\/en\\\/?s={search_term_string}\"},\"query-input\":{\"@type\":\"PropertyValueSpecification\",\"valueRequired\":true,\"valueName\":\"search_term_string\"}}],\"inLanguage\":\"en-US\"},{\"@type\":\"Organization\",\"@id\":\"https:\\\/\\\/www.11onze.cat\\\/en\\\/#organization\",\"name\":\"11Onze Comunitat Fintech\",\"url\":\"https:\\\/\\\/www.11onze.cat\\\/en\\\/\",\"logo\":{\"@type\":\"ImageObject\",\"inLanguage\":\"en-US\",\"@id\":\"https:\\\/\\\/www.11onze.cat\\\/en\\\/#\\\/schema\\\/logo\\\/image\\\/\",\"url\":\"https:\\\/\\\/www.11onze.cat\\\/wp-content\\\/uploads\\\/2021\\\/04\\\/512x512-11Onze.jpg\",\"contentUrl\":\"https:\\\/\\\/www.11onze.cat\\\/wp-content\\\/uploads\\\/2021\\\/04\\\/512x512-11Onze.jpg\",\"width\":512,\"height\":512,\"caption\":\"11Onze Comunitat Fintech\"},\"image\":{\"@id\":\"https:\\\/\\\/www.11onze.cat\\\/en\\\/#\\\/schema\\\/logo\\\/image\\\/\"},\"sameAs\":[\"https:\\\/\\\/www.facebook.com\\\/11OnzeComunitat\",\"https:\\\/\\\/x.com\\\/11OnzeFintech\",\"https:\\\/\\\/www.instagram.com\\\/11onzecat\\\/\",\"https:\\\/\\\/www.linkedin.com\\\/company\\\/11onzebanc\",\"https:\\\/\\\/www.youtube.com\\\/channel\\\/UCz63R8Byd_kBKtK2M4Qf_7w\"]},{\"@type\":\"Person\",\"@id\":\"https:\\\/\\\/www.11onze.cat\\\/en\\\/#\\\/schema\\\/person\\\/636d99b4c82bb7178687ecd43c3a61bd\",\"name\":\"Equip Editorial\",\"image\":{\"@type\":\"ImageObject\",\"inLanguage\":\"en-US\",\"@id\":\"https:\\\/\\\/www.11onze.cat\\\/wp-content\\\/uploads\\\/2022\\\/05\\\/HEADER_AGENTS_DECK-300x300.jpg\",\"url\":\"https:\\\/\\\/www.11onze.cat\\\/wp-content\\\/uploads\\\/2022\\\/05\\\/HEADER_AGENTS_DECK-300x300.jpg\",\"contentUrl\":\"https:\\\/\\\/www.11onze.cat\\\/wp-content\\\/uploads\\\/2022\\\/05\\\/HEADER_AGENTS_DECK-300x300.jpg\",\"caption\":\"Equip Editorial\"},\"url\":\"https:\\\/\\\/www.11onze.cat\\\/en\\\/magazine\\\/author\\\/equip-editorial-11onze\\\/\"}]}<\/script>\n<!-- \/ Yoast SEO plugin. -->","yoast_head_json":{"title":"Christmas cooking with chef Adri\u00e0 Subirana - 11Onze","description":"In a new La Pla\u00e7a podcast, Adri\u00e0 Subirana, Executive Chef of Oyatsu Lab, and Gemma Vallet, Director of 11Onze District, explain how we can enjoy more balanced Christmas meals.","robots":{"index":"index","follow":"follow","max-snippet":"max-snippet:-1","max-image-preview":"max-image-preview:large","max-video-preview":"max-video-preview:-1"},"canonical":"https:\/\/www.11onze.cat\/en\/magazine\/christmas-cooking-chef-adria-subirana\/","og_locale":"en_US","og_type":"article","og_title":"Christmas cooking with chef Adri\u00e0 Subirana - 11Onze","og_description":"In a new La Pla\u00e7a podcast, Adri\u00e0 Subirana, Executive Chef of Oyatsu Lab, and Gemma Vallet, Director of 11Onze District, explain how we can enjoy more balanced Christmas meals.","og_url":"https:\/\/www.11onze.cat\/en\/magazine\/christmas-cooking-chef-adria-subirana\/","og_site_name":"11Onze Comunitat Fintech","article_publisher":"https:\/\/www.facebook.com\/11OnzeComunitat","article_published_time":"2022-12-21T20:00:00+00:00","og_image":[{"width":2560,"height":1440,"url":"https:\/\/www.11onze.cat\/wp-content\/uploads\/2022\/12\/VISUALS_PODCAST_RADIO_SHARE_IMAGE_PRESS-2-scaled.jpg","type":"image\/jpeg"}],"author":"Equip Editorial","twitter_card":"summary_large_image","twitter_title":"Christmas cooking with chef Adri\u00e0 Subirana - 11Onze","twitter_description":"In a new La Pla\u00e7a podcast, Adri\u00e0 Subirana, Executive Chef of Oyatsu Lab, and Gemma Vallet, Director of 11Onze District, explain how we can enjoy more balanced Christmas meals.","twitter_image":"https:\/\/www.11onze.cat\/wp-content\/uploads\/2022\/12\/VISUALS_PODCAST_RADIO_SHARE_IMAGE_PRESS-2-scaled.jpg","twitter_creator":"@11OnzeFintech","twitter_site":"@11OnzeFintech","twitter_misc":{"Written by":"Equip Editorial"},"schema":{"@context":"https:\/\/schema.org","@graph":[{"@type":"Article","@id":"https:\/\/www.11onze.cat\/en\/magazine\/christmas-cooking-chef-adria-subirana\/#article","isPartOf":{"@id":"https:\/\/www.11onze.cat\/en\/magazine\/christmas-cooking-chef-adria-subirana\/"},"author":{"name":"Equip Editorial","@id":"https:\/\/www.11onze.cat\/en\/#\/schema\/person\/636d99b4c82bb7178687ecd43c3a61bd"},"headline":"Christmas cooking with chef Adri\u00e0 Subirana","datePublished":"2022-12-21T20:00:00+00:00","mainEntityOfPage":{"@id":"https:\/\/www.11onze.cat\/en\/magazine\/christmas-cooking-chef-adria-subirana\/"},"wordCount":6,"commentCount":0,"publisher":{"@id":"https:\/\/www.11onze.cat\/en\/#organization"},"image":{"@id":"https:\/\/www.11onze.cat\/en\/magazine\/christmas-cooking-chef-adria-subirana\/#primaryimage"},"thumbnailUrl":"https:\/\/www.11onze.cat\/wp-content\/uploads\/2022\/12\/VISUALS_PODCAST_RADIO_THUMBNAIL_PSN_PRESS.jpg","keywords":["Sustainability"],"inLanguage":"en-US","potentialAction":[{"@type":"CommentAction","name":"Comment","target":["https:\/\/www.11onze.cat\/en\/magazine\/christmas-cooking-chef-adria-subirana\/#respond"]}]},{"@type":"WebPage","@id":"https:\/\/www.11onze.cat\/en\/magazine\/christmas-cooking-chef-adria-subirana\/","url":"https:\/\/www.11onze.cat\/en\/magazine\/christmas-cooking-chef-adria-subirana\/","name":"Christmas cooking with chef Adri\u00e0 Subirana - 11Onze","isPartOf":{"@id":"https:\/\/www.11onze.cat\/en\/#website"},"primaryImageOfPage":{"@id":"https:\/\/www.11onze.cat\/en\/magazine\/christmas-cooking-chef-adria-subirana\/#primaryimage"},"image":{"@id":"https:\/\/www.11onze.cat\/en\/magazine\/christmas-cooking-chef-adria-subirana\/#primaryimage"},"thumbnailUrl":"https:\/\/www.11onze.cat\/wp-content\/uploads\/2022\/12\/VISUALS_PODCAST_RADIO_THUMBNAIL_PSN_PRESS.jpg","datePublished":"2022-12-21T20:00:00+00:00","description":"In a new La Pla\u00e7a podcast, Adri\u00e0 Subirana, Executive Chef of Oyatsu Lab, and Gemma Vallet, Director of 11Onze District, explain how we can enjoy more balanced Christmas meals.","breadcrumb":{"@id":"https:\/\/www.11onze.cat\/en\/magazine\/christmas-cooking-chef-adria-subirana\/#breadcrumb"},"inLanguage":"en-US","potentialAction":[{"@type":"ReadAction","target":["https:\/\/www.11onze.cat\/en\/magazine\/christmas-cooking-chef-adria-subirana\/"]}]},{"@type":"ImageObject","inLanguage":"en-US","@id":"https:\/\/www.11onze.cat\/en\/magazine\/christmas-cooking-chef-adria-subirana\/#primaryimage","url":"https:\/\/www.11onze.cat\/wp-content\/uploads\/2022\/12\/VISUALS_PODCAST_RADIO_THUMBNAIL_PSN_PRESS.jpg","contentUrl":"https:\/\/www.11onze.cat\/wp-content\/uploads\/2022\/12\/VISUALS_PODCAST_RADIO_THUMBNAIL_PSN_PRESS.jpg","width":1564,"height":1051},{"@type":"BreadcrumbList","@id":"https:\/\/www.11onze.cat\/en\/magazine\/christmas-cooking-chef-adria-subirana\/#breadcrumb","itemListElement":[{"@type":"ListItem","position":1,"name":"Home","item":"https:\/\/www.11onze.cat\/en\/"},{"@type":"ListItem","position":2,"name":"Christmas cooking with chef Adri\u00e0 Subirana"}]},{"@type":"WebSite","@id":"https:\/\/www.11onze.cat\/en\/#website","url":"https:\/\/www.11onze.cat\/en\/","name":"11Onze Comunitat Fintech","description":"First digital fintech community in Catalonia","publisher":{"@id":"https:\/\/www.11onze.cat\/en\/#organization"},"potentialAction":[{"@type":"SearchAction","target":{"@type":"EntryPoint","urlTemplate":"https:\/\/www.11onze.cat\/en\/?s={search_term_string}"},"query-input":{"@type":"PropertyValueSpecification","valueRequired":true,"valueName":"search_term_string"}}],"inLanguage":"en-US"},{"@type":"Organization","@id":"https:\/\/www.11onze.cat\/en\/#organization","name":"11Onze Comunitat Fintech","url":"https:\/\/www.11onze.cat\/en\/","logo":{"@type":"ImageObject","inLanguage":"en-US","@id":"https:\/\/www.11onze.cat\/en\/#\/schema\/logo\/image\/","url":"https:\/\/www.11onze.cat\/wp-content\/uploads\/2021\/04\/512x512-11Onze.jpg","contentUrl":"https:\/\/www.11onze.cat\/wp-content\/uploads\/2021\/04\/512x512-11Onze.jpg","width":512,"height":512,"caption":"11Onze Comunitat Fintech"},"image":{"@id":"https:\/\/www.11onze.cat\/en\/#\/schema\/logo\/image\/"},"sameAs":["https:\/\/www.facebook.com\/11OnzeComunitat","https:\/\/x.com\/11OnzeFintech","https:\/\/www.instagram.com\/11onzecat\/","https:\/\/www.linkedin.com\/company\/11onzebanc","https:\/\/www.youtube.com\/channel\/UCz63R8Byd_kBKtK2M4Qf_7w"]},{"@type":"Person","@id":"https:\/\/www.11onze.cat\/en\/#\/schema\/person\/636d99b4c82bb7178687ecd43c3a61bd","name":"Equip Editorial","image":{"@type":"ImageObject","inLanguage":"en-US","@id":"https:\/\/www.11onze.cat\/wp-content\/uploads\/2022\/05\/HEADER_AGENTS_DECK-300x300.jpg","url":"https:\/\/www.11onze.cat\/wp-content\/uploads\/2022\/05\/HEADER_AGENTS_DECK-300x300.jpg","contentUrl":"https:\/\/www.11onze.cat\/wp-content\/uploads\/2022\/05\/HEADER_AGENTS_DECK-300x300.jpg","caption":"Equip Editorial"},"url":"https:\/\/www.11onze.cat\/en\/magazine\/author\/equip-editorial-11onze\/"}]}},"_links":{"self":[{"href":"https:\/\/www.11onze.cat\/en\/wp-json\/wp\/v2\/posts\/40860","targetHints":{"allow":["GET"]}}],"collection":[{"href":"https:\/\/www.11onze.cat\/en\/wp-json\/wp\/v2\/posts"}],"about":[{"href":"https:\/\/www.11onze.cat\/en\/wp-json\/wp\/v2\/types\/post"}],"author":[{"embeddable":true,"href":"https:\/\/www.11onze.cat\/en\/wp-json\/wp\/v2\/users\/71"}],"replies":[{"embeddable":true,"href":"https:\/\/www.11onze.cat\/en\/wp-json\/wp\/v2\/comments?post=40860"}],"version-history":[{"count":0,"href":"https:\/\/www.11onze.cat\/en\/wp-json\/wp\/v2\/posts\/40860\/revisions"}],"wp:featuredmedia":[{"embeddable":true,"href":"https:\/\/www.11onze.cat\/en\/wp-json\/wp\/v2\/media\/40845"}],"wp:attachment":[{"href":"https:\/\/www.11onze.cat\/en\/wp-json\/wp\/v2\/media?parent=40860"}],"wp:term":[{"taxonomy":"category","embeddable":true,"href":"https:\/\/www.11onze.cat\/en\/wp-json\/wp\/v2\/categories?post=40860"},{"taxonomy":"post_tag","embeddable":true,"href":"https:\/\/www.11onze.cat\/en\/wp-json\/wp\/v2\/tags?post=40860"}],"curies":[{"name":"wp","href":"https:\/\/api.w.org\/{rel}","templated":true}]}}