{"id":38588,"date":"2026-03-07T20:00:00","date_gmt":"2026-03-07T19:00:00","guid":{"rendered":"https:\/\/www.11onze.cat\/?p=38588"},"modified":"2026-03-06T16:34:21","modified_gmt":"2026-03-06T15:34:21","slug":"21st-century-feminism-continues","status":"publish","type":"post","link":"https:\/\/www.11onze.cat\/en\/magazine\/21st-century-feminism-continues\/","title":{"rendered":"21st-century feminism: the struggle continues"},"content":{"rendered":"<div class=\"component text\">\n  <div class=\"container\">\n\n\n    <div class=\"row\">\n      <div class=\"col  col-lg-8  offset-lg-2\">\n        <h3><b>Finalitzem el recorregut cronol\u00f2gic que ens ha apropat a la hist\u00f2ria de la reivindicaci\u00f3 del \u2018<\/b><b><i>jo femen\u00ed\u2019<\/i><\/b><b>, a trav\u00e9s de cinc dones que han marcat el curs de la hist\u00f2ria contempor\u00e0nia, escrita en femen\u00ed i des de casa nostra. Segles d&#8217;hist\u00f2ria que han donat peu a petites i grans vict\u00f2ries per a la normalitzaci\u00f3 d\u2019un punt de vista basat en pures convencions socials que poc tenen a veure amb la naturalesa humana. Ara, el feminisme al segle XXI continua al\u00e7ant la veu per una de les reivindicacions hist\u00f2riques m\u00e9s antigues: la igualtat entre dones i homes.<\/b><\/h3>\n<p>&nbsp;<\/p>\n<p><span style=\"font-weight: 400;\">Mirar enrere ens serveix per a comprovar que, malgrat que la hist\u00f2ria ha estat escrita per homes, les dones han tingut un paper clau. En tots els \u00e0mbits i des de totes les lluites. Protagonistes a l\u2019ombra de la hist\u00f2ria de la humanitat, on cada lluita i cada dret adquirit a favor del g\u00e8nere femen\u00ed s\u2019ha debatut de nou m\u00e9s endavant. Una hist\u00f2ria circular que ens evoca constantment i independentment del pa\u00eds o del moment a un mateix punt: tot el cam\u00ed recorregut ens ha perm\u00e8s avan\u00e7ar, en m\u00e9s o menys mesura, segons la societat i el prisma subjectiu amb el qual ho mirem. Un aven\u00e7, per\u00f2, insuficient. La lluita no s\u2019atura. La igualtat encara queda lluny per a les joves generacions.<\/span><\/p>\n<p>&nbsp;<\/p>\n<h3><b>La superioritat masculina i el #patriarcat<\/b><\/h3>\n<p><span style=\"font-weight: 400;\">La superioritat moral (i res m\u00e9s que moral) entre sexes, \u00e8tnies, cultures o classes socials no fa m\u00e9s que evidenciar un afany de control que, lluny de ser natural, neix de construccions socials basades en el poder, sovint vinculat als diners o directament a la for\u00e7a f\u00edsica. <\/span><b>Qualsevol raonament o comportament que neixi de la superioritat no podr\u00e0 ser considerat just i, per tant, no hauria de ser considerat feminista<\/b><span style=\"font-weight: 400;\">. L\u2019eternitzaci\u00f3 de la lluita feminista ens evoca a m\u00faltiples conclusions. En posem una sobre la taula: per continuar avan\u00e7ant, els homes han de prendre partit.<\/span><\/p>\n<p><span style=\"font-weight: 400;\">La hist\u00f2ria ha estat escrita per l\u2019home, el m\u00f3n ha estat liderat per l\u2019home i incl\u00fas les religions s\u00f3n altament masculines. Podem parlar de progr\u00e9s si encara comptem cada dona que per primera vegada accedeix a un lloc de poder? Si calen lleis per aconseguir paritat laboral? Si el cos de la dona, les decisions maternals o la forma de vestir es decideixen per homes arreu del m\u00f3n o si la viol\u00e8ncia masclista continua assassinant i violant a nenes, noies i dones al costat de casa nostra? Si tot aix\u00f2 \u00e9s el que constitueix el m\u00f3n actual en el qual vivim, canviar-ho ha de ser, sens dubte, una q\u00fcesti\u00f3 gen\u00e8rica. <\/span><b>No es pot redefinir el paper de la dona sense redefinir el de l\u2019home<\/b><span style=\"font-weight: 400;\">. I tot recau en l\u2019educaci\u00f3, que ha d\u2019allunyar-se del patriarcat, el terme que defineix l\u2019organitzaci\u00f3 social dominada per homes.<\/span><\/p>\n<p>&nbsp;<\/p>\n<h3><b>#NotAllMen, per\u00f2 s\u00ed totes les dones<\/b><\/h3>\n<p><span style=\"font-weight: 400;\">La meitat de la poblaci\u00f3 encara viu sota l\u2019estigma del sexe d\u00e8bil, sota el control del patriarcat i amb la certesa que, tot i no veure\u2019s directament afectada una mateixa o les dones del meu entorn, mirant a banda i banda <\/span><b>tothom t\u00e9 alguna hist\u00f2ria propera que evidencia tota la feina que queda per a fer<\/b><span style=\"font-weight: 400;\">. Al llarg de la hist\u00f2ria, el feminisme ha passat per diversos estadis que, seguint el context de cada moment, han implicat un tipus de lluita o altra, basada en ideals conservadors, liberals o reivindicatius. S\u00f3n moltes les dones a les quals podr\u00edem posar cara i de les quals podem explicar la hist\u00f2ria. Algunes d\u2019elles han fet grans aven\u00e7os per a les dones, altres simplement van aplanar el cam\u00ed amb idees, obres o obrint portes que fins aleshores restaven tancades.<\/span><\/p>\n<p><span style=\"font-weight: 400;\">El feminisme, ent\u00e8s com la recerca d\u2019igualtat entre homes i dones, t\u00e9 tantes interpretacions, corrents o significats com persones en parlin. Interpretacions que varien segons l\u2019educaci\u00f3 rebuda, la tradici\u00f3 familiar o els comportaments que cadasc\u00fa ha vist a casa seva. \u00c9s comprensible, doncs, que apareguin pensaments com ara que les dones feministes s\u00f3n unes \u201cexagerades\u201d, que \u201cno existeixen desigualtats avui en dia\u201d o que la vida s\u2019ha de viure \u201ctal com s\u2019ha fet tota la vida\u201d, justificant que les tradicions, per m\u00e9s mis\u00f2gines que siguin, s\u2019han de respectar abans que canviar-les per aconseguir paritat. Davant aquesta realitat, amb m\u00e9s \u00e8mfasi cal recalcar que el feminisme ha de partir del respecte, la base a partir de la qual s\u2019aspirar\u00e0 a la llibertat. <\/span><b>Pot ser lliure qui viu amb la mirada posada en els altres?<\/b><\/p>\n<p>&nbsp;<\/p>\n<h3><b>De l\u2019alliberament a la normalitzaci\u00f3 sexual #lovewins<\/b><\/h3>\n<p><span style=\"font-weight: 400;\">S\u00f3n moltes les societats que han acceptat que l\u2019orientaci\u00f3 sexual no ha de ser motiu d\u2019odi, i molt menys d\u2019agressions o sent\u00e8ncies legals. Es normalitza la llibertat sexual i es deixen enrere alguns estigmes vinculats a la sexualitat, especialment entre les generacions joves i en els pa\u00efsos occidentals. <\/span><b>Una<\/b> <b>desestigmatitzaci\u00f3 que neix en la consci\u00e8ncia sobre el propi cos, la llibertat de decisi\u00f3, i el respecte cap a altres ideologies<\/b><span style=\"font-weight: 400;\">. Tamb\u00e9 en la construcci\u00f3 de parelles proliferen corrents com el poliamor o les relacions obertes, que m\u00e9s enll\u00e0 de l\u2019anhel propi de qualsevol generaci\u00f3 de joves per a descobrir-se, provar coses noves i viure experi\u00e8ncies, tamb\u00e9 evidencia i atorga esperan\u00e7a davant un futur que es pronostica com a respectu\u00f3s i de mentalitat oberta. Judicis morals, els m\u00ednims. Llibertat i respecte per sobre de tot.<\/span><\/p>\n<p><span style=\"font-weight: 400;\">Una vegada m\u00e9s, i lamentablement, no hi ha cap situaci\u00f3 o context lliure d\u2019agressions per part de persones que per sexe o orientaci\u00f3 sexual se senten amb superioritat respecte a qui \u00e9s diferent. L\u2019orientaci\u00f3 sexual encara \u00e9s motiu d\u2019agressions, i no s\u2019aturen tampoc les relacions amoroses conservadores i amb rols de g\u00e8nere marcats per la pres\u00e8ncia masculina. Tampoc s\u2019aturen les relacions for\u00e7ades, la viol\u00e8ncia f\u00edsica, mental i sexual cap a les dones, la sexualitzaci\u00f3 del cos femen\u00ed o el judici social i individual cap a les dones per gaudir d\u2019una sexualitat plena i fonamentada amb la seva llibertat. <\/span><b>Llibertat, per\u00f2, que la societat s\u2019esfor\u00e7a a remarcar que \u00e9s limitada<\/b><span style=\"font-weight: 400;\">, sempre dins de c\u00e0nons socials, est\u00e0ndards i subjecte a m\u00faltiples cr\u00edtiques als ulls del m\u00f3n. Potser per aquest motiu, perqu\u00e8 l\u2019aven\u00e7 mai \u00e9s suficient ni generalitzat, la lluita feminista constantment comparteix espai amb la lluita d\u2019altres minories o col\u00b7lectius en recerca de la llibertat que per naturalesa hauria de ser adjudicada.<\/span><\/p>\n<p>&nbsp;<\/p>\n<h3><b>La lluita ser\u00e0 compartida o no ser\u00e0 #MeToo<\/b><\/h3>\n<p><span style=\"font-weight: 400;\">La realitat de moviments com el #MeToo corrobora que en el moment que una dona al\u00e7a la veu per a fer una den\u00fancia, n\u2019apareixen milers al seu costat que han viscut el mateix i, sigui per desconeixement, per por, o pel sentiment de normalitat davant d\u2019actituds que no haurien de ser-ho, han preferit callar durant anys. Aix\u00f2 \u00e9s perqu\u00e8, <\/span><b>quin tipus de normalitat pot ser viure en ple segle XXI, on prevalen uns minuts de satisfacci\u00f3 sexual d\u2019un home davant la vida d\u2019una dona?<\/b><span style=\"font-weight: 400;\"> S\u00f3n moltes les batalles guanyades, els aven\u00e7os i els escenaris on s\u2019est\u00e0 assolint la paritat. S\u00f3n molts els homes que han estat educats i eduquen des d\u2019aquest prisma del respecte, independentment del sexe o l\u2019orientaci\u00f3 sexual, i tamb\u00e9 cada vegada s\u00f3n m\u00e9s els joves que creixen sense l\u2019estigma del patriarcat de base i les joves que identifiquen i denuncien qualsevol situaci\u00f3 que va en contra de la seva llibertat.<\/span><\/p>\n<p><span style=\"font-weight: 400;\">De totes les coses positives que podr\u00edem llistar i sentir-nos orgulloses, principalment per respecte a totes les que han dedicat la seva vida a la causa i fins i tot l\u2019han perdut, n\u2019hi ha una que ressalta per damunt de totes: la lluita per la vida. <\/span><b>En el moment que desaparegui la superioritat moral que sentencia vides a canvi d\u2019ideals arreu del m\u00f3n, el feminisme podr\u00e0 fer el pas definitiu per a comen\u00e7ar a parlar de llibertat.<\/b><\/p>\n<p>&nbsp;<\/p>\n<p><b>11Onze \u00e9s la fintech comunit\u00e0ria de Catalunya. Obre un compte descarregant l&#8217;app El Canut per <\/b><a href=\"https:\/\/play.google.com\/store\/apps\/details?id=com.e11onze.app&amp;utm_source=emailing&amp;utm_campaign=CANUT+launch\" target=\"_blank\" rel=\"noopener\"><b>Android<\/b><\/a><b> o <\/b><a href=\"https:\/\/apps.apple.com\/us\/app\/11onze\/id1566129237?utm_campaign=El+Canut\" target=\"_blank\" rel=\"noopener\"><b>iOS<\/b><\/a><b>. Uneix-te a la revoluci\u00f3!<\/b><\/p>\n\n      <\/div>\n    <\/div>\n  <\/div>\n<\/div>\n<div class=\"component cards\">\n  <div class=\"container\">\n    <div class=\"row\">\n      <div class=\"col col-xl-8 offset-xl-2\">\n        <h1>Si t&#8217;ha agradat aquesta not\u00edcia, et recomanem:<\/h1>\n        <div class=\"cards__wrapper\">\n          <div class=\"card\">\n            <a href=\"https:\/\/www.11onze.cat\/magazine\/feminisme-conservador-francesca-bonnemaison\/\" class=\"card-link\" target=\"_self\"><\/a>\n            <div class=\"card-img\">\n              <img decoding=\"async\" src=\"https:\/\/www.11onze.cat\/wp-content\/uploads\/2022\/06\/THUMBNAIL_BONEMAISON.jpg\" class=\"card-img-top\" alt=\"\">\n                <span class=\"card-category\">Cultura<\/span>\n            <\/div>\n            <div class=\"card-body\">\n              <p class=\"card-title p2\"><strong>Francesca Bonnemaison<\/strong><\/p>\n              <span class=\"card-time\">7 min read<\/span>\n              <p class=\"card-text small\">Emprenem un recorregut per la hist\u00f2ria amb el primer de sis articles sobre la lluita de la dona<\/p>\n            <\/div>\n          <\/div>\n\n\n          <div class=\"card\">\n            <a href=\"https:\/\/www.11onze.cat\/magazine\/feminisme-progressista-carme-karr\/\" class=\"card-link\" target=\"_self\"><\/a>\n            <div class=\"card-img\">\n              <img decoding=\"async\" src=\"https:\/\/www.11onze.cat\/wp-content\/uploads\/2022\/06\/THUMBNAIL_CARME_KARR.jpg\" class=\"card-img-top\" alt=\"\">\n                <span class=\"card-category\">Cultura<\/span>\n            <\/div>\n            <div class=\"card-body\">\n              <p class=\"card-title p2\"><strong>Carme Karr<\/strong><\/p>\n              <span class=\"card-time\">7 min read<\/span>\n              <p class=\"card-text small\">De la m\u00e0 de l\u2019agent d\u201911Onze i historiador Oriol Garcia Farr\u00e9, prosseguim amb<\/p>\n            <\/div>\n          <\/div>\n\n\n          <div class=\"card\">\n            <a href=\"https:\/\/www.11onze.cat\/magazine\/maria-aurelia-capmany-dret-emancipacio\/\" class=\"card-link\" target=\"_self\"><\/a>\n            <div class=\"card-img\">\n              <img decoding=\"async\" src=\"https:\/\/www.11onze.cat\/wp-content\/uploads\/2022\/07\/HEROIMAGE_CAPMANY-800x576.jpg\" class=\"card-img-top\" alt=\"\">\n                <span class=\"card-category\">Cultura<\/span>\n            <\/div>\n            <div class=\"card-body\">\n              <p class=\"card-title p2\"><strong>Maria Aur\u00e8lia Capmany<\/strong><\/p>\n              <span class=\"card-time\">7 min read<\/span>\n              <p class=\"card-text small\">Una llarga nit, freda i decadent, es va estendre per tota la geografia espanyola durant<\/p>\n            <\/div>\n          <\/div>\n\n              <\/div>\n              <br>\n              <br>\n              <div class=\"cards__wrapper\">\n\n        <\/div>\n      <\/div>\n    <\/div>\n  <\/div>\n<\/div>","protected":false},"excerpt":{"rendered":"","protected":false},"author":71,"featured_media":38583,"comment_status":"open","ping_status":"closed","sticky":false,"template":"","format":"standard","meta":{"_acf_changed":false,"content-type":"","footnotes":""},"categories":[1],"tags":[18,178],"class_list":["post-38588","post","type-post","status-publish","format-standard","has-post-thumbnail","hentry","category-uncategorized","tag-community","tag-cultue"],"acf":[],"yoast_head":"<!-- This site is optimized with the Yoast SEO plugin v27.5 - https:\/\/yoast.com\/product\/yoast-seo-wordpress\/ -->\n<title>21st-century feminism: the struggle continues - 11Onze<\/title>\n<meta name=\"description\" content=\"We conclude our series of articles on the history of feminism with an analysis of this movement in the contemporary context of the 21st century.\" \/>\n<meta name=\"robots\" content=\"index, follow, max-snippet:-1, max-image-preview:large, max-video-preview:-1\" \/>\n<link rel=\"canonical\" href=\"https:\/\/www.11onze.cat\/en\/magazine\/21st-century-feminism-continues\/\" \/>\n<meta property=\"og:locale\" content=\"en_US\" \/>\n<meta property=\"og:type\" content=\"article\" \/>\n<meta property=\"og:title\" content=\"21st-century feminism: the struggle continues - 11Onze\" \/>\n<meta property=\"og:description\" content=\"We conclude our series of articles on the history of feminism with an analysis of this movement in the contemporary context of the 21st century.\" \/>\n<meta property=\"og:url\" content=\"https:\/\/www.11onze.cat\/en\/magazine\/21st-century-feminism-continues\/\" \/>\n<meta property=\"og:site_name\" content=\"11Onze Comunitat Fintech\" \/>\n<meta property=\"article:publisher\" content=\"https:\/\/www.facebook.com\/11OnzeComunitat\" \/>\n<meta property=\"article:published_time\" content=\"2026-03-07T19:00:00+00:00\" \/>\n<meta property=\"og:image\" content=\"https:\/\/www.11onze.cat\/wp-content\/uploads\/2022\/10\/11ONZE_FEMINISME_XXI.jpg\" \/>\n\t<meta property=\"og:image:width\" content=\"1200\" \/>\n\t<meta property=\"og:image:height\" content=\"675\" \/>\n\t<meta property=\"og:image:type\" content=\"image\/jpeg\" \/>\n<meta name=\"author\" content=\"Equip Editorial\" \/>\n<meta name=\"twitter:card\" content=\"summary_large_image\" \/>\n<meta name=\"twitter:title\" content=\"21st-century feminism: the struggle continues - 11Onze\" \/>\n<meta name=\"twitter:description\" content=\"We conclude our series of articles on the history of feminism with an analysis of this movement in the contemporary context of the 21st century.\" \/>\n<meta name=\"twitter:image\" content=\"https:\/\/www.11onze.cat\/wp-content\/uploads\/2022\/10\/11ONZE_FEMINISME_XXI.jpg\" \/>\n<meta name=\"twitter:creator\" content=\"@11OnzeFintech\" \/>\n<meta name=\"twitter:site\" content=\"@11OnzeFintech\" \/>\n<meta name=\"twitter:label1\" content=\"Written by\" \/>\n\t<meta name=\"twitter:data1\" content=\"Equip Editorial\" \/>\n\t<meta name=\"twitter:label2\" content=\"Est. reading time\" \/>\n\t<meta name=\"twitter:data2\" content=\"1 minute\" \/>\n<script type=\"application\/ld+json\" class=\"yoast-schema-graph\">{\"@context\":\"https:\\\/\\\/schema.org\",\"@graph\":[{\"@type\":\"Article\",\"@id\":\"https:\\\/\\\/www.11onze.cat\\\/en\\\/magazine\\\/21st-century-feminism-continues\\\/#article\",\"isPartOf\":{\"@id\":\"https:\\\/\\\/www.11onze.cat\\\/en\\\/magazine\\\/21st-century-feminism-continues\\\/\"},\"author\":{\"name\":\"Equip Editorial\",\"@id\":\"https:\\\/\\\/www.11onze.cat\\\/en\\\/#\\\/schema\\\/person\\\/636d99b4c82bb7178687ecd43c3a61bd\"},\"headline\":\"21st-century feminism: the struggle continues\",\"datePublished\":\"2026-03-07T19:00:00+00:00\",\"mainEntityOfPage\":{\"@id\":\"https:\\\/\\\/www.11onze.cat\\\/en\\\/magazine\\\/21st-century-feminism-continues\\\/\"},\"wordCount\":5,\"commentCount\":0,\"publisher\":{\"@id\":\"https:\\\/\\\/www.11onze.cat\\\/en\\\/#organization\"},\"image\":{\"@id\":\"https:\\\/\\\/www.11onze.cat\\\/en\\\/magazine\\\/21st-century-feminism-continues\\\/#primaryimage\"},\"thumbnailUrl\":\"https:\\\/\\\/www.11onze.cat\\\/wp-content\\\/uploads\\\/2022\\\/10\\\/THUMBNAIL_FEMINISME_XXI.jpg\",\"keywords\":[\"Community\",\"Culture\"],\"inLanguage\":\"en-US\",\"potentialAction\":[{\"@type\":\"CommentAction\",\"name\":\"Comment\",\"target\":[\"https:\\\/\\\/www.11onze.cat\\\/en\\\/magazine\\\/21st-century-feminism-continues\\\/#respond\"]}]},{\"@type\":\"WebPage\",\"@id\":\"https:\\\/\\\/www.11onze.cat\\\/en\\\/magazine\\\/21st-century-feminism-continues\\\/\",\"url\":\"https:\\\/\\\/www.11onze.cat\\\/en\\\/magazine\\\/21st-century-feminism-continues\\\/\",\"name\":\"21st-century feminism: the struggle continues - 11Onze\",\"isPartOf\":{\"@id\":\"https:\\\/\\\/www.11onze.cat\\\/en\\\/#website\"},\"primaryImageOfPage\":{\"@id\":\"https:\\\/\\\/www.11onze.cat\\\/en\\\/magazine\\\/21st-century-feminism-continues\\\/#primaryimage\"},\"image\":{\"@id\":\"https:\\\/\\\/www.11onze.cat\\\/en\\\/magazine\\\/21st-century-feminism-continues\\\/#primaryimage\"},\"thumbnailUrl\":\"https:\\\/\\\/www.11onze.cat\\\/wp-content\\\/uploads\\\/2022\\\/10\\\/THUMBNAIL_FEMINISME_XXI.jpg\",\"datePublished\":\"2026-03-07T19:00:00+00:00\",\"description\":\"We conclude our series of articles on the history of feminism with an analysis of this movement in the contemporary context of the 21st century.\",\"breadcrumb\":{\"@id\":\"https:\\\/\\\/www.11onze.cat\\\/en\\\/magazine\\\/21st-century-feminism-continues\\\/#breadcrumb\"},\"inLanguage\":\"en-US\",\"potentialAction\":[{\"@type\":\"ReadAction\",\"target\":[\"https:\\\/\\\/www.11onze.cat\\\/en\\\/magazine\\\/21st-century-feminism-continues\\\/\"]}]},{\"@type\":\"ImageObject\",\"inLanguage\":\"en-US\",\"@id\":\"https:\\\/\\\/www.11onze.cat\\\/en\\\/magazine\\\/21st-century-feminism-continues\\\/#primaryimage\",\"url\":\"https:\\\/\\\/www.11onze.cat\\\/wp-content\\\/uploads\\\/2022\\\/10\\\/THUMBNAIL_FEMINISME_XXI.jpg\",\"contentUrl\":\"https:\\\/\\\/www.11onze.cat\\\/wp-content\\\/uploads\\\/2022\\\/10\\\/THUMBNAIL_FEMINISME_XXI.jpg\",\"width\":750,\"height\":504},{\"@type\":\"BreadcrumbList\",\"@id\":\"https:\\\/\\\/www.11onze.cat\\\/en\\\/magazine\\\/21st-century-feminism-continues\\\/#breadcrumb\",\"itemListElement\":[{\"@type\":\"ListItem\",\"position\":1,\"name\":\"Home\",\"item\":\"https:\\\/\\\/www.11onze.cat\\\/en\\\/\"},{\"@type\":\"ListItem\",\"position\":2,\"name\":\"21st-century feminism: the struggle continues\"}]},{\"@type\":\"WebSite\",\"@id\":\"https:\\\/\\\/www.11onze.cat\\\/en\\\/#website\",\"url\":\"https:\\\/\\\/www.11onze.cat\\\/en\\\/\",\"name\":\"11Onze Comunitat Fintech\",\"description\":\"First digital fintech community in Catalonia\",\"publisher\":{\"@id\":\"https:\\\/\\\/www.11onze.cat\\\/en\\\/#organization\"},\"potentialAction\":[{\"@type\":\"SearchAction\",\"target\":{\"@type\":\"EntryPoint\",\"urlTemplate\":\"https:\\\/\\\/www.11onze.cat\\\/en\\\/?s={search_term_string}\"},\"query-input\":{\"@type\":\"PropertyValueSpecification\",\"valueRequired\":true,\"valueName\":\"search_term_string\"}}],\"inLanguage\":\"en-US\"},{\"@type\":\"Organization\",\"@id\":\"https:\\\/\\\/www.11onze.cat\\\/en\\\/#organization\",\"name\":\"11Onze Comunitat Fintech\",\"url\":\"https:\\\/\\\/www.11onze.cat\\\/en\\\/\",\"logo\":{\"@type\":\"ImageObject\",\"inLanguage\":\"en-US\",\"@id\":\"https:\\\/\\\/www.11onze.cat\\\/en\\\/#\\\/schema\\\/logo\\\/image\\\/\",\"url\":\"https:\\\/\\\/www.11onze.cat\\\/wp-content\\\/uploads\\\/2021\\\/04\\\/512x512-11Onze.jpg\",\"contentUrl\":\"https:\\\/\\\/www.11onze.cat\\\/wp-content\\\/uploads\\\/2021\\\/04\\\/512x512-11Onze.jpg\",\"width\":512,\"height\":512,\"caption\":\"11Onze Comunitat Fintech\"},\"image\":{\"@id\":\"https:\\\/\\\/www.11onze.cat\\\/en\\\/#\\\/schema\\\/logo\\\/image\\\/\"},\"sameAs\":[\"https:\\\/\\\/www.facebook.com\\\/11OnzeComunitat\",\"https:\\\/\\\/x.com\\\/11OnzeFintech\",\"https:\\\/\\\/www.instagram.com\\\/11onzecat\\\/\",\"https:\\\/\\\/www.linkedin.com\\\/company\\\/11onzebanc\",\"https:\\\/\\\/www.youtube.com\\\/channel\\\/UCz63R8Byd_kBKtK2M4Qf_7w\"]},{\"@type\":\"Person\",\"@id\":\"https:\\\/\\\/www.11onze.cat\\\/en\\\/#\\\/schema\\\/person\\\/636d99b4c82bb7178687ecd43c3a61bd\",\"name\":\"Equip Editorial\",\"image\":{\"@type\":\"ImageObject\",\"inLanguage\":\"en-US\",\"@id\":\"https:\\\/\\\/www.11onze.cat\\\/wp-content\\\/uploads\\\/2022\\\/05\\\/HEADER_AGENTS_DECK-300x300.jpg\",\"url\":\"https:\\\/\\\/www.11onze.cat\\\/wp-content\\\/uploads\\\/2022\\\/05\\\/HEADER_AGENTS_DECK-300x300.jpg\",\"contentUrl\":\"https:\\\/\\\/www.11onze.cat\\\/wp-content\\\/uploads\\\/2022\\\/05\\\/HEADER_AGENTS_DECK-300x300.jpg\",\"caption\":\"Equip Editorial\"},\"url\":\"https:\\\/\\\/www.11onze.cat\\\/en\\\/magazine\\\/author\\\/equip-editorial-11onze\\\/\"}]}<\/script>\n<!-- \/ Yoast SEO plugin. -->","yoast_head_json":{"title":"21st-century feminism: the struggle continues - 11Onze","description":"We conclude our series of articles on the history of feminism with an analysis of this movement in the contemporary context of the 21st century.","robots":{"index":"index","follow":"follow","max-snippet":"max-snippet:-1","max-image-preview":"max-image-preview:large","max-video-preview":"max-video-preview:-1"},"canonical":"https:\/\/www.11onze.cat\/en\/magazine\/21st-century-feminism-continues\/","og_locale":"en_US","og_type":"article","og_title":"21st-century feminism: the struggle continues - 11Onze","og_description":"We conclude our series of articles on the history of feminism with an analysis of this movement in the contemporary context of the 21st century.","og_url":"https:\/\/www.11onze.cat\/en\/magazine\/21st-century-feminism-continues\/","og_site_name":"11Onze Comunitat Fintech","article_publisher":"https:\/\/www.facebook.com\/11OnzeComunitat","article_published_time":"2026-03-07T19:00:00+00:00","og_image":[{"width":1200,"height":675,"url":"https:\/\/www.11onze.cat\/wp-content\/uploads\/2022\/10\/11ONZE_FEMINISME_XXI.jpg","type":"image\/jpeg"}],"author":"Equip Editorial","twitter_card":"summary_large_image","twitter_title":"21st-century feminism: the struggle continues - 11Onze","twitter_description":"We conclude our series of articles on the history of feminism with an analysis of this movement in the contemporary context of the 21st century.","twitter_image":"https:\/\/www.11onze.cat\/wp-content\/uploads\/2022\/10\/11ONZE_FEMINISME_XXI.jpg","twitter_creator":"@11OnzeFintech","twitter_site":"@11OnzeFintech","twitter_misc":{"Written by":"Equip Editorial","Est. reading time":"1 minute"},"schema":{"@context":"https:\/\/schema.org","@graph":[{"@type":"Article","@id":"https:\/\/www.11onze.cat\/en\/magazine\/21st-century-feminism-continues\/#article","isPartOf":{"@id":"https:\/\/www.11onze.cat\/en\/magazine\/21st-century-feminism-continues\/"},"author":{"name":"Equip Editorial","@id":"https:\/\/www.11onze.cat\/en\/#\/schema\/person\/636d99b4c82bb7178687ecd43c3a61bd"},"headline":"21st-century feminism: the struggle continues","datePublished":"2026-03-07T19:00:00+00:00","mainEntityOfPage":{"@id":"https:\/\/www.11onze.cat\/en\/magazine\/21st-century-feminism-continues\/"},"wordCount":5,"commentCount":0,"publisher":{"@id":"https:\/\/www.11onze.cat\/en\/#organization"},"image":{"@id":"https:\/\/www.11onze.cat\/en\/magazine\/21st-century-feminism-continues\/#primaryimage"},"thumbnailUrl":"https:\/\/www.11onze.cat\/wp-content\/uploads\/2022\/10\/THUMBNAIL_FEMINISME_XXI.jpg","keywords":["Community","Culture"],"inLanguage":"en-US","potentialAction":[{"@type":"CommentAction","name":"Comment","target":["https:\/\/www.11onze.cat\/en\/magazine\/21st-century-feminism-continues\/#respond"]}]},{"@type":"WebPage","@id":"https:\/\/www.11onze.cat\/en\/magazine\/21st-century-feminism-continues\/","url":"https:\/\/www.11onze.cat\/en\/magazine\/21st-century-feminism-continues\/","name":"21st-century feminism: the struggle continues - 11Onze","isPartOf":{"@id":"https:\/\/www.11onze.cat\/en\/#website"},"primaryImageOfPage":{"@id":"https:\/\/www.11onze.cat\/en\/magazine\/21st-century-feminism-continues\/#primaryimage"},"image":{"@id":"https:\/\/www.11onze.cat\/en\/magazine\/21st-century-feminism-continues\/#primaryimage"},"thumbnailUrl":"https:\/\/www.11onze.cat\/wp-content\/uploads\/2022\/10\/THUMBNAIL_FEMINISME_XXI.jpg","datePublished":"2026-03-07T19:00:00+00:00","description":"We conclude our series of articles on the history of feminism with an analysis of this movement in the contemporary context of the 21st century.","breadcrumb":{"@id":"https:\/\/www.11onze.cat\/en\/magazine\/21st-century-feminism-continues\/#breadcrumb"},"inLanguage":"en-US","potentialAction":[{"@type":"ReadAction","target":["https:\/\/www.11onze.cat\/en\/magazine\/21st-century-feminism-continues\/"]}]},{"@type":"ImageObject","inLanguage":"en-US","@id":"https:\/\/www.11onze.cat\/en\/magazine\/21st-century-feminism-continues\/#primaryimage","url":"https:\/\/www.11onze.cat\/wp-content\/uploads\/2022\/10\/THUMBNAIL_FEMINISME_XXI.jpg","contentUrl":"https:\/\/www.11onze.cat\/wp-content\/uploads\/2022\/10\/THUMBNAIL_FEMINISME_XXI.jpg","width":750,"height":504},{"@type":"BreadcrumbList","@id":"https:\/\/www.11onze.cat\/en\/magazine\/21st-century-feminism-continues\/#breadcrumb","itemListElement":[{"@type":"ListItem","position":1,"name":"Home","item":"https:\/\/www.11onze.cat\/en\/"},{"@type":"ListItem","position":2,"name":"21st-century feminism: the struggle continues"}]},{"@type":"WebSite","@id":"https:\/\/www.11onze.cat\/en\/#website","url":"https:\/\/www.11onze.cat\/en\/","name":"11Onze Comunitat Fintech","description":"First digital fintech community in Catalonia","publisher":{"@id":"https:\/\/www.11onze.cat\/en\/#organization"},"potentialAction":[{"@type":"SearchAction","target":{"@type":"EntryPoint","urlTemplate":"https:\/\/www.11onze.cat\/en\/?s={search_term_string}"},"query-input":{"@type":"PropertyValueSpecification","valueRequired":true,"valueName":"search_term_string"}}],"inLanguage":"en-US"},{"@type":"Organization","@id":"https:\/\/www.11onze.cat\/en\/#organization","name":"11Onze Comunitat Fintech","url":"https:\/\/www.11onze.cat\/en\/","logo":{"@type":"ImageObject","inLanguage":"en-US","@id":"https:\/\/www.11onze.cat\/en\/#\/schema\/logo\/image\/","url":"https:\/\/www.11onze.cat\/wp-content\/uploads\/2021\/04\/512x512-11Onze.jpg","contentUrl":"https:\/\/www.11onze.cat\/wp-content\/uploads\/2021\/04\/512x512-11Onze.jpg","width":512,"height":512,"caption":"11Onze Comunitat Fintech"},"image":{"@id":"https:\/\/www.11onze.cat\/en\/#\/schema\/logo\/image\/"},"sameAs":["https:\/\/www.facebook.com\/11OnzeComunitat","https:\/\/x.com\/11OnzeFintech","https:\/\/www.instagram.com\/11onzecat\/","https:\/\/www.linkedin.com\/company\/11onzebanc","https:\/\/www.youtube.com\/channel\/UCz63R8Byd_kBKtK2M4Qf_7w"]},{"@type":"Person","@id":"https:\/\/www.11onze.cat\/en\/#\/schema\/person\/636d99b4c82bb7178687ecd43c3a61bd","name":"Equip Editorial","image":{"@type":"ImageObject","inLanguage":"en-US","@id":"https:\/\/www.11onze.cat\/wp-content\/uploads\/2022\/05\/HEADER_AGENTS_DECK-300x300.jpg","url":"https:\/\/www.11onze.cat\/wp-content\/uploads\/2022\/05\/HEADER_AGENTS_DECK-300x300.jpg","contentUrl":"https:\/\/www.11onze.cat\/wp-content\/uploads\/2022\/05\/HEADER_AGENTS_DECK-300x300.jpg","caption":"Equip Editorial"},"url":"https:\/\/www.11onze.cat\/en\/magazine\/author\/equip-editorial-11onze\/"}]}},"_links":{"self":[{"href":"https:\/\/www.11onze.cat\/en\/wp-json\/wp\/v2\/posts\/38588","targetHints":{"allow":["GET"]}}],"collection":[{"href":"https:\/\/www.11onze.cat\/en\/wp-json\/wp\/v2\/posts"}],"about":[{"href":"https:\/\/www.11onze.cat\/en\/wp-json\/wp\/v2\/types\/post"}],"author":[{"embeddable":true,"href":"https:\/\/www.11onze.cat\/en\/wp-json\/wp\/v2\/users\/71"}],"replies":[{"embeddable":true,"href":"https:\/\/www.11onze.cat\/en\/wp-json\/wp\/v2\/comments?post=38588"}],"version-history":[{"count":0,"href":"https:\/\/www.11onze.cat\/en\/wp-json\/wp\/v2\/posts\/38588\/revisions"}],"wp:featuredmedia":[{"embeddable":true,"href":"https:\/\/www.11onze.cat\/en\/wp-json\/wp\/v2\/media\/38583"}],"wp:attachment":[{"href":"https:\/\/www.11onze.cat\/en\/wp-json\/wp\/v2\/media?parent=38588"}],"wp:term":[{"taxonomy":"category","embeddable":true,"href":"https:\/\/www.11onze.cat\/en\/wp-json\/wp\/v2\/categories?post=38588"},{"taxonomy":"post_tag","embeddable":true,"href":"https:\/\/www.11onze.cat\/en\/wp-json\/wp\/v2\/tags?post=38588"}],"curies":[{"name":"wp","href":"https:\/\/api.w.org\/{rel}","templated":true}]}}